{"id":74842,"date":"2026-01-27T00:00:05","date_gmt":"2026-01-27T03:00:05","guid":{"rendered":"https:\/\/maxradio923.com.ar\/index.php\/2026\/01\/27\/yanina-latorre-revelo-la-interna-que-existiria-entre-chechu-bonelli-y-facundo-pieres-con-sus-ex-para-que-salen-estos-dos\/"},"modified":"2026-01-27T00:00:05","modified_gmt":"2026-01-27T03:00:05","slug":"yanina-latorre-revelo-la-interna-que-existiria-entre-chechu-bonelli-y-facundo-pieres-con-sus-ex-para-que-salen-estos-dos","status":"publish","type":"post","link":"https:\/\/maxradio923.com.ar\/index.php\/2026\/01\/27\/yanina-latorre-revelo-la-interna-que-existiria-entre-chechu-bonelli-y-facundo-pieres-con-sus-ex-para-que-salen-estos-dos\/","title":{"rendered":"Yanina Latorre revel\u00f3 la interna que existir\u00eda entre Chechu Bonelli y Facundo Pieres con sus ex: \u201cPara qu\u00e9 salen estos dos\u201d"},"content":{"rendered":"<p><\/p>\n<h2 class=\"article-subheadline text_align_left\">La conductora de SQP habl\u00f3 de c\u00f3mo el cierre de las historias de la modelo y el polista con sus exparejas, Dar\u00edo Cvitanich y Zaira Nara, respectivamente, ser\u00eda un inconveniente en la pareja que se estar\u00eda formando<\/h2>\n<p><\/p>\n<p class=\"paragraph\">Las apariciones de <b>Chechu Bonelli<\/b> y <b>Facundo Pieres<\/b> en Punta del Este reactivaron los rumores sobre un posible romance, a pesar de las declaraciones p\u00fablicas de la modelo y periodista que niegan cualquier relaci\u00f3n sentimental. La pol\u00e9mica gan\u00f3 fuerza cuando tanto <b>Yanina Latorre<\/b> como <b>Majo Martino<\/b> aportaron informaci\u00f3n que sugiere una red de v\u00ednculos pendientes, donde los lazos con los ex de ambos protagonistas siguen vigentes.<\/p>\n<p><\/p>\n<p class=\"paragraph\">En este contexto, se recuerda que Bonelli y Pieres tienen un pasado en com\u00fan: ambos se conocen desde j\u00f3venes y, seg\u00fan se revel\u00f3, mantuvieron un romance a\u00f1os atr\u00e1s, cuando eran solteros. El resurgimiento del v\u00ednculo, junto a la presencia de los respectivos ex y nuevas parejas, suma un componente adicional de intriga a la historia.<\/p>\n<p><\/p>\n<p class=\"paragraph\">La log\u00edstica de la vida familiar de Chechu Bonelli tambi\u00e9n se vio atravesada por las tensiones del momento. Seg\u00fan Yanina, durante la organizaci\u00f3n de un viaje personal, ella solicit\u00f3 a <b>Cvitanich<\/b> un cambio en los d\u00edas de custodia de sus hijas. La respuesta del exfutbolista incluy\u00f3 una condici\u00f3n: acceder\u00eda al pedido solo si Bonelli dejaba de criticar a Ivana Figueiras. Esta negociaci\u00f3n refleja la dificultad de separar los asuntos personales de las responsabilidades parentales.<\/p>\n<p><\/p>\n<p class=\"paragraph\">Bonelli, en respuesta, defendi\u00f3 su rol materno y relativiz\u00f3 la importancia de las dem\u00e1s cuestiones, argumentando que <b>\u201ces la madre de los hijos y que lo dem\u00e1s pasa en la vida\u201d<\/b>. La negociaci\u00f3n en torno a la organizaci\u00f3n familiar se vio atravesada as\u00ed por viejos y nuevos resentimientos, en una din\u00e1mica en la que los l\u00edmites y las condiciones se volvieron parte central del di\u00e1logo.<\/p>\n<p><\/p>\n<p class=\"paragraph\">En paralelo, la conductora mencion\u00f3 que<b> Facundo Pieres<\/b> habr\u00eda viajado a visitar a Bonelli en Caril\u00f3, y que ella tendr\u00eda previsto viajar pr\u00f3ximamente para reencontrarse con \u00e9l. Estos movimientos refuerzan la idea de un v\u00ednculo en proceso de consolidaci\u00f3n, aunque sin confirmaci\u00f3n oficial por parte de los protagonistas.<\/p>\n<p><\/p>\n<p class=\"paragraph\">El contexto medi\u00e1tico en el que transcurre el conflicto no deja de aportar nuevos elementos. Entre los episodios recientes, se destaca un hecho del \u00faltimo cumplea\u00f1os de Zaira Nara, donde Bonelli habr\u00eda intentado asistir, pero le negaron la invitaci\u00f3n. Este antecedente suma una capa de tensi\u00f3n en el entramado de relaciones cruzadas y viejos resentimientos.<\/p>\n","protected":false},"excerpt":{"rendered":"<p>La conductora de SQP habl\u00f3 de c\u00f3mo el cierre de las historias de la modelo y el polista con sus exparejas, Dar\u00edo Cvitanich y Zaira Nara, respectivamente, ser\u00eda un inconveniente en la pareja que se estar\u00eda formando Las apariciones de Chechu Bonelli y Facundo Pieres en Punta del Este reactivaron los rumores sobre un posible [&hellip;]<\/p>\n","protected":false},"author":2,"featured_media":74843,"comment_status":"","ping_status":"","sticky":false,"template":"","format":"standard","meta":{"footnotes":""},"categories":[12],"tags":[],"_links":{"self":[{"href":"https:\/\/maxradio923.com.ar\/index.php\/wp-json\/wp\/v2\/posts\/74842"}],"collection":[{"href":"https:\/\/maxradio923.com.ar\/index.php\/wp-json\/wp\/v2\/posts"}],"about":[{"href":"https:\/\/maxradio923.com.ar\/index.php\/wp-json\/wp\/v2\/types\/post"}],"author":[{"embeddable":true,"href":"https:\/\/maxradio923.com.ar\/index.php\/wp-json\/wp\/v2\/users\/2"}],"replies":[{"embeddable":true,"href":"https:\/\/maxradio923.com.ar\/index.php\/wp-json\/wp\/v2\/comments?post=74842"}],"version-history":[{"count":0,"href":"https:\/\/maxradio923.com.ar\/index.php\/wp-json\/wp\/v2\/posts\/74842\/revisions"}],"wp:featuredmedia":[{"embeddable":true,"href":"https:\/\/maxradio923.com.ar\/index.php\/wp-json\/wp\/v2\/media\/74843"}],"wp:attachment":[{"href":"https:\/\/maxradio923.com.ar\/index.php\/wp-json\/wp\/v2\/media?parent=74842"}],"wp:term":[{"taxonomy":"category","embeddable":true,"href":"https:\/\/maxradio923.com.ar\/index.php\/wp-json\/wp\/v2\/categories?post=74842"},{"taxonomy":"post_tag","embeddable":true,"href":"https:\/\/maxradio923.com.ar\/index.php\/wp-json\/wp\/v2\/tags?post=74842"}],"curies":[{"name":"wp","href":"https:\/\/api.w.org\/{rel}","templated":true}]}}