{"id":74839,"date":"2026-01-26T23:28:03","date_gmt":"2026-01-27T02:28:03","guid":{"rendered":"https:\/\/maxradio923.com.ar\/index.php\/2026\/01\/26\/0205que-significan-los-silver-para-la-economia-global\/"},"modified":"2026-01-26T23:28:03","modified_gmt":"2026-01-27T02:28:03","slug":"0205que-significan-los-silver-para-la-economia-global","status":"publish","type":"post","link":"https:\/\/maxradio923.com.ar\/index.php\/2026\/01\/26\/0205que-significan-los-silver-para-la-economia-global\/","title":{"rendered":"02:05\u00bfQu\u00e9 significan los silver para la econom\u00eda global?"},"content":{"rendered":"<p><\/p>\n<h2 class=\"article-subheadline text_align_left\">El peso creciente de los adultos mayores redefine el escenario global y obliga a empresas y gobiernos a actualizar sus estrategias<\/h2>\n<p><\/p>\n<p class=\"paragraph\">El peso econ\u00f3mico de la <b>generaci\u00f3n silver<\/b> crece de forma acelerada y est\u00e1 impulsando transformaciones estructurales en el <b>mercado global<\/b>. Las personas mayores de cincuenta a\u00f1os ya representan el <b>35% del PIB<\/b> en Europa y, seg\u00fan la <i>Brookings Institution<\/i>, mueven cerca de <b>USD 8,7 billones<\/b> a nivel mundial, una cifra que podr\u00eda acercarse a <b>USD 15 billones<\/b> para 2030. <\/p>\n<p><\/p>\n<p class=\"paragraph\">Ambos comparten tendencias: preferencia por la vivienda en propiedad, pensiones estables y estilos de vida activos, lo que les otorga una posici\u00f3n clave en la <b>econom\u00eda de la longevidad<\/b>.<\/p>\n<p><\/p>\n<p class=\"paragraph\">El impacto silver como motor econ\u00f3mico se refleja en cifras relevantes. En Espa\u00f1a, el <b>60% del gasto<\/b> general en consumo corresponde a personas mayores de 60 a\u00f1os, seg\u00fan datos de <i>El Espa\u00f1ol Invertia<\/i>. <\/p>\n<p><\/p>\n<p class=\"paragraph\">En <b>Estados Unidos<\/b>, este porcentaje alcanza el 80%. Francisco Jos\u00e9 Gonz\u00e1lez, expresidente de la Asociaci\u00f3n Espa\u00f1ola de Agencias de Publicidad, considera que \u201chablar solo a los j\u00f3venes como consumidores es un error\u201d, y subraya la necesidad de que las marcas ampl\u00eden su p\u00fablico objetivo para incluir a los mayores. <\/p>\n<p><\/p>\n<p class=\"paragraph\">Agust\u00edn Medina, tambi\u00e9n expresidente y cofundador de Presidentex, agrega que \u201cla ecuaci\u00f3n ingresos\/gastos ha favorecido mucho a este segmento de edad en los \u00faltimos veinte a\u00f1os\u201d.<\/p>\n<p><\/p>\n<p class=\"paragraph\">La <b>Brookings Institution<\/b> precisa que la <b>clase consumidora mundial<\/b> pasar\u00e1 de 3.900 millones de personas en 2020 a 5.600 millones en 2030; dentro de ese aumento, la representaci\u00f3n de los mayores crecer\u00e1 un 66%, de 459 a 760 millones, un ritmo muy superior al de otros grupos. <\/p>\n","protected":false},"excerpt":{"rendered":"<p>El peso creciente de los adultos mayores redefine el escenario global y obliga a empresas y gobiernos a actualizar sus estrategias El peso econ\u00f3mico de la generaci\u00f3n silver crece de forma acelerada y est\u00e1 impulsando transformaciones estructurales en el mercado global. Las personas mayores de cincuenta a\u00f1os ya representan el 35% del PIB en Europa [&hellip;]<\/p>\n","protected":false},"author":2,"featured_media":74840,"comment_status":"","ping_status":"","sticky":false,"template":"","format":"standard","meta":{"footnotes":""},"categories":[12],"tags":[],"_links":{"self":[{"href":"https:\/\/maxradio923.com.ar\/index.php\/wp-json\/wp\/v2\/posts\/74839"}],"collection":[{"href":"https:\/\/maxradio923.com.ar\/index.php\/wp-json\/wp\/v2\/posts"}],"about":[{"href":"https:\/\/maxradio923.com.ar\/index.php\/wp-json\/wp\/v2\/types\/post"}],"author":[{"embeddable":true,"href":"https:\/\/maxradio923.com.ar\/index.php\/wp-json\/wp\/v2\/users\/2"}],"replies":[{"embeddable":true,"href":"https:\/\/maxradio923.com.ar\/index.php\/wp-json\/wp\/v2\/comments?post=74839"}],"version-history":[{"count":0,"href":"https:\/\/maxradio923.com.ar\/index.php\/wp-json\/wp\/v2\/posts\/74839\/revisions"}],"wp:featuredmedia":[{"embeddable":true,"href":"https:\/\/maxradio923.com.ar\/index.php\/wp-json\/wp\/v2\/media\/74840"}],"wp:attachment":[{"href":"https:\/\/maxradio923.com.ar\/index.php\/wp-json\/wp\/v2\/media?parent=74839"}],"wp:term":[{"taxonomy":"category","embeddable":true,"href":"https:\/\/maxradio923.com.ar\/index.php\/wp-json\/wp\/v2\/categories?post=74839"},{"taxonomy":"post_tag","embeddable":true,"href":"https:\/\/maxradio923.com.ar\/index.php\/wp-json\/wp\/v2\/tags?post=74839"}],"curies":[{"name":"wp","href":"https:\/\/api.w.org\/{rel}","templated":true}]}}