{"id":743,"date":"2023-08-28T21:44:08","date_gmt":"2023-08-28T19:44:08","guid":{"rendered":"https:\/\/maxradio923.com\/index.php\/2023\/08\/28\/bebel-gilberto-la-hija-del-gran-joao-habla-del-disco-en-que-homenajea-a-su-padre-creador-de-la-bossa-nova\/"},"modified":"2023-08-28T21:44:08","modified_gmt":"2023-08-28T19:44:08","slug":"bebel-gilberto-la-hija-del-gran-joao-habla-del-disco-en-que-homenajea-a-su-padre-creador-de-la-bossa-nova","status":"publish","type":"post","link":"https:\/\/maxradio923.com.ar\/index.php\/2023\/08\/28\/bebel-gilberto-la-hija-del-gran-joao-habla-del-disco-en-que-homenajea-a-su-padre-creador-de-la-bossa-nova\/","title":{"rendered":"Bebel Gilberto, la hija del gran Jo\u00e1o, habla del disco en que homenajea a su padre, creador de la bossa nova"},"content":{"rendered":"<p>EXCLUSIVO SUSCRIPTORES    Bebel Gilberto, la hija del gran Jo\u00e1o, habla del disco en que homenajea a su padre, creador de la bossa nova  <\/p>\n<h2>La cantante tambi\u00e9n es sobrina de Chico Buarque. Y public\u00f3 un emotivo trabajo discogr\u00e1fico, en el que dice no haber &quot;buscado el \u00e9xito&quot;.<\/h2>\n<p>      <img decoding=\"async\" src=\"https:\/\/www.clarin.com\/img\/2023\/08\/26\/LFJpTD7SW_360x240__1.jpg\" alt=\"Bebel Gilberto, de 57 a\u00f1os y en su plenitud como cantante. Foto de prensa.\"\/><figcaption>Bebel Gilberto, de 57 a\u00f1os y en su plenitud como cantante. Foto de prensa.<\/figcaption><p>Eduardo Barone<\/p>\n<p>       28\/08\/2023 12:55 <\/p>\n<ul>\n<li>  <strong>Clar\u00edn.com<\/strong>  <\/li>\n<li>  Espect\u00e1culos  <\/li>\n<\/ul>\n<p> Actualizado al 28\/08\/2023 12:55       <\/p>\n<p>La prestigiosa y refinada cantante <strong>Bebel Gilberto<\/strong> acaba de lanzar mundialmente su \u00e1lbum n\u00famero doce (si contamos los discos de remixes) que se titula <em>Jo\u00e1o<\/em>. Es un sentido homenaje al enorme Jo\u00e1o Gilberto, su padre, creador del g\u00e9nero de bossa nova junto a Antonio Carlos Jobim.<\/p>\n<p>Desde su casa en R\u00edo de Janeiro atiende a <strong>Clar\u00edn <\/strong>y se entrega a una conversaci\u00f3n distendida y muy cordial, matizada por sus inefables salidas humor\u00edsticas.<\/p>\n<p>Bebel exhibe <strong>un humor a prueba de balas<\/strong>. Y su belleza, que la tiene a raudales, reside m\u00e1s que nada justamente en esa personalidad fuerte, explosiva, luminosa y absolutamente jocosa.<\/p>\n<p>   <img decoding=\"async\" src=\"https:\/\/www.clarin.com\/img\/2023\/08\/26\/0TgBXt8Pr_720x0__1.jpg\" alt=\"Bebel Gilberto encar\u00f3 un regreso a las ra\u00edces, a pesar de ser experta en unir bossa nova con m\u00fasica electr\u00f3nica. Foto de prensa.\"\/><figcaption>Bebel Gilberto encar\u00f3 un regreso a las ra\u00edces, a pesar de ser experta en unir bossa nova con m\u00fasica electr\u00f3nica. Foto de prensa. <\/figcaption><p>Isabel Gilberto de Oliveira sabe re\u00edrse. Y eso, es de sospechar, le ha salvado la cabeza en los peores momentos de su vida. Pero ahora, v\u00eda zoom, hablaremos de los buenos, de los mejores.<\/p>\n<h2>Regreso a las ra\u00edces y &quot;Papito&quot;<\/h2>\n<p><strong>-Hola Bebel \u00bfc\u00f3mo est\u00e1s?<\/strong><\/p>\n<p>-\u00a1Hola! \u00bfQu\u00e9 te parece, hablamos en espa\u00f1ol, ingl\u00e9s, franc\u00e9s, o portugu\u00e9s?&#8230;<\/p>\n<p><strong>-En lo que quieras. Van casi siete a\u00f1os que no ven\u00eds a Argentina; la \u00faltima vez fue cuando presentaste tu disco &quot;Tudo&quot;, en el 2016.<\/strong><\/p>\n<p>-Ufff\u2026 s\u00ed, mucho tiempo \u00bfverdad? Pero ya voy a regresar.<\/p>\n<p><strong>-\u00bfCuando surgi\u00f3 la idea de grabar este \u00e1lbum?<\/strong><\/p>\n<p>   <img decoding=\"async\" src=\"https:\/\/www.clarin.com\/img\/2023\/08\/26\/Dd71uxotc_720x0__1.jpg\" alt=\"La tapa del nuevo disco de Bebel Gilberto.\"\/><figcaption>La tapa del nuevo disco de Bebel Gilberto. <\/figcaption><p>-En el 2021 me fui a los Estados Unidos para darme la vacuna (contra el Covid). Entonces me encontr\u00e9 con Thomas \u201cDoveman\u201d Bartlett, un productor reconocido con quien yo hab\u00eda grabado mi disco <em>Agora <\/em>(de 2020), un \u00e1lbum que pas\u00f3 algo \u201cbatido\u201d (desapercibido), como decimos ac\u00e1 en Brasil.<\/p>\n<p>Le pregunt\u00e9 si pod\u00edamos hacer un disco nuevo. Y comenzamos a buscar m\u00fasicas de pap\u00e1, y escoger las que m\u00e1s me agradaban.<\/p>\n<p><strong>-Tu m\u00fasica suele ser un crossover entre la bossa nova con m\u00fasica mucho m\u00e1s moderna, incluso electr\u00f3nica, pero este nuevo disco es como un regreso a las ra\u00edces.<\/strong><\/p>\n<p>-S\u00ed, y tambi\u00e9n es un homenaje a mi papito (<em>N. de R.: as\u00ed lo llama<\/em>). \u00bfSab\u00e9s?<strong> No busqu\u00e9 el camino f\u00e1cil<\/strong>, que hubiera sido grabar sus canciones m\u00e1s conocidas y famosas. Busqu\u00e9 las que me tocaban el coraz\u00f3n.<\/p>\n<p>Pienso que fue todo un proceso. Porque no era que lo quer\u00eda hacer tipo \u201ccomo es un tributo entonces \u00bfpor qu\u00e9 no canto las canciones m\u00e1s famosas de \u00e9l?<strong> Fijate que no grab\u00e9 <em>Corcovado <\/em>o <em>Garota de Ipanema<\/em><\/strong>. Busqu\u00e9 las m\u00fasicas que ten\u00edan que ver con mi personalidad, con mi infancia, con mi crecimiento al lado de papito. No buscaba el \u00e9xito, sino simplemente determinadas canciones que me conmueven.<\/p>\n<p><strong>-Vas a comenzar en pocas semanas a presentar tu nuevo disco y dar\u00e1s inicio a un tour mundial. \u00bfTenes pensada una pata sudamericana de esa gira?<\/strong><\/p>\n<p>&#8211; Obviamente, una pata, dos patas, cuatro patas, jajaja. Pero va a ser el a\u00f1o que viene, y tambi\u00e9n lo har\u00e9 aqu\u00ed en Brasil. Ahora mismo la vida est\u00e1 un poco dif\u00edcil ac\u00e1. Por eso comienzo en los Estados Unidos, y luego ser\u00e1 Europa y Asia. Todo eso antes que Am\u00e9rica del Sur. S\u00e9 que es una cosa un poco maleducada de mi parte quiz\u00e1s, pero es lo que la vida impone.<\/p>\n<h2>Rodeada de grandes<\/h2>\n<p>Bebel Gilberto pertenece a una estirpe de enormes artistas. M\u00fasicos y m\u00fasicas que han derrochado talento como compositores e int\u00e9rpretes, grabando \u00e1lbumes imprescindibles y fatigando escenarios de todo el planeta. Imponiendo nuevos estilos y tomando riesgos.<\/p>\n<p>   <img decoding=\"async\" src=\"https:\/\/www.clarin.com\/img\/2023\/08\/26\/HXjSnFW_X_720x0__1.jpg\" alt=\"Bebel Gilberto de peque\u00f1a, con su padre, tal como se ve en la tapa del \u00faltimo single que edit\u00f3.\"\/><figcaption>Bebel Gilberto de peque\u00f1a, con su padre, tal como se ve en la tapa del \u00faltimo single que edit\u00f3. <\/figcaption><p><strong>-Tu padre fue Jo\u00e1o, tu madre la exquisita cantante Mi\u00facha. \u00a1Y para colmo tu t\u00edo es Chico Buarque! \u00bfVivir en una familia tan musical te trajo alg\u00fan complejo? Digo, estar rodeada de tantos buenos m\u00fasicos.<\/strong><\/p>\n<p> -Nooo, yo tengo la cabeza buena. Tengo mucha admiraci\u00f3n por todos ellos. Hace poco fue el cumplea\u00f1os de mi abuelo, Sergio Buarque de Hollanda. \u00c9l muri\u00f3 en 1982, pero tambi\u00e9n fue una gran influencia para m\u00ed.<\/p>\n<p><strong>-Tu abuelo Sergio fue un reconocido historiador, escritor y periodista. Tengo entendido que \u00e9l y tu abuela Mar\u00eda Amelia han sido dos figuras importantes en tu crianza.<\/strong><\/p>\n<p>&#8211; S\u00ed, claro. Mis abuelos fueron como mi madre y mi padre. Mi abuelo fue muy especial para m\u00ed. Hasta se hab\u00eda inventado un nombre para agradarme. Yo soy su nieta m\u00e1s vieja, la patriarca&#8230; jajaja.<\/p>\n<h2>Diosa de la simpat\u00eda<\/h2>\n<p>Ni los griegos ni los antiguos romanos tuvieron jam\u00e1s una diosa de la simpat\u00eda. Lo m\u00e1s parecido que rondaba por los panteones de aquellas \u00e9pocas era Tyche o Tique, una deidad que sol\u00eda personificar al destino y la buena suerte. Esta bella ninfa era una de las Oce\u00e1nides, o sea hija de Oc\u00e9ano y Tetis (diosa de las aguas del mundo) y hermana de Afrodita y Hermes.<\/p>\n<p>Desconociendo los derechos de autor, unos a\u00f1os m\u00e1s tarde los romanos la maquillaron un poco, le arreglaron el nombre y se la apropiaron. T\u00edpico de romanos.<\/p>\n<p>Por entonces era moneda (\u00bfo dracma?) corriente que muchos dioses y diosas tomaran forma humana para darse una vuelta por la Tierra, para ver c\u00f3mo andaba todo y si les engordaba el ganado humano en estos pagos, digamos. Lo que unos y otros pueblos se perdieron fue la gran oportunidad de conocer a quien hoy podr\u00eda encarnar tranquilamente y sin sobresaltos a<strong> la verdadera diosa de la simpat\u00eda.<\/strong><\/p>\n<p>   <img decoding=\"async\" src=\"https:\/\/www.clarin.com\/img\/2023\/08\/26\/ju55ZRSVM_720x0__1.jpg\" alt=\"Bebel Gilberto, un derroche de talento, simpat\u00eda y belleza. Foto de prensa.\"\/><figcaption>Bebel Gilberto, un derroche de talento, simpat\u00eda y belleza. Foto de prensa. <\/figcaption><p>Bebel <strong>naci\u00f3 hace 57 a\u00f1os en Nueva York<\/strong>, Estados Unidos de Am\u00e9rica, pero es m\u00e1s brasile\u00f1a que el Pan de Az\u00facar. Es una diosa moderna. Una verdadera deidad en el panorama de la m\u00fasica contempor\u00e1nea moderna.<\/p>\n<p><strong>-Cuando se habla de tu m\u00fasica se habla de bossa nova, pero no ha sido esa tu \u00fanica influencia, supongo.<\/strong><\/p>\n<p>-\u00a1Por supuesto que no! Cuando yo estaba en mis \u201c<em>early twenties<\/em>\u201d (lo dice en ingl\u00e9s, se refiere a sus tempranos veinte a\u00f1os) escuchaba mucho a <strong>Prince, Bj\u00f6rk, Stevie Wonder, Sade, Weather Report<\/strong>. Y en mi infancia me encantaba <strong>Michael Jackson<\/strong>. Luego me gustaban cosas instrumentales. O\u00eda de todo. Se abrieron todos los canales para m\u00ed en esa \u00e9poca.<\/p>\n<p>No toco ning\u00fan instrumento, pero capto la m\u00fasica de una manera distinta. No me considero una cantante, sino una m\u00fasica.<\/p>\n<p><strong> \u00bfY c\u00f3mo te llegaba toda esa m\u00fasica?<\/strong><\/p>\n<p>-Escuchaba much\u00edsimo la radio ya de chiquita. Porque en mi casa pap\u00e1 y mam\u00e1 s\u00f3lo tocaban y cantaban m\u00e1s bien la m\u00fasica con la guitarra ac\u00fastica. Yo sal\u00eda para la escuela y la se\u00f1ora que manejaba el autob\u00fas escolar iba escuchando la radio. \u00a1Unas canciones que nunca hab\u00eda escuchado en mi vida! Entonces una vez cuando volv\u00ed a mi casa les ped\u00ed a mis padres una radio a pilas.<\/p>\n<p>Escuchaba la m\u00fasica antes de dormirme. Eso <strong>era como un refresco de escuchar los 365 d\u00edas del a\u00f1o a mam\u00e1 y pap\u00e1 cantando sin parar<\/strong>. Y ah\u00ed descubr\u00ed mi adoraci\u00f3n por la m\u00fasica pop y la instrumental. Yo era como una esponja. No s\u00e9 cu\u00e1ntas veces escuch\u00e9 el \u00e1lbum <em>Gaucho<\/em>, de Steely Dan. Ten\u00eda adentro una mezcla de todo, unos a\u00f1os despu\u00e9s me gustaba salir a bailar e iba a las discotecas y escuchaba a Giorgio Moroder, por ejemplo.<\/p>\n<h2>Bebel Gilberto &#8211; \u00c9 Preciso Perdoar (Official Video)<\/h2>\n<p><strong>-Me gust\u00f3 mucho la tapa de tu nuevo \u00e1lbum, donde se te ve de ni\u00f1a en brazos de Jo\u00e1o.<\/strong><\/p>\n<p>-Esa foto la hizo mamita. Yo estaba regresando de la escuela y me puse a jugar con papito, est\u00e1bamos riendo. Era por la tarde y \u00e9l se hab\u00eda despertado de la siesta. Y ella tom\u00f3 esa foto tan espont\u00e1nea.<\/p>\n<h2>Recuerdos de su madre<\/h2>\n<p>Cuando Bebel habla de su madre (fallecida, en noviembre de 2018) y de su padre (fallecido s\u00f3lo un a\u00f1o m\u00e1s tarde que su ex esposa) inexorablemente se refiere a ellos de manera muy tierna, como \u201cMamita\u201d y \u201cPapito\u201d.<\/p>\n<p>   <img decoding=\"async\" src=\"https:\/\/www.clarin.com\/img\/2023\/08\/26\/_0Xo9OCeD_720x0__1.jpg\" alt=\"Bebel Gilberto primero saldr\u00e1 de gira por los Estados Unidos. Reci\u00e9n en 2024 har\u00e1 Brasil y, tal vez, la Argentina. Foto de prensa.\"\/><figcaption>Bebel Gilberto primero saldr\u00e1 de gira por los Estados Unidos. Reci\u00e9n en 2024 har\u00e1 Brasil y, tal vez, la Argentina. Foto de prensa. <\/figcaption><p><strong>-Siempre se habla mucho de tu pap\u00e1, pero tambi\u00e9n tu madre, Mi\u00facha, ha sido una gran artista y supongo que una influencia para vos. \u00bfQu\u00e9 recuerdos ten\u00e9s de ella?<\/strong><\/p>\n<p>&#8211; Uy, \u00a1todos! Su sonrisa, la emoci\u00f3n de cantar. Su voz es muy parecida a la m\u00eda. Bueno, o la m\u00eda a la suya. Es muy dif\u00edcil huir de la mamita.<\/p>\n<p><strong>-Con semejante familia de m\u00fasicos en el futuro vas a tener que grabar varios discos de homenaje.<\/strong><\/p>\n<p>-Ya lo decid\u00ed. <strong>Ahora no canto m\u00e1s por cinco a\u00f1os. Y el pr\u00f3ximo disco ser\u00e1 para Chico<\/strong>, el siguiente para mam\u00e1 y despu\u00e9s posiblemente haga uno de Cazuza.<\/p>\n<h2>M\u00e1s grabaciones<\/h2>\n<p>Agenor de Miranda Ara\u00fajo Neto, mundialmente conocido como Cazuza. Fue uno de los grandes poetas y letristas del per\u00edodo post punk en Brasil. Salt\u00f3 al reconocimiento p\u00fablico como integrante de la banda Bar\u00e1o Vermelho y luego como solista le vol\u00f3 la cabeza hasta al mism\u00edsimo Caetano Veloso.<\/p>\n<p>En la Argentina fue muy conocida la versi\u00f3n de su tema<em> El tiempo no para<\/em>, con Bersuit Vergarabat. Aquella de \u201cy tu cabeza est\u00e1 llena de ratas\u2026\u201d. Falleci\u00f3 en 1997 v\u00edctima del HIV.<\/p>\n<p><strong>-Cazuza ha sido una gran influencia no s\u00f3lo para m\u00fasicos de Brasil, sino tambien de la Argentina y Uruguay.<\/strong><\/p>\n<p>-Si, es as\u00ed. Pero adem\u00e1s \u00e9l fue mi gran amigo. Compusimos m\u00fasica juntos, como <em>Preciso decir que te amo<\/em>, el tema que est\u00e1 en el disco<em> Red Hot &amp; Rio <\/em>(1997). De todos los que me rodearon, \u00e9l era el \u00fanico realmente amigo.<\/p>\n<p>   <img decoding=\"async\" src=\"https:\/\/www.clarin.com\/img\/2023\/08\/26\/ykhWIFFAp_720x0__1.jpg\" alt=\"Bebel Gilberto en 2016. Foto prensa\"\/><figcaption>Bebel Gilberto en 2016. Foto prensa <\/figcaption><p><strong>-Tambi\u00e9n grabaste con el bahiano Carlinhos Brown.<\/strong><\/p>\n<p>-Si, pero porque es marido de mi prima. No porque me guste\u2026 jajajaja.<\/p>\n<p><strong>-Y trabajaste nada menos que con Mark Ronson, productor de Amy Winehouse, Paul McCartney y Lady Gaga entre otros.<\/strong><\/p>\n<p>-Mark es maravilloso, una persona muy incre\u00edble. Lo conoc\u00ed porque estaba casado con una amiga mia, Josephine de LaBaume (actriz francesa, luego se divorciaron y \u00e9l se cas\u00f3 con Grace Gummer, la hija de Meryl Streep). Mark aprecia mucho la m\u00fasica brasile\u00f1a y tuve la suerte de tenerlo como productor en <em>The Real Thing<\/em> (de su disco <em>All in One<\/em>, 2010)<\/p>\n<p><strong>-\u00bfEn Nueva York conociste a David Byrne?<\/strong><\/p>\n<p>-Si. Nos present\u00f3 (el guitarrista y compositor experimental) Arto Lindsay, cuando apenas me hab\u00eda mudado. David siempre tiene mucho respeto, es un tipo muy interesante. Fue muy responsable de abrir algunas puertas para mi. Y ahorita est\u00e1 haciendo un trabajo incre\u00edble como productor en Broadway, ya est\u00e1 en otro nivel.<\/p>\n<p><strong>-\u00bfD\u00f3nde te gusta m\u00e1s vivir, en Brasil o en los Estados Unidos?<\/strong><\/p>\n<p>&#8211;<em>In between<\/em> (dice en ingles). Volv\u00ed de los Estados Unidos hace dos d\u00edas.<\/p>\n<p><strong>-Ambos son dos pa\u00edses muy musicales. \u00bfQu\u00e9 es la m\u00fasica para vos?<\/strong><\/p>\n<p>-La m\u00fasica es todo. Es la inspiraci\u00f3n mayor de todas las artes. El artista que hace pintura tiene que escuchar la m\u00fasica para inspirarse. Para hacer una pel\u00edcula o para danzar necesit\u00e1s de la m\u00fasica. Es el arte m\u00e1s completo que existe.<\/p>\n<h2>Mercedes Sosa y Piazzolla<\/h2>\n<p><strong> Hubo dos artistas argentinos que gustaron particularmente en Brasil: Mercedes Sosa y Astor Piazzolla. \u00bfTe gustaban ellos, los escuchabas?<\/strong><\/p>\n<p>-S\u00ed\u00ed\u00ed, mucho. Mercedes Sosa con los trabajos que hizo con Milton Nascimento\u2026 \u201del musguito en la piedra\u201d (tararea) con esa voz tan enigm\u00e1tica, una artista muy querida.<\/p>\n<p>Astor Piazzolla siempre lo admir\u00e9 porque me gusta mucho la m\u00fasica instrumental. Su m\u00fasica, las composiciones, son muy impresionantes. La musicalidad de Piazzolla es enorme. La forma en que arregl\u00f3 todas sus canciones, tan lindas, tan personales para m\u00ed. Fue parte de mi adolescencia.<\/p>\n<p>Tambien era amigo de mam\u00e1, y me acuerdo que una tarde llegu\u00e9 a casa y estaban mamita y una t\u00eda tomando el t\u00e9 y escuchando Astor Piazzolla y lloraban.<\/p>\n<p>   <img decoding=\"async\" src=\"https:\/\/www.clarin.com\/img\/2023\/08\/26\/X1ccYeCPW_720x0__1.jpg\" alt=\"Bebel Gilberto es una admiradora de Astor Piazzolla. Foto de prensa de 2016.\"\/><figcaption>Bebel Gilberto es una admiradora de Astor Piazzolla. Foto de prensa de 2016. <\/figcaption><p><strong>-Las mezclas que hac\u00e9s en tu m\u00fasica de alguna manera guardan relaci\u00f3n con aquella \u00e9poca donde la bossa se mezcl\u00f3 con el jazz, en los a\u00f1os &#039;60.<\/strong><\/p>\n<p>-S\u00ed, claro. Pero mira, yo tiendo a no utilizar el r\u00f3tulo &quot;bossa nova&quot;. Porque es algo muy limitado. Papito no s\u00f3lo hac\u00eda bossa nova. Entonces creo que la mezcla lo es todo. Y la m\u00fasica brasile\u00f1a es mucho mayor que la bossa nova, ese es apenas un t\u00edtulo.<\/p>\n<p><strong>-Tengo una pregunta a nivel personal: \u00bfdonde est\u00e1 la guitarra de Jo\u00e1o?<\/strong><\/p>\n<p>&#8211; Uy, son varias guitarras. La primera no s\u00e9 a d\u00f3nde fue a parar. Porque papito tuvo muchas mujeres, y tiene muchos hijos, mucha gente que cuidaba de sus cosas. Yo s\u00f3lo puedo hablar de m\u00ed. Algunas personas piensan que yo las tengo. Pero no, no tengo ninguna de ellas.<\/p>\n<p><strong>-Ten\u00e9s una forma de trabajar tranquila, te tom\u00e1s tu tiempo entre un disco y el siguiente.<\/strong><\/p>\n<p>-Tomo tiempo porque la vida se toma su tiempo. Es un poco el resultado de mi personalidad.<\/p>\n<p><strong>-Y despu\u00e9s de esta gira que termina a fin de a\u00f1o, \u00bfcomo seguir\u00e1 tu vida?<\/strong><\/p>\n<p>-El a\u00f1o pr\u00f3ximo seguro har\u00e9 gira por Brasil y Am\u00e9rica del Sur. Aqu\u00ed en Brasil es terrible, me da verg\u00fcenza. No quiero hacer las entrevistas porque todav\u00eda no tengo fechas y los periodistas me preguntan y no s\u00e9 qu\u00e9 contestarles. La vez pasada fui a una farmacia a comprar unos remedios y el farmac\u00e9utico me dice: \u201cVos sos Bebel Gilberto, \u00bfno? la hija de Joao, la amiga de Cazuza\u2026 \u00bfno vas a cantar ac\u00e1 en Brasil?\u201d Fue muy engorroso. Me sent\u00ed muy mal.<\/p>\n<p><strong>-\u00bfY que va a suceder despu\u00e9s del disco &quot;Jo\u00e1o&quot;, una vez que lo presentes?<\/strong><\/p>\n<p>-Voy a hacer el disco de Chico Buarque.<\/p>\n<p>   <img decoding=\"async\" src=\"https:\/\/www.clarin.com\/img\/2023\/08\/26\/02bHpAvwZ_720x0__1.jpg\" alt=\"Bebel Gilberto en vivo en 2006. Foto: EFE\"\/><figcaption>Bebel Gilberto en vivo en 2006. Foto: EFE <\/figcaption><p><strong>-\u00bfCon \u00e9l?<\/strong><\/p>\n<p>-No. Creo que no va a querer. Chico est\u00e1 muy cansado. Acaba de hacer una gira grande. Fui ocho veces a ver su \u00faltimo concierto. Fue el show de mi t\u00edo que m\u00e1s veces vi. Estaba muy bueno, las nuevas canciones son muy lindas, como <em>\u00bfQue tal um samba?<\/em> No se si la escuchaste. Es riqu\u00edsimo, emocionante.<\/p>\n<p><strong>-Y de toda tu familia \u00bfcu\u00e1l ha sido esa persona con la cual tuviste m\u00e1s ligaz\u00f3n?<\/strong><\/p>\n<p>-\u00c9l, Chico. Es mi segundo pap\u00e1.<\/p>\n<p><strong>-\u00bfQue cre\u00e9s que va a pasar ahora con la cultura en Brasil, con el regreso de Lula?<\/strong><\/p>\n<p>&#8211; Esa es una gran noticia. Es muy importante que Lula haya retornado al poder, porque nos estabamos muriendo con tantas idioteces y tanta falta de todo. Yo soy una persona que desde siempre he izado mi propia bandera. Y todos saben bien lo que pienso de Bolsonaro\u2026<\/p>\n<p><strong>-Adem\u00e1s de la m\u00fasica, \u00bfqu\u00e9 otras cosas te gustan? \u00bfSab\u00e9s cocinar?<\/strong><\/p>\n<p>-S\u00ed, me encanta, \u00a1yo cocino mucho! Hoy voy a hacer un pescado con una receta que aprend\u00ed hace como veinte a\u00f1os, cuando fui a vivir en Londres. Me gusta mucho la comida sana, arroz integral, vegetales. Pero no soy vegetariana, como lentejas. En ese sentido soy como papito: \u00e9l gustaba de todo lo sano y sencillo.<\/p>\n<p><em>MFB<\/em><\/p>\n<p>    Mir\u00e1 tambi\u00e9n     <img decoding=\"async\" src=\"https:\/\/www.clarin.com\/img\/2023\/08\/28\/guTwowd66_300x168__1.jpg\"\/>  <\/p>\n<h3>Muri\u00f3 Coco Boudakian, l\u00edder fundador de Danger Four, la banda tributo a Los Beatles<\/h3>\n<p>       <img decoding=\"async\" src=\"https:\/\/www.clarin.com\/img\/2023\/08\/26\/pGssWOL5U_300x168__1.jpg\"\/>  <\/p>\n<h3>Isabel de Sebasti\u00e1n, la estrella pop de los a\u00f1os &#039;80, vuelve a cantar y quiere rearmar su grupo Metr\u00f3poli<\/h3>\n<p>Suscribite para comentar<\/p>\n<p>Ya tengo suscripci\u00f3n<\/p>\n<p>                                 Noticias destacadas     <\/p>\n<ul>\n<li>\n<p>Una por una, las 10 nuevas medidas econ\u00f3micas que anunci\u00f3 Sergio Massa<\/p>\n<p>                         Econom\u00eda                                                                                                                                                                                <img decoding=\"async\" src=\"https:\/\/www.clarin.com\/img\/2023\/08\/27\/tklB-eQuu_300x168__1.jpg\" title=\"Una por una, las 10 nuevas medidas econ\u00f3micas que anunci\u00f3 Sergio Massa\"\/>                                                                                                                     <\/li>\n<li>\n<p>Elecciones 2023, EN VIVO: Milei, Bullrich y Massa afinan sus estrategias de cara a las generales de octubre<\/p>\n<p>                         Pol\u00edtica                                                                                                                                                                                <img decoding=\"async\" src=\"https:\/\/www.clarin.com\/img\/2023\/08\/16\/PidE6ulCH_300x168__1.jpg\" title=\"Elecciones 2023, EN VIVO: Milei, Bullrich y Massa afinan sus estrategias de cara a las generales de octubre\"\/>                                                                                                                     <\/li>\n<li>\n<p>D\u00f3lar hoy y d\u00f3lar blue, EN VIVO: a cu\u00e1nto cotiza y cu\u00e1l es el precio este 28 de agosto, minuto a minuto<\/p>\n<p>                         Econom\u00eda                                                                                                                                                                                <img decoding=\"async\" src=\"https:\/\/www.clarin.com\/img\/2021\/03\/22\/VosNxnRmN_300x168__1.jpg\" title=\"D\u00f3lar hoy y d\u00f3lar blue, EN VIVO: a cu\u00e1nto cotiza y cu\u00e1l es el precio este 28 de agosto, minuto a minuto\"\/>                                                                                                                     <\/li>\n<li>\n<p>ANSES: nuevo bono para jubilados y pensionados desde septiembre, \u00bfcu\u00e1ndo se cobra?<\/p>\n<p>                         Econom\u00eda                                                                                                                                                                                <img decoding=\"async\" src=\"https:\/\/www.clarin.com\/img\/2022\/10\/20\/XFnJnb2e7_300x168__1.jpg\" title=\"ANSES: nuevo bono para jubilados y pensionados desde septiembre, \u00bfcu\u00e1ndo se cobra?\"\/>                                                                                                                     <\/li>\n<li>\n<p>Sorpresa en el escrutinio definitivo: Javier Milei arras\u00f3 en una provincia a la que no fue en campa\u00f1a<\/p>\n<p>                         Pol\u00edtica                                                                                                                                                                                <img decoding=\"async\" src=\"https:\/\/www.clarin.com\/img\/2023\/08\/27\/lWsFYOHvf_300x168__1.jpg\" alt=\"PASO 2023\" title=\"Sorpresa en el escrutinio definitivo: Javier Milei arras\u00f3 en una provincia a la que no fue en campa\u00f1a\"\/>                                                                                                                     <\/li>\n<li>\n<p>Tarjeta Alimentar: el refuerzo est\u00e1 lejos de cubrir el aumento de la canasta de pobreza de los chicos<\/p>\n<p>                         Econom\u00eda                                                                                                                                                                                <img decoding=\"async\" src=\"https:\/\/www.clarin.com\/img\/2023\/04\/18\/E7H1cvITU_300x168__1.jpg\" title=\"Tarjeta Alimentar: el refuerzo est\u00e1 lejos de cubrir el aumento de la canasta de pobreza de los chicos\"\/>                                                                                                                     <\/li>\n<\/ul>\n<p>Piedras 1743. C.A.B.A, Argentina<\/p>\n<p>Responsable:  Ricardo Kirschbaum<\/p>\n<p>Registro de Propiedad Intelectual:  4347221<\/p>\n<p>Edici\u00f3n N\u00ba: 10007, 28 de Agosto de 2023<\/p>\n<p>      Area Digital <\/p>\n<ul>\n<li> Diario Ol\u00e9<\/li>\n<li>Gran Dt<\/li>\n<li>Argenprop<\/li>\n<li>Gu\u00eda Clar\u00edn<\/li>\n<li>Clasificados<\/li>\n<li>Receptoria Online<\/li>\n<li>Colecciones Clar\u00edn<\/li>\n<li>Elle<\/li>\n<\/ul>\n<p>    Grupo Clar\u00edn <\/p>\n<ul>\n<li>Grupo Clar\u00edn<\/li>\n<li>Noticias Clar\u00edn<\/li>\n<li>TN<\/li>\n<li>El Trece TV<\/li>\n<li>Mitre<\/li>\n<li>La 100<\/li>\n<li>Ciudad<\/li>\n<li>Cienradios<\/li>\n<li>TyCSports<\/li>\n<li>La Voz del Interior<\/li>\n<li>Los Andes<\/li>\n<li>ViaPais<\/li>\n<li>Rumbos<\/li>\n<\/ul>\n","protected":false},"excerpt":{"rendered":"<p>EXCLUSIVO SUSCRIPTORES Bebel Gilberto, la hija del gran Jo\u00e1o, habla del disco en que homenajea a su padre, creador de la bossa nova La cantante tambi\u00e9n es sobrina de Chico Buarque. Y public\u00f3 un emotivo trabajo discogr\u00e1fico, en el que dice no haber &quot;buscado el \u00e9xito&quot;. Bebel Gilberto, de 57 a\u00f1os y en su plenitud [&hellip;]<\/p>\n","protected":false},"author":2,"featured_media":0,"comment_status":"","ping_status":"","sticky":false,"template":"","format":"standard","meta":{"footnotes":""},"categories":[4],"tags":[],"_links":{"self":[{"href":"https:\/\/maxradio923.com.ar\/index.php\/wp-json\/wp\/v2\/posts\/743"}],"collection":[{"href":"https:\/\/maxradio923.com.ar\/index.php\/wp-json\/wp\/v2\/posts"}],"about":[{"href":"https:\/\/maxradio923.com.ar\/index.php\/wp-json\/wp\/v2\/types\/post"}],"author":[{"embeddable":true,"href":"https:\/\/maxradio923.com.ar\/index.php\/wp-json\/wp\/v2\/users\/2"}],"replies":[{"embeddable":true,"href":"https:\/\/maxradio923.com.ar\/index.php\/wp-json\/wp\/v2\/comments?post=743"}],"version-history":[{"count":0,"href":"https:\/\/maxradio923.com.ar\/index.php\/wp-json\/wp\/v2\/posts\/743\/revisions"}],"wp:attachment":[{"href":"https:\/\/maxradio923.com.ar\/index.php\/wp-json\/wp\/v2\/media?parent=743"}],"wp:term":[{"taxonomy":"category","embeddable":true,"href":"https:\/\/maxradio923.com.ar\/index.php\/wp-json\/wp\/v2\/categories?post=743"},{"taxonomy":"post_tag","embeddable":true,"href":"https:\/\/maxradio923.com.ar\/index.php\/wp-json\/wp\/v2\/tags?post=743"}],"curies":[{"name":"wp","href":"https:\/\/api.w.org\/{rel}","templated":true}]}}