{"id":7341,"date":"2023-10-13T15:14:23","date_gmt":"2023-10-13T18:14:23","guid":{"rendered":"https:\/\/maxradio923.com\/index.php\/2023\/10\/13\/mas-de-500-personalidades-fueron-al-estreno-de-ahora-alfonsin-40-anos-de-democracia-quienes-asistieron-y-donde-se-puede-ver\/"},"modified":"2023-10-13T15:14:23","modified_gmt":"2023-10-13T18:14:23","slug":"mas-de-500-personalidades-fueron-al-estreno-de-ahora-alfonsin-40-anos-de-democracia-quienes-asistieron-y-donde-se-puede-ver","status":"publish","type":"post","link":"https:\/\/maxradio923.com.ar\/index.php\/2023\/10\/13\/mas-de-500-personalidades-fueron-al-estreno-de-ahora-alfonsin-40-anos-de-democracia-quienes-asistieron-y-donde-se-puede-ver\/","title":{"rendered":"M\u00e1s de 500 personalidades fueron al estreno de &#8220;Ahora Alfons\u00edn: 40 a\u00f1os de democracia&#8221;: qui\u00e9nes asistieron y d\u00f3nde se puede ver"},"content":{"rendered":"<ul>\n<li>El gran evento fue en el Pabell\u00f3n Amarillo de La Rural.<\/li>\n<li>El documental se podr\u00e1 ver a partir de hoy viernes a las 22 por DirecTV.<\/li>\n<\/ul>\n","protected":false},"excerpt":{"rendered":"<p>El gran evento fue en el Pabell\u00f3n Amarillo de La Rural. El documental se podr\u00e1 ver a partir de hoy viernes a las 22 por DirecTV.<\/p>\n","protected":false},"author":2,"featured_media":7342,"comment_status":"","ping_status":"","sticky":false,"template":"","format":"standard","meta":{"footnotes":""},"categories":[4],"tags":[],"_links":{"self":[{"href":"https:\/\/maxradio923.com.ar\/index.php\/wp-json\/wp\/v2\/posts\/7341"}],"collection":[{"href":"https:\/\/maxradio923.com.ar\/index.php\/wp-json\/wp\/v2\/posts"}],"about":[{"href":"https:\/\/maxradio923.com.ar\/index.php\/wp-json\/wp\/v2\/types\/post"}],"author":[{"embeddable":true,"href":"https:\/\/maxradio923.com.ar\/index.php\/wp-json\/wp\/v2\/users\/2"}],"replies":[{"embeddable":true,"href":"https:\/\/maxradio923.com.ar\/index.php\/wp-json\/wp\/v2\/comments?post=7341"}],"version-history":[{"count":0,"href":"https:\/\/maxradio923.com.ar\/index.php\/wp-json\/wp\/v2\/posts\/7341\/revisions"}],"wp:featuredmedia":[{"embeddable":true,"href":"https:\/\/maxradio923.com.ar\/index.php\/wp-json\/wp\/v2\/media\/7342"}],"wp:attachment":[{"href":"https:\/\/maxradio923.com.ar\/index.php\/wp-json\/wp\/v2\/media?parent=7341"}],"wp:term":[{"taxonomy":"category","embeddable":true,"href":"https:\/\/maxradio923.com.ar\/index.php\/wp-json\/wp\/v2\/categories?post=7341"},{"taxonomy":"post_tag","embeddable":true,"href":"https:\/\/maxradio923.com.ar\/index.php\/wp-json\/wp\/v2\/tags?post=7341"}],"curies":[{"name":"wp","href":"https:\/\/api.w.org\/{rel}","templated":true}]}}