{"id":7333,"date":"2023-10-13T14:54:02","date_gmt":"2023-10-13T17:54:02","guid":{"rendered":"https:\/\/maxradio923.com\/index.php\/2023\/10\/13\/san-juan-celebra-un-fin-de-semana-xl-con-un-82-de-ocupacion-turistica-liderado-por-calingasta\/"},"modified":"2023-10-13T14:54:02","modified_gmt":"2023-10-13T17:54:02","slug":"san-juan-celebra-un-fin-de-semana-xl-con-un-82-de-ocupacion-turistica-liderado-por-calingasta","status":"publish","type":"post","link":"https:\/\/maxradio923.com.ar\/index.php\/2023\/10\/13\/san-juan-celebra-un-fin-de-semana-xl-con-un-82-de-ocupacion-turistica-liderado-por-calingasta\/","title":{"rendered":"San Juan celebra un fin de semana XL con un 82% de ocupaci\u00f3n tur\u00edstica, liderado por Calingasta"},"content":{"rendered":"<p><img decoding=\"async\" src=\"https:\/\/diariod3.com\/inicio\/wp-content\/uploads\/2023\/10\/rio-turquesa.jpg\"\/><\/p>\n<p>El dato es alentador teniendo en cuenta que la reserva previa era bastante m\u00e1s baja.<\/p>\n<p><img decoding=\"async\" src=\"https:\/\/diariod3.com\/inicio\/wp-content\/uploads\/2023\/10\/calinasta.jpg\"\/> <img decoding=\"async\" src=\"https:\/\/diariod3.com\/inicio\/wp-content\/uploads\/2023\/10\/calingast.jpg\"\/> <img decoding=\"async\" src=\"https:\/\/diariod3.com\/inicio\/wp-content\/uploads\/2023\/10\/calingasta1.jpg\"\/><\/p>\n<p>Un dato alentador arrastra este fin de semana extra largo en San Juan. Cuando la reserva en la previa alcanzaba un modesto 70%, el inicio de estos cuatro d\u00edas de descansa elev\u00f3 la ocupaci\u00f3n hotelera al 82%, seg\u00fan datos informados por el Ministerio de Turismo de la provincia.<\/p>\n<p>La expectativa para este finde XL era m\u00e1s bien medida por parte de los operadores tur\u00edsticos. Es que el contexto econ\u00f3mico no resulta alentador y, un dato no menor, en el medio est\u00e1 la celebraci\u00f3n del D\u00eda de la Madre que hace que muchos eviten viajar para pasar el domingo en familia.<\/p>\n<p>As\u00ed las cosas, los \u00faltimos registros oficiales daban cuenta de una ocupaci\u00f3n del 82%.<\/p>\n<p>En el desgloce, aparece Calingasta como el destino m\u00e1s elegido con el 90% de su capacidad tomada, seguido por J\u00e1chal con el 86% e Iglesia con el 85%. En tanto que Valle F\u00e9rtil registra una ocupaci\u00f3n del 83% y el Gran San Juan, el 71%.<\/p>\n<p>Las autoridades estiman que el n\u00famero puede crecer en virtud que mucha gente est\u00e1 viajando hacia esos destinos sin reserva previa.<\/p>\n<p>La entrada <a href=\"https:\/\/diariod3.com\/inicio\/san-juan-celebra-un-fin-de-semana-xl-con-un-82-de-ocupacion-turistica-liderado-por-calingasta\/\" rel=\"noreferrer noopener\" target=\"_blank\">San Juan celebra un fin de semana XL con un 82% de ocupaci\u00f3n tur\u00edstica, liderado por Calingasta<\/a> se public\u00f3 primero en <a href=\"https:\/\/diariod3.com\/inicio\" rel=\"noreferrer noopener\" target=\"_blank\">DIARIO D3 NOTICIAS<\/a>.<\/p>\n","protected":false},"excerpt":{"rendered":"<p>El dato es alentador teniendo en cuenta que la reserva previa era bastante m\u00e1s baja. Un dato alentador arrastra este fin de semana extra largo en San Juan. Cuando la reserva en la previa alcanzaba un modesto 70%, el inicio de estos cuatro d\u00edas de descansa elev\u00f3 la ocupaci\u00f3n hotelera al 82%, seg\u00fan datos informados [&hellip;]<\/p>\n","protected":false},"author":1,"featured_media":7334,"comment_status":"","ping_status":"","sticky":false,"template":"","format":"standard","meta":{"footnotes":""},"categories":[10],"tags":[],"_links":{"self":[{"href":"https:\/\/maxradio923.com.ar\/index.php\/wp-json\/wp\/v2\/posts\/7333"}],"collection":[{"href":"https:\/\/maxradio923.com.ar\/index.php\/wp-json\/wp\/v2\/posts"}],"about":[{"href":"https:\/\/maxradio923.com.ar\/index.php\/wp-json\/wp\/v2\/types\/post"}],"author":[{"embeddable":true,"href":"https:\/\/maxradio923.com.ar\/index.php\/wp-json\/wp\/v2\/users\/1"}],"replies":[{"embeddable":true,"href":"https:\/\/maxradio923.com.ar\/index.php\/wp-json\/wp\/v2\/comments?post=7333"}],"version-history":[{"count":0,"href":"https:\/\/maxradio923.com.ar\/index.php\/wp-json\/wp\/v2\/posts\/7333\/revisions"}],"wp:featuredmedia":[{"embeddable":true,"href":"https:\/\/maxradio923.com.ar\/index.php\/wp-json\/wp\/v2\/media\/7334"}],"wp:attachment":[{"href":"https:\/\/maxradio923.com.ar\/index.php\/wp-json\/wp\/v2\/media?parent=7333"}],"wp:term":[{"taxonomy":"category","embeddable":true,"href":"https:\/\/maxradio923.com.ar\/index.php\/wp-json\/wp\/v2\/categories?post=7333"},{"taxonomy":"post_tag","embeddable":true,"href":"https:\/\/maxradio923.com.ar\/index.php\/wp-json\/wp\/v2\/tags?post=7333"}],"curies":[{"name":"wp","href":"https:\/\/api.w.org\/{rel}","templated":true}]}}