{"id":72659,"date":"2026-01-19T02:00:10","date_gmt":"2026-01-19T05:00:10","guid":{"rendered":"https:\/\/maxradio923.com.ar\/index.php\/2026\/01\/19\/el-plan-de-jack-doohan-para-regresar-a-la-f1-en-2027-y-reiniciar-su-carrera-tras-ser-reemplazado-por-colapinto-en-alpine\/"},"modified":"2026-01-19T02:00:10","modified_gmt":"2026-01-19T05:00:10","slug":"el-plan-de-jack-doohan-para-regresar-a-la-f1-en-2027-y-reiniciar-su-carrera-tras-ser-reemplazado-por-colapinto-en-alpine","status":"publish","type":"post","link":"https:\/\/maxradio923.com.ar\/index.php\/2026\/01\/19\/el-plan-de-jack-doohan-para-regresar-a-la-f1-en-2027-y-reiniciar-su-carrera-tras-ser-reemplazado-por-colapinto-en-alpine\/","title":{"rendered":"El plan de Jack Doohan para regresar a la F1 en 2027 y \u201creiniciar su carrera\u201d tras ser reemplazado por Colapinto en Alpine"},"content":{"rendered":"<p><\/p>\n<div xmlns:default=\"http:\/\/www.w3.org\/2000\/svg\">\n<div class=\"visual__image image-initial-width\"><picture><source srcset=\"https:\/\/www.infobae.com\/resizer\/v2\/O4VQHNHF7VBN5ORWPUEVCMOBE4.JPG?auth=9addf384dbf39d40d96c3dac718dfb2b54063f4600eea06361bf175c1646ac8b&amp;smart=true&amp;width=992&amp;height=650&amp;quality=85\" media=\"(min-width: 1000px)\"\/><source srcset=\"https:\/\/www.infobae.com\/resizer\/v2\/O4VQHNHF7VBN5ORWPUEVCMOBE4.JPG?auth=9addf384dbf39d40d96c3dac718dfb2b54063f4600eea06361bf175c1646ac8b&amp;smart=true&amp;width=768&amp;height=503&amp;quality=85\" media=\"(min-width: 768px)\"\/><source srcset=\"https:\/\/www.infobae.com\/resizer\/v2\/O4VQHNHF7VBN5ORWPUEVCMOBE4.JPG?auth=9addf384dbf39d40d96c3dac718dfb2b54063f4600eea06361bf175c1646ac8b&amp;smart=true&amp;width=577&amp;height=378&amp;quality=85\" media=\"(min-width: 580px)\"\/><source srcset=\"https:\/\/www.infobae.com\/resizer\/v2\/O4VQHNHF7VBN5ORWPUEVCMOBE4.JPG?auth=9addf384dbf39d40d96c3dac718dfb2b54063f4600eea06361bf175c1646ac8b&amp;smart=true&amp;width=420&amp;height=275&amp;quality=85\" media=\"(min-width: 350px)\"\/><source srcset=\"https:\/\/www.infobae.com\/resizer\/v2\/O4VQHNHF7VBN5ORWPUEVCMOBE4.JPG?auth=9addf384dbf39d40d96c3dac718dfb2b54063f4600eea06361bf175c1646ac8b&amp;smart=true&amp;width=350&amp;height=229&amp;quality=85\" media=\"(min-width: 80px)\"\/><img alt=\"Jack Doohan est\u00e1 en conversaciones\" class=\"global-image\" decoding=\"async\" fetchpriority=\"high\" height=\"524\" loading=\"eager\" src=\"https:\/\/www.infobae.com\/resizer\/v2\/O4VQHNHF7VBN5ORWPUEVCMOBE4.JPG?auth=9addf384dbf39d40d96c3dac718dfb2b54063f4600eea06361bf175c1646ac8b&amp;smart=true&amp;width=350&amp;height=229&amp;quality=85\" width=\"800\"\/><\/picture><figcaption class=\"article-figcaption-img\">Jack Doohan est\u00e1 en conversaciones con Haas para sumarse como reserva en 2026 (REUTERS\/Jakub Porzycki)<\/figcaption><\/div>\n<p class=\"paragraph\"><b>Jack Doohan<\/b> tuvo un paso ef\u00edmero por la <b>F\u00f3rmula 1 <\/b>como piloto titular. Despu\u00e9s de ser reserva por dos a\u00f1os con <b>Alpine<\/b>, la escuder\u00eda francesa le dio la oportunidad de competir desde el arranque del 2025. Sin embargo, <b>el australiano complet\u00f3 decepcionantes actuaciones, donde se incluyen m\u00faltiples accidentes, y fue relegado de su butaca por Franco Colapinto<\/b> luego de seis Grandes Premios. El joven de 22 a\u00f1os se march\u00f3 del equipo con sede en Enstone, aunque todav\u00eda no abandon\u00f3 sus aspiraciones de correr en la <i>M\u00e1xima<\/i>: <b>podr\u00eda llegar a un acuerdo con Haas con vistas a tener una chance en 2027<\/b>.<\/p>\n<p class=\"paragraph\">Seg\u00fan inform\u00f3 el portal especializado <i>PlanetF1<\/i>, <b>Doohan \u201cse acerca a ser reserva de Haas F1 y piloto de Super F\u00f3rmula\u201d con el objetivo de \u201creiniciar su carrera\u201d<\/b>. M\u00e1s all\u00e1 de que su salida de Alpine se formaliz\u00f3 hace algunas semanas, su marcha de la escuder\u00eda ya estaba delimitada hace algunos meses, principalmente despu\u00e9s de perder su asiento titular en manos de Colapinto. <\/p>\n<p class=\"paragraph\">El plan de Jack Doohan y su entorno se centra en <b>lograr una asociaci\u00f3n con Toyota<\/b>, algo que le abrir\u00e1 una puerta para competir en la Super F\u00f3rmula Japonesa con <b>Kondo Racing<\/b> y sumarse como reserva en Haas. \u201c<b>La decisi\u00f3n de dirigirse ahora a Jap\u00f3n tiene como objetivo darle al australiano algo de tiempo de competici\u00f3n por primera vez en casi un a\u00f1o<\/b>. Se trata de una decisi\u00f3n dise\u00f1ada para mantenerlo en forma si surge una oportunidad en la F1\u201d, destac\u00f3 el medio mencionado. <\/p>\n<div class=\"visual__image\"><picture><source srcset=\"https:\/\/www.infobae.com\/resizer\/v2\/RTKBHQJQBRFDTNC27UWEQJDRGI.jpg?auth=4b3d314d0763235cf37905f155c12f1a9586f315439036188b853aff22acaf84&amp;smart=true&amp;width=992&amp;height=661&amp;quality=85\" media=\"(min-width: 1000px)\"\/><source srcset=\"https:\/\/www.infobae.com\/resizer\/v2\/RTKBHQJQBRFDTNC27UWEQJDRGI.jpg?auth=4b3d314d0763235cf37905f155c12f1a9586f315439036188b853aff22acaf84&amp;smart=true&amp;width=768&amp;height=512&amp;quality=85\" media=\"(min-width: 768px)\"\/><source srcset=\"https:\/\/www.infobae.com\/resizer\/v2\/RTKBHQJQBRFDTNC27UWEQJDRGI.jpg?auth=4b3d314d0763235cf37905f155c12f1a9586f315439036188b853aff22acaf84&amp;smart=true&amp;width=577&amp;height=385&amp;quality=85\" media=\"(min-width: 580px)\"\/><source srcset=\"https:\/\/www.infobae.com\/resizer\/v2\/RTKBHQJQBRFDTNC27UWEQJDRGI.jpg?auth=4b3d314d0763235cf37905f155c12f1a9586f315439036188b853aff22acaf84&amp;smart=true&amp;width=420&amp;height=280&amp;quality=85\" media=\"(min-width: 350px)\"\/><source srcset=\"https:\/\/www.infobae.com\/resizer\/v2\/RTKBHQJQBRFDTNC27UWEQJDRGI.jpg?auth=4b3d314d0763235cf37905f155c12f1a9586f315439036188b853aff22acaf84&amp;smart=true&amp;width=350&amp;height=233&amp;quality=85\" media=\"(min-width: 80px)\"\/><img alt=\"Doohan fue piloto reserva de\" class=\"global-image\" decoding=\"async\" fetchpriority=\"low\" height=\"1280\" loading=\"lazy\" src=\"https:\/\/www.infobae.com\/resizer\/v2\/RTKBHQJQBRFDTNC27UWEQJDRGI.jpg?auth=4b3d314d0763235cf37905f155c12f1a9586f315439036188b853aff22acaf84&amp;smart=true&amp;width=350&amp;height=233&amp;quality=85\" width=\"1920\"\/><\/picture><figcaption class=\"article-figcaption-img\">Doohan fue piloto reserva de Alpine durante 2023 y 2024, mientras que en el 2025 corri\u00f3 seis carreras antes de ser eyectado de su butaca<\/figcaption><\/div>\n<p class=\"paragraph\">Toyota y Haas mantienen una fuerte asociaci\u00f3n en octubre de 2024, cuando la empresa japonesa se uni\u00f3 al proyecto de la escuder\u00eda de la M\u00e1xima, al punto de que el equipo pas\u00f3 a llamarse <b>TGR (Toyota Gazoo Racing) Haas F1 Team en 2026<\/b>. El acuerdo incluye un fuerte compromiso respecto a los ingenieros, mec\u00e1nicos y pilotos con experiencia que se suman al equipo estadounidense por parte de la empresa asi\u00e1tica.<\/p>\n<p class=\"paragraph\">En este contexto, la alianza que busca Doohan es \u201cun paso l\u00f3gico\u201d para el futuro de su carrera. No obstante, <b>unirse a Haas como piloto de reserva tiene sus adversidades y no le asegura un asiento seguro para 2027. <\/b>Uno de los problemas es que el australiano ya no es considerado como novato (disput\u00f3 siete carreras), por lo que no puede disputar las pr\u00e1cticas libres obligatorias en las que los corredores titulares deben ceder su butaca. <\/p>\n<p><soccer-worldcup2026-cta-predict\/><link rel=\"stylesheet\" crossorigin=\"true\" href=\"https:\/\/storage.googleapis.com\/arc-buckets\/web-components\/soccer\/ctas\/predict.css\"\/>\n<p class=\"paragraph\">Adem\u00e1s, Haas y Toyota dejaron en claro durante el 2025 que el japon\u00e9s <b>Ryo Hirakawa<\/b> es la primera opci\u00f3n a considerar en caso de que <b>Esteban Ocon<\/b> y <b>Oliver Bearman<\/b> no puedan competir. La alternativa para mantenerse activo con un veh\u00edculo del Gran Circo ser\u00eda \u00fanicamente con las pruebas <b>TPC (Testing of Previous Cars)<\/b>.<\/p>\n<div class=\"visual__image\"><picture><source srcset=\"https:\/\/www.infobae.com\/resizer\/v2\/MJX3YXRDCNFXVISDUZHHTRRT34.jpg?auth=75b843a69bd994a572bfb4d75c85177820fb2af45d14e151a019e2f6173b6c2f&amp;smart=true&amp;width=992&amp;height=558&amp;quality=85\" media=\"(min-width: 1000px)\"\/><source srcset=\"https:\/\/www.infobae.com\/resizer\/v2\/MJX3YXRDCNFXVISDUZHHTRRT34.jpg?auth=75b843a69bd994a572bfb4d75c85177820fb2af45d14e151a019e2f6173b6c2f&amp;smart=true&amp;width=768&amp;height=432&amp;quality=85\" media=\"(min-width: 768px)\"\/><source srcset=\"https:\/\/www.infobae.com\/resizer\/v2\/MJX3YXRDCNFXVISDUZHHTRRT34.jpg?auth=75b843a69bd994a572bfb4d75c85177820fb2af45d14e151a019e2f6173b6c2f&amp;smart=true&amp;width=577&amp;height=325&amp;quality=85\" media=\"(min-width: 580px)\"\/><source srcset=\"https:\/\/www.infobae.com\/resizer\/v2\/MJX3YXRDCNFXVISDUZHHTRRT34.jpg?auth=75b843a69bd994a572bfb4d75c85177820fb2af45d14e151a019e2f6173b6c2f&amp;smart=true&amp;width=420&amp;height=236&amp;quality=85\" media=\"(min-width: 350px)\"\/><source srcset=\"https:\/\/www.infobae.com\/resizer\/v2\/MJX3YXRDCNFXVISDUZHHTRRT34.jpg?auth=75b843a69bd994a572bfb4d75c85177820fb2af45d14e151a019e2f6173b6c2f&amp;smart=true&amp;width=350&amp;height=197&amp;quality=85\" media=\"(min-width: 80px)\"\/><img alt=\"Jack Doohan disput\u00f3 siete Grandes\" class=\"global-image\" decoding=\"async\" fetchpriority=\"low\" height=\"486\" loading=\"lazy\" src=\"https:\/\/www.infobae.com\/resizer\/v2\/MJX3YXRDCNFXVISDUZHHTRRT34.jpg?auth=75b843a69bd994a572bfb4d75c85177820fb2af45d14e151a019e2f6173b6c2f&amp;smart=true&amp;width=350&amp;height=197&amp;quality=85\" width=\"864\"\/><\/picture><figcaption class=\"article-figcaption-img\">Jack Doohan disput\u00f3 siete Grandes Premios de la F\u00f3rmula 1 en su carrera, aunque su mejor resultado fue un 13\u00b0 puesto en el que escal\u00f3 tres posiciones en el final por descalificaciones<\/figcaption><\/div>\n<p class=\"paragraph\">En este contexto, la \u00fanica oportunidad para volver a subirse a un monoplaza de F\u00f3rmula 1 en una sesi\u00f3n oficial podr\u00eda llegar reci\u00e9n en 2027. \u201c<b>Tal como est\u00e1 la situaci\u00f3n, la intenci\u00f3n es trabajar con Haas como piloto de reserva para la F1 2026 con miras a conseguir un asiento en el equipo en 2027<\/b>\u201d, menciona <i>PlanetF1<\/i>.<\/p>\n<p class=\"paragraph\">En esta misma l\u00ednea, el portal se\u00f1al\u00f3: \u201cDesde la perspectiva de Haas, hay buena l\u00f3gica. Mientras Esteban Ocon se mantiene tan competitivo y combativo como siempre, <b>Oliver Bearman impresion\u00f3 en su a\u00f1o de novato. Dadas sus conexiones con Ferrari y la incertidumbre que rodea el futuro de Lewis Hamilton, es plausible que Bearman sea trasladado a Maranello para la F1 2027, abriendo un lugar en el equipo de propiedad estadounidense<\/b>\u201d.<\/p>\n<p class=\"paragraph\">Con este panorama, Doohan podr\u00eda entrar en la pelea de una futura butaca libre en la F1, aunque para esto tienen que suceder m\u00faltiples acontecimientos. No obstante, <b>el australiano no dej\u00f3 buenas impresiones en su estreno en la Super F\u00f3rmula Japonesa<\/b>. Durante los test de postemporada, sufri\u00f3 <b>tres accidentes en tres d\u00edas distintos<\/b> en la misma curva del circuito de Suzuka, una racha que marc\u00f3 de manera negativa su debut en la competencia nipona.<\/p>\n<div class=\"visual__image\"><picture><source srcset=\"https:\/\/www.infobae.com\/resizer\/v2\/YX7EOEGARVANLJ4OR5NPGJGRPA.jpg?auth=445d9aa474d89dd677dd9439733b221053d5fd332b4c029f9de6c53863b2e2b0&amp;smart=true&amp;width=992&amp;height=558&amp;quality=85\" media=\"(min-width: 1000px)\"\/><source srcset=\"https:\/\/www.infobae.com\/resizer\/v2\/YX7EOEGARVANLJ4OR5NPGJGRPA.jpg?auth=445d9aa474d89dd677dd9439733b221053d5fd332b4c029f9de6c53863b2e2b0&amp;smart=true&amp;width=768&amp;height=432&amp;quality=85\" media=\"(min-width: 768px)\"\/><source srcset=\"https:\/\/www.infobae.com\/resizer\/v2\/YX7EOEGARVANLJ4OR5NPGJGRPA.jpg?auth=445d9aa474d89dd677dd9439733b221053d5fd332b4c029f9de6c53863b2e2b0&amp;smart=true&amp;width=577&amp;height=325&amp;quality=85\" media=\"(min-width: 580px)\"\/><source srcset=\"https:\/\/www.infobae.com\/resizer\/v2\/YX7EOEGARVANLJ4OR5NPGJGRPA.jpg?auth=445d9aa474d89dd677dd9439733b221053d5fd332b4c029f9de6c53863b2e2b0&amp;smart=true&amp;width=420&amp;height=236&amp;quality=85\" media=\"(min-width: 350px)\"\/><source srcset=\"https:\/\/www.infobae.com\/resizer\/v2\/YX7EOEGARVANLJ4OR5NPGJGRPA.jpg?auth=445d9aa474d89dd677dd9439733b221053d5fd332b4c029f9de6c53863b2e2b0&amp;smart=true&amp;width=350&amp;height=197&amp;quality=85\" media=\"(min-width: 80px)\"\/><img alt=\"El plan de Jack Doohan\" class=\"global-image\" decoding=\"async\" fetchpriority=\"low\" height=\"864\" loading=\"lazy\" src=\"https:\/\/www.infobae.com\/resizer\/v2\/YX7EOEGARVANLJ4OR5NPGJGRPA.jpg?auth=445d9aa474d89dd677dd9439733b221053d5fd332b4c029f9de6c53863b2e2b0&amp;smart=true&amp;width=350&amp;height=197&amp;quality=85\" width=\"1536\"\/><\/picture><figcaption class=\"article-figcaption-img\">El plan de Jack Doohan se centra en competir en la Super F\u00f3rmula Japonesa y ser reserva de Haas en el 2026 (@AlpineF1Team)<\/figcaption><\/div>\n<p class=\"paragraph\">El paso de Doohan por la temporada 2025 de la F\u00f3rmula 1 no entreg\u00f3 resultados destacados, un factor que reforz\u00f3 la decisi\u00f3n de relegarlo de su puesto por Franco Colapinto, quien ser\u00e1 titular con Alpine en 2026.<\/p>\n<p class=\"paragraph\">Luego de debutar de manera oficial con <b>15\u00b0 puesto en el GP de Abi Dhabi 2024<\/b>, en <b>Australia termin\u00f3 en la posici\u00f3n 19\u00b0 tras un incidente <\/b>en la primera vuelta. En <b>China, lleg\u00f3 13\u00b0 <\/b>luego de tres descalificaciones en la parrilla, mientras que en la Sprint <b>protagoniz\u00f3 un ins\u00f3lito accidente<\/b> en la \u00faltima vuelta. <\/p>\n<p class=\"paragraph\">Durante el fin de semana en <b>Jap\u00f3n<\/b>, donde qued\u00f3 <b>15\u00b0 <\/b>en la carrera principal, <b>sufri\u00f3 un impactante choque contra los muros en la segunda pr\u00e1ctica libre<\/b><b> en la que destroz\u00f3 su monoplaza<\/b>. Posteriormente, cruz\u00f3 la bandera a cuadros 1<b>4\u00b0 en Bahr\u00e9in<\/b>, resultado condicionado por otra descalificaci\u00f3n. En <b>Arabia Saudita cruz\u00f3 la meta en el 17\u00b0 puesto<\/b>, mientras que en <b>Miami se accident\u00f3 en la primera vuelta<\/b> y tuvo que abandonar.<\/p>\n<\/div>\n<p><script defer=\"\">try{!function(f,b,e,v,n,t,s) {if(f.fbq)return;n=f.fbq=function(){n.callMethod? n.callMethod.apply(n,arguments):n.queue.push(arguments)}; if(!f._fbq)f._fbq=n;n.push=n;n.loaded=!0;n.version='2.0'; n.queue=[];t=b.createElement(e);t.async=!0; t.src=v;s=b.getElementsByTagName(e)[0]; s.parentNode.insertBefore(t,s)}(window, document,'script', ' fbq('init', '336383993555320'); fbq('track', 'PageView'); fbq('track', 'ViewContent');}catch(error){console.log(\"Error al inicializar facebookPixelRawCodeScript:\",error);}<\/script><\/p>\n","protected":false},"excerpt":{"rendered":"<p>Jack Doohan est\u00e1 en conversaciones con Haas para sumarse como reserva en 2026 (REUTERS\/Jakub Porzycki) Jack Doohan tuvo un paso ef\u00edmero por la F\u00f3rmula 1 como piloto titular. Despu\u00e9s de ser reserva por dos a\u00f1os con Alpine, la escuder\u00eda francesa le dio la oportunidad de competir desde el arranque del 2025. Sin embargo, el australiano [&hellip;]<\/p>\n","protected":false},"author":2,"featured_media":72660,"comment_status":"","ping_status":"","sticky":false,"template":"","format":"standard","meta":{"footnotes":""},"categories":[2],"tags":[],"_links":{"self":[{"href":"https:\/\/maxradio923.com.ar\/index.php\/wp-json\/wp\/v2\/posts\/72659"}],"collection":[{"href":"https:\/\/maxradio923.com.ar\/index.php\/wp-json\/wp\/v2\/posts"}],"about":[{"href":"https:\/\/maxradio923.com.ar\/index.php\/wp-json\/wp\/v2\/types\/post"}],"author":[{"embeddable":true,"href":"https:\/\/maxradio923.com.ar\/index.php\/wp-json\/wp\/v2\/users\/2"}],"replies":[{"embeddable":true,"href":"https:\/\/maxradio923.com.ar\/index.php\/wp-json\/wp\/v2\/comments?post=72659"}],"version-history":[{"count":0,"href":"https:\/\/maxradio923.com.ar\/index.php\/wp-json\/wp\/v2\/posts\/72659\/revisions"}],"wp:featuredmedia":[{"embeddable":true,"href":"https:\/\/maxradio923.com.ar\/index.php\/wp-json\/wp\/v2\/media\/72660"}],"wp:attachment":[{"href":"https:\/\/maxradio923.com.ar\/index.php\/wp-json\/wp\/v2\/media?parent=72659"}],"wp:term":[{"taxonomy":"category","embeddable":true,"href":"https:\/\/maxradio923.com.ar\/index.php\/wp-json\/wp\/v2\/categories?post=72659"},{"taxonomy":"post_tag","embeddable":true,"href":"https:\/\/maxradio923.com.ar\/index.php\/wp-json\/wp\/v2\/tags?post=72659"}],"curies":[{"name":"wp","href":"https:\/\/api.w.org\/{rel}","templated":true}]}}