{"id":72657,"date":"2026-01-19T01:58:08","date_gmt":"2026-01-19T04:58:08","guid":{"rendered":"https:\/\/maxradio923.com.ar\/index.php\/2026\/01\/19\/con-tablas-de-surf-guardavidas-rescataron-a-un-joven-en-mar-del-plata\/"},"modified":"2026-01-19T01:58:08","modified_gmt":"2026-01-19T04:58:08","slug":"con-tablas-de-surf-guardavidas-rescataron-a-un-joven-en-mar-del-plata","status":"publish","type":"post","link":"https:\/\/maxradio923.com.ar\/index.php\/2026\/01\/19\/con-tablas-de-surf-guardavidas-rescataron-a-un-joven-en-mar-del-plata\/","title":{"rendered":"Con tablas de surf, guardavidas rescataron a un joven en Mar del Plata"},"content":{"rendered":"<p><\/p>\n<h2 class=\"article-subheadline text_align_left\">La v\u00edctima practicaba kitesurf, cuando perdi\u00f3 el control de su tabla y fue arrastrado hacia la escollera Sur<\/h2>\n<p><\/p>\n<p class=\"paragraph\">Una tarde agitada sorprendi\u00f3 a quienes caminaban por la playa del puerto de <b>Mar del Plata<\/b>. El viento soplaba con fuerza y, en medio de ese clima, una escena capt\u00f3 la atenci\u00f3n de todos: <b>un hombre que practicaba kitesurf perdi\u00f3 el control y fue salvado por guardavidas que se arrojaron al mar en tablas de surf<\/b>. <\/p>\n<p><\/p>\n<p class=\"paragraph\">El profesional <b>Hern\u00e1n Carro <\/b>subray\u00f3 en sus redes sociales que este tipo de episodios no son aislados en el inicio de la temporada 2026. \u201cEn lo que va de este comienzo de temporada 2026 ya los y las guardavidas tuvieron varias intervenciones. Hacen un buen equipo\u201d, coment\u00f3.<\/p>\n<p><\/p>\n<p class=\"paragraph\">El rescate no solo involucr\u00f3 a los profesionales del puesto de seguridad, ya que <b>algunos surfistas decidieron colaborar y se sumaron a la ayuda con sus propias tablas<\/b>. <\/p>\n<p><\/p>\n<p class=\"paragraph\">La publicaci\u00f3n del video se viraliz\u00f3 r\u00e1pidamente y gener\u00f3, entre la comunidad, reacciones diversas: desde el reconocimiento a la labor de los guardavidas hasta cuestionamientos sobre la responsabilidad de quienes ingresan al mar en situaciones de riesgo. La v\u00edctima qued\u00f3 fuera de peligro en pocos minutos y el incidente se resolvi\u00f3 sin consecuencias graves.<\/p>\n<p><\/p>\n<p class=\"paragraph\">Una fuerte r\u00e1faga de viento sorprendi\u00f3 a <b>Mar del Plata<\/b> este s\u00e1bado tras una alerta del <b>Servicio Meteorol\u00f3gico Nacional (SMN)<\/b>, ocasionando <b>da\u00f1os en la playa, el centro y distintos barrios de la ciudad, con ca\u00eddas de \u00e1rboles, postes y voladuras de sombrillas y techos<\/b>. El fen\u00f3meno, que se extendi\u00f3 durante unos veinte minutos, se desat\u00f3 poco despu\u00e9s de las 15 y estuvo acompa\u00f1ado por lluvias intensas y r\u00e1fagas que alcanzaron hasta 70 kil\u00f3metros por hora.<\/p>\n<p><\/p>\n<p class=\"paragraph\">En la zona c\u00e9ntrica y en <b>La Perla<\/b>, la situaci\u00f3n se torn\u00f3 especialmente tensa cuando las condiciones meteorol\u00f3gicas cambiaron de forma abrupta. El viento provoc\u00f3 la rotura de paneles de vidrio en la planta baja del edificio <b>Maral 50<\/b>, ubicado frente a la costa.<\/p>\n","protected":false},"excerpt":{"rendered":"<p>La v\u00edctima practicaba kitesurf, cuando perdi\u00f3 el control de su tabla y fue arrastrado hacia la escollera Sur Una tarde agitada sorprendi\u00f3 a quienes caminaban por la playa del puerto de Mar del Plata. El viento soplaba con fuerza y, en medio de ese clima, una escena capt\u00f3 la atenci\u00f3n de todos: un hombre que [&hellip;]<\/p>\n","protected":false},"author":2,"featured_media":72658,"comment_status":"","ping_status":"","sticky":false,"template":"","format":"standard","meta":{"footnotes":""},"categories":[12],"tags":[],"_links":{"self":[{"href":"https:\/\/maxradio923.com.ar\/index.php\/wp-json\/wp\/v2\/posts\/72657"}],"collection":[{"href":"https:\/\/maxradio923.com.ar\/index.php\/wp-json\/wp\/v2\/posts"}],"about":[{"href":"https:\/\/maxradio923.com.ar\/index.php\/wp-json\/wp\/v2\/types\/post"}],"author":[{"embeddable":true,"href":"https:\/\/maxradio923.com.ar\/index.php\/wp-json\/wp\/v2\/users\/2"}],"replies":[{"embeddable":true,"href":"https:\/\/maxradio923.com.ar\/index.php\/wp-json\/wp\/v2\/comments?post=72657"}],"version-history":[{"count":0,"href":"https:\/\/maxradio923.com.ar\/index.php\/wp-json\/wp\/v2\/posts\/72657\/revisions"}],"wp:featuredmedia":[{"embeddable":true,"href":"https:\/\/maxradio923.com.ar\/index.php\/wp-json\/wp\/v2\/media\/72658"}],"wp:attachment":[{"href":"https:\/\/maxradio923.com.ar\/index.php\/wp-json\/wp\/v2\/media?parent=72657"}],"wp:term":[{"taxonomy":"category","embeddable":true,"href":"https:\/\/maxradio923.com.ar\/index.php\/wp-json\/wp\/v2\/categories?post=72657"},{"taxonomy":"post_tag","embeddable":true,"href":"https:\/\/maxradio923.com.ar\/index.php\/wp-json\/wp\/v2\/tags?post=72657"}],"curies":[{"name":"wp","href":"https:\/\/api.w.org\/{rel}","templated":true}]}}