{"id":72651,"date":"2026-01-19T01:24:08","date_gmt":"2026-01-19T04:24:08","guid":{"rendered":"https:\/\/maxradio923.com.ar\/index.php\/2026\/01\/19\/como-cuidar-el-cuero-cabelludo-para-lograr-un-pelo-sano-fuerte-y-brillante\/"},"modified":"2026-01-19T01:24:08","modified_gmt":"2026-01-19T04:24:08","slug":"como-cuidar-el-cuero-cabelludo-para-lograr-un-pelo-sano-fuerte-y-brillante","status":"publish","type":"post","link":"https:\/\/maxradio923.com.ar\/index.php\/2026\/01\/19\/como-cuidar-el-cuero-cabelludo-para-lograr-un-pelo-sano-fuerte-y-brillante\/","title":{"rendered":"C\u00f3mo cuidar el cuero cabelludo para lograr un pelo sano, fuerte y brillante"},"content":{"rendered":"<p><\/p>\n<h2 class=\"article-subheadline text_align_left\">Lavar, exfoliar y masajear con suavidad permite mejorar la salud capilar desde la ra\u00edz y obtener resultados de belleza visibles y duraderos<\/h2>\n<p><\/p>\n<p class=\"paragraph\">Durante a\u00f1os, la conversaci\u00f3n sobre el <b>cuidado<\/b> del <b>cabello<\/b> se centr\u00f3 casi exclusivamente en lo <b>visible<\/b>: el <b>brillo<\/b>, el <b>color, la suavidad, el frizz o el corte. <\/b>Hablamos de champ\u00fa, mascarillas, aceites y tratamientos como si fuera una tela que solo necesita <b>productos <\/b>para verse bien. Sin embargo, hay una <b>verdad<\/b> b\u00e1sica que muchas veces queda relegada: el <b>cabello<\/b> nace del <b>cuero cabelludo<\/b>. Y <b>si esa base no est\u00e1 sana, ning\u00fan producto externo va a compensarlo.<\/b><\/p>\n<p><\/p>\n<p class=\"paragraph\">El primer error com\u00fan es tratar el <b>cuero cabelludo<\/b> como si fuera <b>cabello<\/b>. No lo es. Es <b>piel<\/b>, con <b>fol\u00edculos pilosos<\/b>, gl\u00e1ndulas seb\u00e1ceas, terminaciones nerviosas y circulaci\u00f3n sangu\u00ednea. Tiene <b>necesidades<\/b> <b>espec\u00edficas <\/b>y reacciona a los <b>productos<\/b>, a la <b>temperatura <\/b>del agua y a la forma en que lo tocamos.<\/p>\n<p><\/p>\n<p class=\"paragraph\">Cuando solo nos enfocamos en \u201clavar el largo\u201d, dejamos de lado la <b>limpieza<\/b> real. Esto puede provocar <b>acumulaci\u00f3n de sebo, restos de productos, c\u00e9lulas muertas y suciedad ambiental<\/b>. Con el tiempo, esa acumulaci\u00f3n interfiere con el <b>crecimiento<\/b> saludable del cabello y puede generar <b>picaz\u00f3n, descamaci\u00f3n, exceso de grasitud o ca\u00edda.<\/b><\/p>\n<p><\/p>\n<p class=\"paragraph\">Un <b>cuero cabelludo<\/b> limpio y equilibrado es un <b>terreno f\u00e9rtil<\/b>. Uno descuidado es un obst\u00e1culo constante.<\/p>\n<p><\/p>\n<p class=\"paragraph\">Lavar el <b>cabello<\/b> no significa frotar con fuerza ni generar mucha espuma. Significa limpiar de manera <b>consciente<\/b>.<\/p>\n<p><\/p>\n<p class=\"paragraph\">El <b>champ\u00fa<\/b> debe aplicarse siempre sobre el <b>cuero cabelludo<\/b>, no sobre los largos. Los largos se limpian con el escurrido natural de la espuma al enjuagar. Colocar directamente en las <b>puntas<\/b> solo reseca y debilita la <b>fibra capilar<\/b>.<\/p>\n","protected":false},"excerpt":{"rendered":"<p>Lavar, exfoliar y masajear con suavidad permite mejorar la salud capilar desde la ra\u00edz y obtener resultados de belleza visibles y duraderos Durante a\u00f1os, la conversaci\u00f3n sobre el cuidado del cabello se centr\u00f3 casi exclusivamente en lo visible: el brillo, el color, la suavidad, el frizz o el corte. Hablamos de champ\u00fa, mascarillas, aceites y [&hellip;]<\/p>\n","protected":false},"author":2,"featured_media":72652,"comment_status":"","ping_status":"","sticky":false,"template":"","format":"standard","meta":{"footnotes":""},"categories":[12],"tags":[],"_links":{"self":[{"href":"https:\/\/maxradio923.com.ar\/index.php\/wp-json\/wp\/v2\/posts\/72651"}],"collection":[{"href":"https:\/\/maxradio923.com.ar\/index.php\/wp-json\/wp\/v2\/posts"}],"about":[{"href":"https:\/\/maxradio923.com.ar\/index.php\/wp-json\/wp\/v2\/types\/post"}],"author":[{"embeddable":true,"href":"https:\/\/maxradio923.com.ar\/index.php\/wp-json\/wp\/v2\/users\/2"}],"replies":[{"embeddable":true,"href":"https:\/\/maxradio923.com.ar\/index.php\/wp-json\/wp\/v2\/comments?post=72651"}],"version-history":[{"count":0,"href":"https:\/\/maxradio923.com.ar\/index.php\/wp-json\/wp\/v2\/posts\/72651\/revisions"}],"wp:featuredmedia":[{"embeddable":true,"href":"https:\/\/maxradio923.com.ar\/index.php\/wp-json\/wp\/v2\/media\/72652"}],"wp:attachment":[{"href":"https:\/\/maxradio923.com.ar\/index.php\/wp-json\/wp\/v2\/media?parent=72651"}],"wp:term":[{"taxonomy":"category","embeddable":true,"href":"https:\/\/maxradio923.com.ar\/index.php\/wp-json\/wp\/v2\/categories?post=72651"},{"taxonomy":"post_tag","embeddable":true,"href":"https:\/\/maxradio923.com.ar\/index.php\/wp-json\/wp\/v2\/tags?post=72651"}],"curies":[{"name":"wp","href":"https:\/\/api.w.org\/{rel}","templated":true}]}}