{"id":72643,"date":"2026-01-19T00:36:08","date_gmt":"2026-01-19T03:36:08","guid":{"rendered":"https:\/\/maxradio923.com.ar\/index.php\/2026\/01\/19\/de-su-pasion-por-el-surf-al-reencuentro-con-su-obra-favorita-el-verano-de-facundo-arana-en-mar-del-plata\/"},"modified":"2026-01-19T00:36:08","modified_gmt":"2026-01-19T03:36:08","slug":"de-su-pasion-por-el-surf-al-reencuentro-con-su-obra-favorita-el-verano-de-facundo-arana-en-mar-del-plata","status":"publish","type":"post","link":"https:\/\/maxradio923.com.ar\/index.php\/2026\/01\/19\/de-su-pasion-por-el-surf-al-reencuentro-con-su-obra-favorita-el-verano-de-facundo-arana-en-mar-del-plata\/","title":{"rendered":"De su pasi\u00f3n por el surf al reencuentro con su obra favorita: el verano de Facundo Arana en Mar del Plata"},"content":{"rendered":"<p><\/p>\n<h2 class=\"article-subheadline text_align_left\">Adem\u00e1s de protagonizar \u201cEn el aire\u201d y surfear las olas, el actor habla de su fanatismo por el dibujo<\/h2>\n<p><\/p>\n<p class=\"paragraph\"><i>(Enviado especial)<\/i> Lejos de los flashes y la vor\u00e1gine de la capital, \u00e9l se refugia en la tranquilidad <b>de la playa y el mar<\/b>. Entre d\u00edas soleados y ventosos, <b>Facundo Arana<\/b><b> <\/b>aprovecha para surfear, comer los mejores platos de <b>Mar del Plata<\/b> y perfeccionar el dibujo, su talento oculto. En ese marco, el actor disfruta de lo que m\u00e1s le gusta, hacer teatro. Y no se trata de cualquier obra, si no de una de sus favoritas: <i>En el aire<\/i>. <\/p>\n<p><\/p>\n<p class=\"paragraph\"><b>\u2014\u00bfC\u00f3mo te sent\u00eds en el comienzo de a\u00f1o?<\/b><\/p>\n<p><\/p>\n<p class=\"paragraph\">\u2014Estoy haciendo teatro. Tambi\u00e9n me la paso en la playa, en familia, dibujando, escribiendo, surfeando. M\u00e1s no puedo pedir. Y ahora el 22 y el 29 voy a hacer teatro en Tandil tambi\u00e9n, en el Teatro del Fuerte. Los viernes voy a estar tocando a la noche en Ogham con una banda que armamos con Mario Orbe. Es como cuando tu profesi\u00f3n es lo que so\u00f1aste y en el lugar que so\u00f1aste, con quienes so\u00f1aste y est\u00e1s pasando el verano con quienes so\u00f1aste.<\/p>\n<p><\/p>\n<p class=\"paragraph\"><b>\u2014Est\u00e1s presentando<\/b><i><b> En el aire<\/b><\/i><b>, una obra que ya tiene m\u00e1s de trece a\u00f1os&#8230;<\/b><\/p>\n<p><\/p>\n<p class=\"paragraph\">\u2014S\u00ed, tiene trece a\u00f1os y es incre\u00edble. Hago muchas obras de teatro, pero todo el tiempo estoy queriendo volver a <i>En el aire<\/i>, porque es una belleza la historia. La escribimos junto con Manuel Gonz\u00e1lez Gil, tiene la m\u00fasica de Mart\u00edn Bianchedi, colabor\u00f3 Sebasti\u00e1n Irigo y es una pieza teatral preciosa. Es como una delicadeza muy linda. Y art\u00edsticamente me pide todo y m\u00e1s lo que tengo para dar. Y no hay nada m\u00e1s lindo para un artista que en el momento de tener que hacer tu oficio, tu laburo, la funci\u00f3n que ten\u00e9s que hacer, entrar con todo. Me hace muy bien, no s\u00e9 c\u00f3mo explicarte.<\/p>\n<p><\/p>\n<p class=\"paragraph\"><b>\u2014\u00bfQu\u00e9 recepci\u00f3n ten\u00e9s del p\u00fablico?<\/b><\/p>\n","protected":false},"excerpt":{"rendered":"<p>Adem\u00e1s de protagonizar \u201cEn el aire\u201d y surfear las olas, el actor habla de su fanatismo por el dibujo (Enviado especial) Lejos de los flashes y la vor\u00e1gine de la capital, \u00e9l se refugia en la tranquilidad de la playa y el mar. Entre d\u00edas soleados y ventosos, Facundo Arana aprovecha para surfear, comer los [&hellip;]<\/p>\n","protected":false},"author":2,"featured_media":72644,"comment_status":"","ping_status":"","sticky":false,"template":"","format":"standard","meta":{"footnotes":""},"categories":[12],"tags":[],"_links":{"self":[{"href":"https:\/\/maxradio923.com.ar\/index.php\/wp-json\/wp\/v2\/posts\/72643"}],"collection":[{"href":"https:\/\/maxradio923.com.ar\/index.php\/wp-json\/wp\/v2\/posts"}],"about":[{"href":"https:\/\/maxradio923.com.ar\/index.php\/wp-json\/wp\/v2\/types\/post"}],"author":[{"embeddable":true,"href":"https:\/\/maxradio923.com.ar\/index.php\/wp-json\/wp\/v2\/users\/2"}],"replies":[{"embeddable":true,"href":"https:\/\/maxradio923.com.ar\/index.php\/wp-json\/wp\/v2\/comments?post=72643"}],"version-history":[{"count":0,"href":"https:\/\/maxradio923.com.ar\/index.php\/wp-json\/wp\/v2\/posts\/72643\/revisions"}],"wp:featuredmedia":[{"embeddable":true,"href":"https:\/\/maxradio923.com.ar\/index.php\/wp-json\/wp\/v2\/media\/72644"}],"wp:attachment":[{"href":"https:\/\/maxradio923.com.ar\/index.php\/wp-json\/wp\/v2\/media?parent=72643"}],"wp:term":[{"taxonomy":"category","embeddable":true,"href":"https:\/\/maxradio923.com.ar\/index.php\/wp-json\/wp\/v2\/categories?post=72643"},{"taxonomy":"post_tag","embeddable":true,"href":"https:\/\/maxradio923.com.ar\/index.php\/wp-json\/wp\/v2\/tags?post=72643"}],"curies":[{"name":"wp","href":"https:\/\/api.w.org\/{rel}","templated":true}]}}