{"id":72641,"date":"2026-01-19T00:20:07","date_gmt":"2026-01-19T03:20:07","guid":{"rendered":"https:\/\/maxradio923.com.ar\/index.php\/2026\/01\/19\/0310con-javier-milei-en-europa-el-gobierno-avanza-con-las-negociaciones-para-aprobar-las-reformas\/"},"modified":"2026-01-19T00:20:07","modified_gmt":"2026-01-19T03:20:07","slug":"0310con-javier-milei-en-europa-el-gobierno-avanza-con-las-negociaciones-para-aprobar-las-reformas","status":"publish","type":"post","link":"https:\/\/maxradio923.com.ar\/index.php\/2026\/01\/19\/0310con-javier-milei-en-europa-el-gobierno-avanza-con-las-negociaciones-para-aprobar-las-reformas\/","title":{"rendered":"03:10Con Javier Milei en Europa, el Gobierno avanza con las negociaciones para aprobar las reformas"},"content":{"rendered":"<p><\/p>\n<h2 class=\"article-subheadline text_align_left\">El ministro del Interior, Diego Santilli, ser\u00e1 recibido este lunes por el salte\u00f1o Gustavo S\u00e1enz y tiene en carpeta m\u00e1s reuniones con mandatarios provinciales. Manuel Adorni se qued\u00f3 en Buenos Aires para coordinar las conversaciones. Los proyectos que pueden agregarse en el temario  <\/h2>\n<p><\/p>\n<p class=\"paragraph\">El presidente <b>Javier Milei <\/b>pasar\u00e1 pr\u00e1cticamente toda esta semana fuera de la Argentina por compromisos internacionales, pero en Buenos Aires el resto del Gobierno continuar\u00e1 las negociaciones de cara a las pr\u00f3ximas <b>sesiones extraordinarias<\/b>, con el objetivo de conseguir los votos para aprobar en el Congreso las <b>reformas <\/b>que todav\u00eda est\u00e1n en carpeta.<\/p>\n<p><\/p>\n<p class=\"paragraph\">Sin embargo, el jefe de Gabinete, <b>Manuel Adorni<\/b>, ya anticip\u00f3 que en esta oportunidad al temario se le agregar\u00e1 <b>el acuerdo entre el Mercosur y la Uni\u00f3n Europea<\/b>, que tiene que tener aval legislativo para poder implementarse en el pa\u00eds.<\/p>\n<p><\/p>\n<p class=\"paragraph\">El tratado de libre comercio fue firmado el s\u00e1bado \u00faltimo en Asunci\u00f3n, Paraguay, por el propio Milei junto a sus pares del grupo regional, excepto el brasile\u00f1o<b> Lula da Silva<\/b>, que se ausent\u00f3 y envi\u00f3 al canciller en su lugar.<\/p>\n<p><\/p>\n<p class=\"paragraph\">\u201cLa Argentina no se detiene en este acuerdo e invita a los socios del bloque a ir m\u00e1s all\u00e1. El mundo avanza hacia esquemas de negociaci\u00f3n m\u00e1s din\u00e1micos. Tenemos que ser conscientes de ello y avanzar en la misma direcci\u00f3n\u201d, expres\u00f3 el l\u00edder libertario luego de la r\u00fabrica.<\/p>\n<p><\/p>\n<p class=\"paragraph\">De hecho, en los pr\u00f3ximos d\u00edas podr\u00eda concretarse la firma de un convenio similar, pero con los Estados Unidos que, de confirmarse, tambi\u00e9n podr\u00eda ser enviado al Congreso para su tratamiento durante las sesiones extraordinarias.<\/p>\n<p><\/p>\n<p class=\"paragraph\">A mediados de noviembre pasado, la Casa Blanca public\u00f3 un comunicado en el que confirm\u00f3 que ya se hab\u00eda alcanzado un convenio marco con la gesti\u00f3n libertaria para avanzar hacia un programa de \u201ccomercio e inversi\u00f3n rec\u00edprocos\u201d.<\/p>\n","protected":false},"excerpt":{"rendered":"<p>El ministro del Interior, Diego Santilli, ser\u00e1 recibido este lunes por el salte\u00f1o Gustavo S\u00e1enz y tiene en carpeta m\u00e1s reuniones con mandatarios provinciales. Manuel Adorni se qued\u00f3 en Buenos Aires para coordinar las conversaciones. Los proyectos que pueden agregarse en el temario El presidente Javier Milei pasar\u00e1 pr\u00e1cticamente toda esta semana fuera de la [&hellip;]<\/p>\n","protected":false},"author":2,"featured_media":72642,"comment_status":"","ping_status":"","sticky":false,"template":"","format":"standard","meta":{"footnotes":""},"categories":[12],"tags":[],"_links":{"self":[{"href":"https:\/\/maxradio923.com.ar\/index.php\/wp-json\/wp\/v2\/posts\/72641"}],"collection":[{"href":"https:\/\/maxradio923.com.ar\/index.php\/wp-json\/wp\/v2\/posts"}],"about":[{"href":"https:\/\/maxradio923.com.ar\/index.php\/wp-json\/wp\/v2\/types\/post"}],"author":[{"embeddable":true,"href":"https:\/\/maxradio923.com.ar\/index.php\/wp-json\/wp\/v2\/users\/2"}],"replies":[{"embeddable":true,"href":"https:\/\/maxradio923.com.ar\/index.php\/wp-json\/wp\/v2\/comments?post=72641"}],"version-history":[{"count":0,"href":"https:\/\/maxradio923.com.ar\/index.php\/wp-json\/wp\/v2\/posts\/72641\/revisions"}],"wp:featuredmedia":[{"embeddable":true,"href":"https:\/\/maxradio923.com.ar\/index.php\/wp-json\/wp\/v2\/media\/72642"}],"wp:attachment":[{"href":"https:\/\/maxradio923.com.ar\/index.php\/wp-json\/wp\/v2\/media?parent=72641"}],"wp:term":[{"taxonomy":"category","embeddable":true,"href":"https:\/\/maxradio923.com.ar\/index.php\/wp-json\/wp\/v2\/categories?post=72641"},{"taxonomy":"post_tag","embeddable":true,"href":"https:\/\/maxradio923.com.ar\/index.php\/wp-json\/wp\/v2\/tags?post=72641"}],"curies":[{"name":"wp","href":"https:\/\/api.w.org\/{rel}","templated":true}]}}