{"id":72637,"date":"2026-01-18T23:48:08","date_gmt":"2026-01-19T02:48:08","guid":{"rendered":"https:\/\/maxradio923.com.ar\/index.php\/2026\/01\/18\/elina-costantini-celebro-el-primer-cumpleanos-de-su-hija-kahlo-milagro-con-un-emotivo-mensaje-las-fotos\/"},"modified":"2026-01-18T23:48:08","modified_gmt":"2026-01-19T02:48:08","slug":"elina-costantini-celebro-el-primer-cumpleanos-de-su-hija-kahlo-milagro-con-un-emotivo-mensaje-las-fotos","status":"publish","type":"post","link":"https:\/\/maxradio923.com.ar\/index.php\/2026\/01\/18\/elina-costantini-celebro-el-primer-cumpleanos-de-su-hija-kahlo-milagro-con-un-emotivo-mensaje-las-fotos\/","title":{"rendered":"Elina Costantini celebr\u00f3 el primer cumplea\u00f1os de su hija Kahlo Milagro con un emotivo mensaje: las fotos"},"content":{"rendered":"<p><\/p>\n<h2 class=\"article-subheadline text_align_left\">La empresaria y fil\u00e1ntropa comparti\u00f3 en Instagram tiernas im\u00e1genes de la fiesta familiar, agradecimientos especiales y palabras de amor dedicadas a su peque\u00f1a, quien fue homenajeada con una ambientaci\u00f3n inspirada en Frida Kahlo<\/h2>\n<p><\/p>\n<p class=\"paragraph\"><b>Elina Costantini<\/b> comparti\u00f3 un <b>mensaje emotivo<\/b> en sus redes sociales para celebrar el <b>primer cumplea\u00f1os<\/b> de su hija <b>Kahlo Milagro<\/b>. A trav\u00e9s de su cuenta de Instagram public\u00f3 palabras de amor y gratitud junto a im\u00e1genes que transmitieron la felicidad vivida por su familia durante la jornada.<\/p>\n<p><\/p>\n<p class=\"paragraph\">En sus publicaciones, la fil\u00e1ntropa agradeci\u00f3 a sus seres queridos y a quienes participaron en la organizaci\u00f3n de la fiesta. Hizo una menci\u00f3n especial al <b>Payaso Plim Plim<\/b>, a su fundador y al equipo del espect\u00e1culo que viaj\u00f3 para animar el festejo: \u201cMuchas gracias a Guillermo Pino por el show y por todos los regalos, fue un sue\u00f1o. Kahlo los ama y es fan\u201d, expres\u00f3.<\/p>\n<p><\/p>\n<p class=\"paragraph\">En las im\u00e1genes que Elina public\u00f3 aparecen postales a pura ternura de su hija en el encuentro con la torta de su primer a\u00f1o que, tal como su nombre, estuvo inspirada en Frida Kahlo y todo su universo de colores. All\u00ed los padres de la bebe aparecen bes\u00e1ndola y mim\u00e1ndola, encantados por una fecha tan especial. <\/p>\n<p><\/p>\n<p class=\"paragraph\">Un d\u00eda antes Elina Costantini hab\u00eda realizado una publicaci\u00f3n ofreciendo un repaso visual por los momentos m\u00e1s significativos del primer a\u00f1o de <b>Kahlo<\/b>. Mostraron im\u00e1genes desde la llegada de la ni\u00f1a al <b>sanatorio Los Arcos<\/b> en <b>Buenos Aires<\/b>, con los padres emocionados en el momento del nacimiento, hasta escenas actuales en la nueva casa de la familia. Entre las postales compartidas, se vio a Kahlo sentada en una alfombra con un conjunto de rayas pastel y sombrero a juego, as\u00ed como retratos en brazos de su madre o junto a un oso de peluche.<\/p>\n<p><\/p>\n<p class=\"paragraph\">La celebraci\u00f3n tuvo lugar en la nueva residencia de la familia en <b>Jos\u00e9 Ignacio, Uruguay<\/b>, llamada \u201cNuestro Amor II\u201d, construida durante los \u00faltimos cinco a\u00f1os cerca del faro de la localidad. All\u00ed, se realiz\u00f3 una fiesta al atardecer con invitados conocidos como <b>Angie Landaburu<\/b>. La ambientaci\u00f3n incluy\u00f3 cookies decoradas con la imagen de <b>Frida Kahlo<\/b> y vestidos mexicanos con el nombre de la ni\u00f1a, mientras el Payaso Plim Plim anim\u00f3 el encuentro.<\/p>\n<p><\/p>\n<p class=\"paragraph\">Al recordar el nacimiento de <b>Kahlo Milagro<\/b> el 17 de enero de 2025 en el sanatorio Los Arcos, los padres revivieron la emoci\u00f3n de ese d\u00eda. En esa ocasi\u00f3n, <b>Eduardo Costantini<\/b> escribi\u00f3: \u201cBienvenida al mundo Kahlo Milagro Costantini. La felicidad y la emoci\u00f3n indescriptible en el gran d\u00eda, naci\u00f3 nuestra hija, nuestro sue\u00f1o; estamos colmados de agradecimiento a la vida y a todo el equipo fabuloso del sanatorio\u201d.<\/p>\n","protected":false},"excerpt":{"rendered":"<p>La empresaria y fil\u00e1ntropa comparti\u00f3 en Instagram tiernas im\u00e1genes de la fiesta familiar, agradecimientos especiales y palabras de amor dedicadas a su peque\u00f1a, quien fue homenajeada con una ambientaci\u00f3n inspirada en Frida Kahlo Elina Costantini comparti\u00f3 un mensaje emotivo en sus redes sociales para celebrar el primer cumplea\u00f1os de su hija Kahlo Milagro. A trav\u00e9s [&hellip;]<\/p>\n","protected":false},"author":2,"featured_media":72638,"comment_status":"","ping_status":"","sticky":false,"template":"","format":"standard","meta":{"footnotes":""},"categories":[12],"tags":[],"_links":{"self":[{"href":"https:\/\/maxradio923.com.ar\/index.php\/wp-json\/wp\/v2\/posts\/72637"}],"collection":[{"href":"https:\/\/maxradio923.com.ar\/index.php\/wp-json\/wp\/v2\/posts"}],"about":[{"href":"https:\/\/maxradio923.com.ar\/index.php\/wp-json\/wp\/v2\/types\/post"}],"author":[{"embeddable":true,"href":"https:\/\/maxradio923.com.ar\/index.php\/wp-json\/wp\/v2\/users\/2"}],"replies":[{"embeddable":true,"href":"https:\/\/maxradio923.com.ar\/index.php\/wp-json\/wp\/v2\/comments?post=72637"}],"version-history":[{"count":0,"href":"https:\/\/maxradio923.com.ar\/index.php\/wp-json\/wp\/v2\/posts\/72637\/revisions"}],"wp:featuredmedia":[{"embeddable":true,"href":"https:\/\/maxradio923.com.ar\/index.php\/wp-json\/wp\/v2\/media\/72638"}],"wp:attachment":[{"href":"https:\/\/maxradio923.com.ar\/index.php\/wp-json\/wp\/v2\/media?parent=72637"}],"wp:term":[{"taxonomy":"category","embeddable":true,"href":"https:\/\/maxradio923.com.ar\/index.php\/wp-json\/wp\/v2\/categories?post=72637"},{"taxonomy":"post_tag","embeddable":true,"href":"https:\/\/maxradio923.com.ar\/index.php\/wp-json\/wp\/v2\/tags?post=72637"}],"curies":[{"name":"wp","href":"https:\/\/api.w.org\/{rel}","templated":true}]}}