{"id":72634,"date":"2026-01-18T22:58:07","date_gmt":"2026-01-19T01:58:07","guid":{"rendered":"https:\/\/maxradio923.com.ar\/index.php\/2026\/01\/18\/los-dias-de-lara-bernasconi-en-familia-en-punta-del-este-rutina-descanso-y-mar\/"},"modified":"2026-01-18T22:58:07","modified_gmt":"2026-01-19T01:58:07","slug":"los-dias-de-lara-bernasconi-en-familia-en-punta-del-este-rutina-descanso-y-mar","status":"publish","type":"post","link":"https:\/\/maxradio923.com.ar\/index.php\/2026\/01\/18\/los-dias-de-lara-bernasconi-en-familia-en-punta-del-este-rutina-descanso-y-mar\/","title":{"rendered":"Los d\u00edas de Lara Bernasconi en familia en Punta del Este: rutina, descanso y mar"},"content":{"rendered":"<p><\/p>\n<h2 class=\"article-subheadline text_align_left\">La modelo pasa sus vacaciones en Jos\u00e9 Ignacio rodeada de sus afectos<\/h2>\n<p><\/p>\n<p class=\"paragraph\">La tranquilidad de <b>Lara Bernasconi<\/b> durante su estad\u00eda en las playas de Punta del Este transmite una imagen de equilibrio y bienestar. La modelo y empresaria eligi\u00f3 un country de <b>Jos\u00e9 Ignacio<\/b> como refugio para compartir tiempo con su familia y, a la vez, dedicarse a proyectos personales. Este espacio se convierte en el escenario donde se entrelazan sus rutinas cotidianas y una b\u00fasqueda constante de serenidad.<\/p>\n<p><\/p>\n<p class=\"paragraph\">La playa se convierte en un punto de encuentro y esparcimiento para Lara y su familia. Los paseos con el menor son una constante, incluso cuando el clima no acompa\u00f1a. En esas ocasiones, la modelo opta por actividades alternativas, como llevar a su hijo de compras, demostrando una capacidad de adaptaci\u00f3n a las circunstancias.<\/p>\n<p><\/p>\n<p class=\"paragraph\">Los d\u00edas soleados, en cambio, la encuentran en la Playa Mansa, rodeada de amigos y disfrutando del aire libre. En ocasiones, se la vio compartir almuerzos en bares cercanos, siempre en compa\u00f1\u00eda de su familia y de su grupo m\u00e1s \u00edntimo. Esta din\u00e1mica refuerza la idea de una rutina donde el disfrute y la sencillez ocupan un lugar prioritario.<\/p>\n<p><\/p>\n<p class=\"paragraph\">La presencia de Federico, aunque menos asidua en la playa por compromisos laborales, no impide que Lara mantenga una agenda activa. El empresario se dedica a sus actividades mientras ella organiza la vida familiar, logrando as\u00ed un equilibrio entre los espacios individuales y los momentos compartidos.<\/p>\n<p><\/p>\n<p class=\"paragraph\">La familia de Lara no solo est\u00e1 formada por su pareja y su hijo, sino tambi\u00e9n por los hijos de Federico, Indalecio y Luna, fruto de una relaci\u00f3n anterior con <b>Paula Cahen D\u2019Anvers<\/b>. Esta convivencia da lugar a una familia ensamblada que apuesta por el respeto y la empat\u00eda.<\/p>\n<p><\/p>\n<p class=\"paragraph\">En las im\u00e1genes recientes se observa la naturalidad con la que Lara comparte tiempo con todos los chicos, consolidando un v\u00ednculo arm\u00f3nico donde cada integrante encuentra un lugar propio. La apertura al di\u00e1logo y la disposici\u00f3n para sumar y acompa\u00f1ar marcan la din\u00e1mica diaria, alejando cualquier tensi\u00f3n y privilegiando la construcci\u00f3n conjunta.<\/p>\n","protected":false},"excerpt":{"rendered":"<p>La modelo pasa sus vacaciones en Jos\u00e9 Ignacio rodeada de sus afectos La tranquilidad de Lara Bernasconi durante su estad\u00eda en las playas de Punta del Este transmite una imagen de equilibrio y bienestar. La modelo y empresaria eligi\u00f3 un country de Jos\u00e9 Ignacio como refugio para compartir tiempo con su familia y, a la [&hellip;]<\/p>\n","protected":false},"author":2,"featured_media":72635,"comment_status":"","ping_status":"","sticky":false,"template":"","format":"standard","meta":{"footnotes":""},"categories":[12],"tags":[],"_links":{"self":[{"href":"https:\/\/maxradio923.com.ar\/index.php\/wp-json\/wp\/v2\/posts\/72634"}],"collection":[{"href":"https:\/\/maxradio923.com.ar\/index.php\/wp-json\/wp\/v2\/posts"}],"about":[{"href":"https:\/\/maxradio923.com.ar\/index.php\/wp-json\/wp\/v2\/types\/post"}],"author":[{"embeddable":true,"href":"https:\/\/maxradio923.com.ar\/index.php\/wp-json\/wp\/v2\/users\/2"}],"replies":[{"embeddable":true,"href":"https:\/\/maxradio923.com.ar\/index.php\/wp-json\/wp\/v2\/comments?post=72634"}],"version-history":[{"count":0,"href":"https:\/\/maxradio923.com.ar\/index.php\/wp-json\/wp\/v2\/posts\/72634\/revisions"}],"wp:featuredmedia":[{"embeddable":true,"href":"https:\/\/maxradio923.com.ar\/index.php\/wp-json\/wp\/v2\/media\/72635"}],"wp:attachment":[{"href":"https:\/\/maxradio923.com.ar\/index.php\/wp-json\/wp\/v2\/media?parent=72634"}],"wp:term":[{"taxonomy":"category","embeddable":true,"href":"https:\/\/maxradio923.com.ar\/index.php\/wp-json\/wp\/v2\/categories?post=72634"},{"taxonomy":"post_tag","embeddable":true,"href":"https:\/\/maxradio923.com.ar\/index.php\/wp-json\/wp\/v2\/tags?post=72634"}],"curies":[{"name":"wp","href":"https:\/\/api.w.org\/{rel}","templated":true}]}}