{"id":72632,"date":"2026-01-18T22:44:09","date_gmt":"2026-01-19T01:44:09","guid":{"rendered":"https:\/\/maxradio923.com.ar\/index.php\/2026\/01\/18\/abandono-en-senal-de-protesta-un-penal-picado-que-fue-atajado-y-el-gol-del-titulo-la-insolita-secuencia-en-senegal-marruecos\/"},"modified":"2026-01-18T22:44:09","modified_gmt":"2026-01-19T01:44:09","slug":"abandono-en-senal-de-protesta-un-penal-picado-que-fue-atajado-y-el-gol-del-titulo-la-insolita-secuencia-en-senegal-marruecos","status":"publish","type":"post","link":"https:\/\/maxradio923.com.ar\/index.php\/2026\/01\/18\/abandono-en-senal-de-protesta-un-penal-picado-que-fue-atajado-y-el-gol-del-titulo-la-insolita-secuencia-en-senegal-marruecos\/","title":{"rendered":"Abandono en se\u00f1al de protesta, un penal picado que fue atajado y el gol del t\u00edtulo: la ins\u00f3lita secuencia en Senegal-Marruecos"},"content":{"rendered":"<p><\/p>\n<div xmlns:default=\"http:\/\/www.w3.org\/2000\/svg\">\n<div class=\"visual__image image-initial-width\"><picture><source srcset=\"https:\/\/www.infobae.com\/resizer\/v2\/DD34SVHHCZE4NJIZ5WFP7JMBFA.jpg?auth=8a689f5bcb54f539126d56182b31e25c009923a71ae0abb0b2a56e4ba3011b07&amp;smart=true&amp;width=992&amp;height=678&amp;quality=85\" media=\"(min-width: 1000px)\"\/><source srcset=\"https:\/\/www.infobae.com\/resizer\/v2\/DD34SVHHCZE4NJIZ5WFP7JMBFA.jpg?auth=8a689f5bcb54f539126d56182b31e25c009923a71ae0abb0b2a56e4ba3011b07&amp;smart=true&amp;width=768&amp;height=525&amp;quality=85\" media=\"(min-width: 768px)\"\/><source srcset=\"https:\/\/www.infobae.com\/resizer\/v2\/DD34SVHHCZE4NJIZ5WFP7JMBFA.jpg?auth=8a689f5bcb54f539126d56182b31e25c009923a71ae0abb0b2a56e4ba3011b07&amp;smart=true&amp;width=577&amp;height=395&amp;quality=85\" media=\"(min-width: 580px)\"\/><source srcset=\"https:\/\/www.infobae.com\/resizer\/v2\/DD34SVHHCZE4NJIZ5WFP7JMBFA.jpg?auth=8a689f5bcb54f539126d56182b31e25c009923a71ae0abb0b2a56e4ba3011b07&amp;smart=true&amp;width=420&amp;height=287&amp;quality=85\" media=\"(min-width: 350px)\"\/><source srcset=\"https:\/\/www.infobae.com\/resizer\/v2\/DD34SVHHCZE4NJIZ5WFP7JMBFA.jpg?auth=8a689f5bcb54f539126d56182b31e25c009923a71ae0abb0b2a56e4ba3011b07&amp;smart=true&amp;width=350&amp;height=239&amp;quality=85\" media=\"(min-width: 80px)\"\/><img alt=\"Brahim D\u00edaz err\u00f3 el penal\" class=\"global-image\" decoding=\"async\" fetchpriority=\"high\" height=\"3141\" loading=\"eager\" src=\"https:\/\/www.infobae.com\/resizer\/v2\/DD34SVHHCZE4NJIZ5WFP7JMBFA.jpg?auth=8a689f5bcb54f539126d56182b31e25c009923a71ae0abb0b2a56e4ba3011b07&amp;smart=true&amp;width=350&amp;height=239&amp;quality=85\" width=\"4593\"\/><\/picture><figcaption class=\"article-figcaption-img\">Brahim D\u00edaz err\u00f3 el penal decisivo con su selecci\u00f3n en la final ante Senegal (EFE\/EPA\/JALAL MORCHIDI)<br \/>\n<\/figcaption><\/div>\n<p class=\"paragraph\">En la disputa por el t\u00edtulo de la <b>Copa Africana de Naciones<\/b>, el duelo entre <b>Marruecos<\/b> y <b>Senegal<\/b> dej\u00f3 im\u00e1genes inusuales y una tensi\u00f3n que marc\u00f3 el cierre del torneo en <b>el estadio Prince Moulay Abdallah de Rabat<\/b>, la capital de Marruecos. <b>Un penal otorgado a los locales en el descuento<\/b> desat\u00f3 una reacci\u00f3n en cadena que alter\u00f3 el ritmo del partido y puso en jaque la continuidad del juego en apenas 20 minutos.<\/p>\n<p class=\"paragraph\">Todo comenz\u00f3 cuando, en el minuto 98, el \u00e1rbitro <b>Ndala Ngambo sancion\u00f3 un penal<\/b> tras revisar en el VAR una jugada entre <b>El Hadji Malick Diouf y Brahim D\u00edaz<\/b>. El defensor senegal\u00e9s sujet\u00f3 por el cuello al mediocampista marroqu\u00ed, quien cay\u00f3 en el \u00e1rea chica. La decisi\u00f3n <b>encendi\u00f3 la protesta de los jugadores de Senegal<\/b>, que llegaban de una acci\u00f3n pol\u00e9mica anulada minutos antes, cuando <b>se les neg\u00f3 el 1-0 por una falta en ataque<\/b>.<\/p>\n<div class=\"jwplayer-ctn\"><figcaption class=\"jwplayer-figcaption\"> Marruecos vs. Senegal en la Copa Africana &#8211; Pol\u00e9mica en la final Copa \u00c1frica<\/figcaption><\/div>\n<p class=\"paragraph\">El punto m\u00e1ximo de tensi\u00f3n llev\u00f3 al entrenador <b>Pape Thiaw a pedirle a sus jugadores que abandonaran el campo<\/b>. <b>El plantel senegal\u00e9s se retir\u00f3<\/b> rumbo al vestuario, mientras el capit\u00e1n <b>Sadio Man\u00e9<\/b> decidi\u00f3 quedarse y esperar una resoluci\u00f3n oficial del \u00e1rbitro. El propio <b>Man\u00e9 intervino para convencer a sus compa\u00f1eros de regresar<\/b>, y evitar as\u00ed una posible sanci\u00f3n que podr\u00eda haber tenido consecuencias para el equipo en futuras competencias.<\/p>\n<div class=\"jwplayer-ctn\"><figcaption class=\"jwplayer-figcaption\"> Marruecos vs. Senegal en la Copa Africana &#8211; Man\u00e9 pide calma a los jugadores <\/figcaption><\/div>\n<p class=\"paragraph\">El clima en la cancha se deterior\u00f3 a\u00fan m\u00e1s con la seguidilla de amonestaciones. En medio de las discusiones, <b>el \u00e1rbitro mostr\u00f3 tarjetas amarillas tanto a El Hadji Malick Diouf como a Isma\u00efla Sarr<\/b>. Durante la espera por la ejecuci\u00f3n del penal, tambi\u00e9n recibieron la tarjeta <b>\u00c9douard Mendy y Anass Salah-Eddine<\/b>, en una clara muestra del ambiente intranquilo.<\/p>\n<p class=\"paragraph\">Cuando por fin se reanud\u00f3 el encuentro, <b>la responsabilidad recay\u00f3 sobre Brahim D\u00edaz<\/b>. El futbolista del Real Madrid<b> ten\u00eda la oportunidad de darle a Marruecos el segundo t\u00edtulo<\/b> <b>continental<\/b> despu\u00e9s de 50 a\u00f1os. Su elecci\u00f3n fue arriesgada: <b>intent\u00f3 ejecutar el penal con una \u201cPanenka\u201d<\/b>, pero el portero \u00c9douard Mendy permaneci\u00f3 en el centro y <b>ataj\u00f3 el disparo sin dificultad<\/b>. Esta jugada, ampliamente comentada y criticada, dej\u00f3 a los marroqu\u00edes sin la ventaja en el tiempo reglamentario.<\/p>\n<p><soccer-worldcup2026-cta-predict\/><link rel=\"stylesheet\" crossorigin=\"true\" href=\"https:\/\/storage.googleapis.com\/arc-buckets\/web-components\/soccer\/ctas\/predict.css\"\/>\n<div class=\"jwplayer-ctn\"><figcaption class=\"jwplayer-figcaption\"> Marruecos vs. Senegal en la Copa Africana &#8211; Penal errado de Brahim<\/figcaption><\/div>\n<p class=\"paragraph\">La reacci\u00f3n inmediata fue de des\u00e1nimo en el equipo local. Varios compa\u00f1eros y miembros del cuerpo t\u00e9cnico <b>se acercaron para consolar a Brahim D\u00edaz<\/b>, quien se encontraba en el banco de suplentes tras ser sustituido entre l\u00e1grimas. El delantero <b>fue elegido para el premio de goleador del torneo<\/b> por ser una de las figuras clave para que Marruecos alcanzara la final.<\/p>\n<div class=\"visual__image\"><picture><source srcset=\"https:\/\/www.infobae.com\/resizer\/v2\/JAOMFD6U2NBHNDF4Y4HFY75SX4.JPG?auth=8bf2b00d6c74146c4028a82a5867416540725917317a5428b365a7763caf9b37&amp;smart=true&amp;width=992&amp;height=678&amp;quality=85\" media=\"(min-width: 1000px)\"\/><source srcset=\"https:\/\/www.infobae.com\/resizer\/v2\/JAOMFD6U2NBHNDF4Y4HFY75SX4.JPG?auth=8bf2b00d6c74146c4028a82a5867416540725917317a5428b365a7763caf9b37&amp;smart=true&amp;width=768&amp;height=525&amp;quality=85\" media=\"(min-width: 768px)\"\/><source srcset=\"https:\/\/www.infobae.com\/resizer\/v2\/JAOMFD6U2NBHNDF4Y4HFY75SX4.JPG?auth=8bf2b00d6c74146c4028a82a5867416540725917317a5428b365a7763caf9b37&amp;smart=true&amp;width=577&amp;height=394&amp;quality=85\" media=\"(min-width: 580px)\"\/><source srcset=\"https:\/\/www.infobae.com\/resizer\/v2\/JAOMFD6U2NBHNDF4Y4HFY75SX4.JPG?auth=8bf2b00d6c74146c4028a82a5867416540725917317a5428b365a7763caf9b37&amp;smart=true&amp;width=420&amp;height=287&amp;quality=85\" media=\"(min-width: 350px)\"\/><source srcset=\"https:\/\/www.infobae.com\/resizer\/v2\/JAOMFD6U2NBHNDF4Y4HFY75SX4.JPG?auth=8bf2b00d6c74146c4028a82a5867416540725917317a5428b365a7763caf9b37&amp;smart=true&amp;width=350&amp;height=239&amp;quality=85\" media=\"(min-width: 80px)\"\/><img alt=\"Brahim D\u00edaz recibi\u00f3 la Bota\" class=\"global-image\" decoding=\"async\" fetchpriority=\"low\" height=\"1439\" loading=\"lazy\" src=\"https:\/\/www.infobae.com\/resizer\/v2\/JAOMFD6U2NBHNDF4Y4HFY75SX4.JPG?auth=8bf2b00d6c74146c4028a82a5867416540725917317a5428b365a7763caf9b37&amp;smart=true&amp;width=350&amp;height=239&amp;quality=85\" width=\"2106\"\/><\/picture><figcaption class=\"article-figcaption-img\">Brahim D\u00edaz recibi\u00f3 la Bota de Oro que le entreg\u00f3 el presidente de la FIFA Gianni Infantino (REUTERS\/Siphiwe Sibeko)<\/figcaption><\/div>\n<p class=\"paragraph\">A pesar de su actuaci\u00f3n en el penal decisivo, <b>acumul\u00f3 cinco goles<\/b> en el camino de su selecci\u00f3n hasta la instancia final y <b>recibi\u00f3 la Bota de Oro<\/b> de la competencia en la entrega de los premios, que cont\u00f3 con la presencia de<b> Gianni Infantino, el presidente de la FIFA<\/b>.<\/p>\n<p class=\"paragraph\">La pr\u00f3rroga se inici\u00f3 con el resultado 0-0 a\u00fan con ambos equipos afectados por las acciones anteriores. La falta convertida en penal y la intervenci\u00f3n del VAR se convirtieron en el punto de inflexi\u00f3n de una final ya cargada de tensi\u00f3n. Apenas comenzado el tiempo suplementario, <b>Pape Gueye anot\u00f3 para Senegal y puso a su equipo en ventaja con el 1-0<\/b> y as\u00ed el conjunto senegal\u00e9s levant\u00f3 el trofeo por segunda vez consecutiva.<\/p>\n<div class=\"jwplayer-ctn\"><figcaption class=\"jwplayer-figcaption\"> Marruecos vs. Senegal en la Copa Africana &#8211; Gol de Gueye<\/figcaption><\/div>\n<\/div>\n<p><script defer=\"\">try{!function(f,b,e,v,n,t,s) {if(f.fbq)return;n=f.fbq=function(){n.callMethod? n.callMethod.apply(n,arguments):n.queue.push(arguments)}; if(!f._fbq)f._fbq=n;n.push=n;n.loaded=!0;n.version='2.0'; n.queue=[];t=b.createElement(e);t.async=!0; t.src=v;s=b.getElementsByTagName(e)[0]; s.parentNode.insertBefore(t,s)}(window, document,'script', ' fbq('init', '336383993555320'); fbq('track', 'PageView'); fbq('track', 'ViewContent');}catch(error){console.log(\"Error al inicializar facebookPixelRawCodeScript:\",error);}<\/script><\/p>\n","protected":false},"excerpt":{"rendered":"<p>Brahim D\u00edaz err\u00f3 el penal decisivo con su selecci\u00f3n en la final ante Senegal (EFE\/EPA\/JALAL MORCHIDI) En la disputa por el t\u00edtulo de la Copa Africana de Naciones, el duelo entre Marruecos y Senegal dej\u00f3 im\u00e1genes inusuales y una tensi\u00f3n que marc\u00f3 el cierre del torneo en el estadio Prince Moulay Abdallah de Rabat, la [&hellip;]<\/p>\n","protected":false},"author":2,"featured_media":72633,"comment_status":"","ping_status":"","sticky":false,"template":"","format":"standard","meta":{"footnotes":""},"categories":[2],"tags":[],"_links":{"self":[{"href":"https:\/\/maxradio923.com.ar\/index.php\/wp-json\/wp\/v2\/posts\/72632"}],"collection":[{"href":"https:\/\/maxradio923.com.ar\/index.php\/wp-json\/wp\/v2\/posts"}],"about":[{"href":"https:\/\/maxradio923.com.ar\/index.php\/wp-json\/wp\/v2\/types\/post"}],"author":[{"embeddable":true,"href":"https:\/\/maxradio923.com.ar\/index.php\/wp-json\/wp\/v2\/users\/2"}],"replies":[{"embeddable":true,"href":"https:\/\/maxradio923.com.ar\/index.php\/wp-json\/wp\/v2\/comments?post=72632"}],"version-history":[{"count":0,"href":"https:\/\/maxradio923.com.ar\/index.php\/wp-json\/wp\/v2\/posts\/72632\/revisions"}],"wp:featuredmedia":[{"embeddable":true,"href":"https:\/\/maxradio923.com.ar\/index.php\/wp-json\/wp\/v2\/media\/72633"}],"wp:attachment":[{"href":"https:\/\/maxradio923.com.ar\/index.php\/wp-json\/wp\/v2\/media?parent=72632"}],"wp:term":[{"taxonomy":"category","embeddable":true,"href":"https:\/\/maxradio923.com.ar\/index.php\/wp-json\/wp\/v2\/categories?post=72632"},{"taxonomy":"post_tag","embeddable":true,"href":"https:\/\/maxradio923.com.ar\/index.php\/wp-json\/wp\/v2\/tags?post=72632"}],"curies":[{"name":"wp","href":"https:\/\/api.w.org\/{rel}","templated":true}]}}