{"id":72630,"date":"2026-01-18T22:42:08","date_gmt":"2026-01-19T01:42:08","guid":{"rendered":"https:\/\/maxradio923.com.ar\/index.php\/2026\/01\/18\/la-tristeza-de-cecilia-bolocco-por-la-muerte-de-su-madre-tu-ejemplo-y-amor-vivira-por-siempre\/"},"modified":"2026-01-18T22:42:08","modified_gmt":"2026-01-19T01:42:08","slug":"la-tristeza-de-cecilia-bolocco-por-la-muerte-de-su-madre-tu-ejemplo-y-amor-vivira-por-siempre","status":"publish","type":"post","link":"https:\/\/maxradio923.com.ar\/index.php\/2026\/01\/18\/la-tristeza-de-cecilia-bolocco-por-la-muerte-de-su-madre-tu-ejemplo-y-amor-vivira-por-siempre\/","title":{"rendered":"La tristeza de Cecilia Bolocco por la muerte de su madre: \u201cTu ejemplo y amor vivir\u00e1 por siempre\u201d"},"content":{"rendered":"<p><\/p>\n<h2 class=\"article-subheadline text_align_left\">La conductora comparti\u00f3 un sentido mensaje junto a emotivas fotograf\u00edas por el fallecimiento de Rose Marie Fonck a los 90 a\u00f1os. La despedida de M\u00e1ximo Menem Bolocco, su nieto<\/h2>\n<p><\/p>\n<p class=\"paragraph\"><b>Rose Marie Fonck<\/b>, madre de <b>Cecilia<\/b> <b>Bolocco<\/b>, muri\u00f3 el s\u00e1bado 17 de febrero de 2026 en <b>Santiago de Chile<\/b> a los 90 a\u00f1os. La noticia fue compartida por su familia a trav\u00e9s de redes sociales, generando numerosas muestras de condolencias y mensajes de apoyo.<\/p>\n<p><\/p>\n<p class=\"paragraph\">Por su parte, <b>Diana Bolocco<\/b> despidi\u00f3 a su madre con una fotograf\u00eda simb\u00f3lica, en la que las manos de Rose Marie aparecen entrelazadas con las de sus familiares en la cl\u00ednica. La periodista escribi\u00f3: <b>\u201cVuela alto, mamita adorada\u201d<\/b>, recibiendo r\u00e1pidamente cientos de mensajes de apoyo.<\/p>\n<p><\/p>\n<p class=\"paragraph\">El nieto, <b>M\u00e1ximo Menem Bolocco<\/b>, comparti\u00f3 el v\u00ednculo profundo con su abuela. En una imagen publicada, aparece besando las manos de Rose Marie, mientras su madre lo abraza. <b>\u201cHasta siempre, mi Roli\u201d<\/b>, escribi\u00f3 el hijo del exmandatario de 22 a\u00f1os. En otra fotograf\u00eda, se lo observa sosteniendo la mano de su abuela, acompa\u00f1ada de s\u00edmbolos de infinito y un coraz\u00f3n blanco, realzando el afecto intergeneracional que los un\u00eda.<\/p>\n<p><\/p>\n<p class=\"paragraph\"><b>Rose Marie Fonck<\/b> padec\u00eda una grave enfermedad desde hac\u00eda a\u00f1os y atraves\u00f3 varias etapas complejas de salud. Seg\u00fan hab\u00eda relatado su hija Cecilia, exist\u00edan antecedentes de c\u00e1ncer de mama en la familia, tanto en Fonck como en otros miembros.<\/p>\n<p><\/p>\n<p class=\"paragraph\">Tras el anuncio del fallecimiento, las cuentas familiares recibieron un flujo constante de mensajes de cari\u00f1o, admiraci\u00f3n y consuelo por parte de seguidores y figuras del espect\u00e1culo. Entre las demostraciones de afecto que recibi\u00f3 la conductora, aparece una de<b> Benjam\u00edn Vicu\u00f1a<\/b>, quien le dej\u00f3 un emoji de un coraz\u00f3n blanco en su posteo. <\/p>\n<p><\/p>\n<p class=\"paragraph\">El fallecimiento de <b>Rose Marie Fonck<\/b>, madre de las reconocidas conductoras <b>Diana<\/b> y <b>Cecilia Bolocco<\/b>, marc\u00f3 el inicio de un periodo especialmente doloroso para la familia, luego de que su salud se deteriorara de manera significativa en los \u00faltimos d\u00edas. <\/p>\n","protected":false},"excerpt":{"rendered":"<p>La conductora comparti\u00f3 un sentido mensaje junto a emotivas fotograf\u00edas por el fallecimiento de Rose Marie Fonck a los 90 a\u00f1os. La despedida de M\u00e1ximo Menem Bolocco, su nieto Rose Marie Fonck, madre de Cecilia Bolocco, muri\u00f3 el s\u00e1bado 17 de febrero de 2026 en Santiago de Chile a los 90 a\u00f1os. La noticia fue [&hellip;]<\/p>\n","protected":false},"author":2,"featured_media":72631,"comment_status":"","ping_status":"","sticky":false,"template":"","format":"standard","meta":{"footnotes":""},"categories":[12],"tags":[],"_links":{"self":[{"href":"https:\/\/maxradio923.com.ar\/index.php\/wp-json\/wp\/v2\/posts\/72630"}],"collection":[{"href":"https:\/\/maxradio923.com.ar\/index.php\/wp-json\/wp\/v2\/posts"}],"about":[{"href":"https:\/\/maxradio923.com.ar\/index.php\/wp-json\/wp\/v2\/types\/post"}],"author":[{"embeddable":true,"href":"https:\/\/maxradio923.com.ar\/index.php\/wp-json\/wp\/v2\/users\/2"}],"replies":[{"embeddable":true,"href":"https:\/\/maxradio923.com.ar\/index.php\/wp-json\/wp\/v2\/comments?post=72630"}],"version-history":[{"count":0,"href":"https:\/\/maxradio923.com.ar\/index.php\/wp-json\/wp\/v2\/posts\/72630\/revisions"}],"wp:featuredmedia":[{"embeddable":true,"href":"https:\/\/maxradio923.com.ar\/index.php\/wp-json\/wp\/v2\/media\/72631"}],"wp:attachment":[{"href":"https:\/\/maxradio923.com.ar\/index.php\/wp-json\/wp\/v2\/media?parent=72630"}],"wp:term":[{"taxonomy":"category","embeddable":true,"href":"https:\/\/maxradio923.com.ar\/index.php\/wp-json\/wp\/v2\/categories?post=72630"},{"taxonomy":"post_tag","embeddable":true,"href":"https:\/\/maxradio923.com.ar\/index.php\/wp-json\/wp\/v2\/tags?post=72630"}],"curies":[{"name":"wp","href":"https:\/\/api.w.org\/{rel}","templated":true}]}}