{"id":72628,"date":"2026-01-18T22:26:08","date_gmt":"2026-01-19T01:26:08","guid":{"rendered":"https:\/\/maxradio923.com.ar\/index.php\/2026\/01\/18\/como-la-actriz-priyanka-chopra-se-convirtio-en-simbolo-de-la-moda-global-sus-siete-looks-mas-recordados\/"},"modified":"2026-01-18T22:26:08","modified_gmt":"2026-01-19T01:26:08","slug":"como-la-actriz-priyanka-chopra-se-convirtio-en-simbolo-de-la-moda-global-sus-siete-looks-mas-recordados","status":"publish","type":"post","link":"https:\/\/maxradio923.com.ar\/index.php\/2026\/01\/18\/como-la-actriz-priyanka-chopra-se-convirtio-en-simbolo-de-la-moda-global-sus-siete-looks-mas-recordados\/","title":{"rendered":"C\u00f3mo la actriz Priyanka Chopra se convirti\u00f3 en s\u00edmbolo de la moda global: sus siete looks m\u00e1s recordados"},"content":{"rendered":"<p><\/p>\n<h2 class=\"article-subheadline text_align_left\">Desde vestidos asim\u00e9tricos y transparencias bordadas hasta conjuntos con inspiraci\u00f3n retro, la pareja de Nick Jonas sorprende con propuestas vers\u00e1tiles y vanguardistas en cada aparici\u00f3n  <\/h2>\n<p><\/p>\n<p class=\"paragraph\"><b>Priyanka Chopra<\/b> cre\u00f3 su lugar como una de las figuras m\u00e1s influyentes de la <b>moda<\/b><b> <\/b>internacional. Su recorrido por <b>alfombras rojas<\/b> y eventos destacados muestra un enfoque ecl\u00e9ctico y sofisticado, donde cada look es una declaraci\u00f3n de estilo y personalidad. <\/p>\n<p><\/p>\n<p class=\"paragraph\">El cabello, suelto y peinado con raya al medio, aportaba un aire natural. Para complementar, la actriz luci\u00f3 un <b>collar grueso de piedras transparentes y azules<\/b>, varios anillos plateados y u\u00f1as esmaltadas en tono nude. <\/p>\n<p><\/p>\n<p class=\"paragraph\">En otra ocasi\u00f3n, para la Met Gala 2025, Chopra apost\u00f3 por un conjunto de dos piezas de fondo blanco con estampado de <b>lunares negros<\/b>.<\/p>\n<p><\/p>\n<p class=\"paragraph\">El blazer entallado, con solapas y bolsillos delineados en negro, se combinaba con una pollera larga recta y abertura frontal. Al look le sum\u00f3 unos guantes de terciopelo negro y un <b>sombrero negro de ala ancha<\/b>. El toque final lo agreg\u00f3 un collar llamativo con una piedra verde de gran tama\u00f1o. <\/p>\n<p><\/p>\n<p class=\"paragraph\">Sobre la alfombra roja de la premiere de \u201cThe Good Half\u201d junto a su esposo<b> Nick Jonas<\/b> en Los \u00c1ngeles, la actriz sorprendi\u00f3 con un vestido largo y transparente de manga larga, bordado con detalles dorados y motivos florales sobre una base negra.<\/p>\n<p><\/p>\n<p class=\"paragraph\">El dise\u00f1o permit\u00eda ver un body negro debajo, aportando un contraste elegante. Una <b>gargantilla plateada con forma de lazo<\/b> adornaba el cuello, mientras el cabello suelto ca\u00eda en ondas.<\/p>\n","protected":false},"excerpt":{"rendered":"<p>Desde vestidos asim\u00e9tricos y transparencias bordadas hasta conjuntos con inspiraci\u00f3n retro, la pareja de Nick Jonas sorprende con propuestas vers\u00e1tiles y vanguardistas en cada aparici\u00f3n Priyanka Chopra cre\u00f3 su lugar como una de las figuras m\u00e1s influyentes de la moda internacional. Su recorrido por alfombras rojas y eventos destacados muestra un enfoque ecl\u00e9ctico y sofisticado, [&hellip;]<\/p>\n","protected":false},"author":2,"featured_media":72629,"comment_status":"","ping_status":"","sticky":false,"template":"","format":"standard","meta":{"footnotes":""},"categories":[12],"tags":[],"_links":{"self":[{"href":"https:\/\/maxradio923.com.ar\/index.php\/wp-json\/wp\/v2\/posts\/72628"}],"collection":[{"href":"https:\/\/maxradio923.com.ar\/index.php\/wp-json\/wp\/v2\/posts"}],"about":[{"href":"https:\/\/maxradio923.com.ar\/index.php\/wp-json\/wp\/v2\/types\/post"}],"author":[{"embeddable":true,"href":"https:\/\/maxradio923.com.ar\/index.php\/wp-json\/wp\/v2\/users\/2"}],"replies":[{"embeddable":true,"href":"https:\/\/maxradio923.com.ar\/index.php\/wp-json\/wp\/v2\/comments?post=72628"}],"version-history":[{"count":0,"href":"https:\/\/maxradio923.com.ar\/index.php\/wp-json\/wp\/v2\/posts\/72628\/revisions"}],"wp:featuredmedia":[{"embeddable":true,"href":"https:\/\/maxradio923.com.ar\/index.php\/wp-json\/wp\/v2\/media\/72629"}],"wp:attachment":[{"href":"https:\/\/maxradio923.com.ar\/index.php\/wp-json\/wp\/v2\/media?parent=72628"}],"wp:term":[{"taxonomy":"category","embeddable":true,"href":"https:\/\/maxradio923.com.ar\/index.php\/wp-json\/wp\/v2\/categories?post=72628"},{"taxonomy":"post_tag","embeddable":true,"href":"https:\/\/maxradio923.com.ar\/index.php\/wp-json\/wp\/v2\/tags?post=72628"}],"curies":[{"name":"wp","href":"https:\/\/api.w.org\/{rel}","templated":true}]}}