{"id":72620,"date":"2026-01-18T21:38:08","date_gmt":"2026-01-19T00:38:08","guid":{"rendered":"https:\/\/maxradio923.com.ar\/index.php\/2026\/01\/18\/general-motors-frenara-su-produccion-una-semana-por-mes-y-activa-suspensiones-en-su-planta-de-santa-fe\/"},"modified":"2026-01-18T21:38:08","modified_gmt":"2026-01-19T00:38:08","slug":"general-motors-frenara-su-produccion-una-semana-por-mes-y-activa-suspensiones-en-su-planta-de-santa-fe","status":"publish","type":"post","link":"https:\/\/maxradio923.com.ar\/index.php\/2026\/01\/18\/general-motors-frenara-su-produccion-una-semana-por-mes-y-activa-suspensiones-en-su-planta-de-santa-fe\/","title":{"rendered":"General Motors frenar\u00e1 su producci\u00f3n una semana por mes y activa suspensiones en su planta de Santa Fe"},"content":{"rendered":"<p><\/p>\n<h2 class=\"article-subheadline text_align_left\">Confirm\u00f3 que durante 2026 mantendr\u00e1 paradas mensuales y un esquema de suspensiones con pago parcial de salarios en su f\u00e1brica de Alvear<\/h2>\n<p><\/p>\n<p class=\"paragraph\">General Motors (GM), la fabricante de Chevrolet en el pa\u00eds, trabajar\u00e1 con actividad intermitente durante 2026 en su planta de General Alvear, en Santa Fe.<\/p>\n<p><\/p>\n<p class=\"paragraph\">La decisi\u00f3n responde a la necesidad de administrar vol\u00famenes en un mercado todav\u00eda inestable y con niveles de demanda lejos de los hist\u00f3ricos. <\/p>\n<p><\/p>\n<p class=\"paragraph\">El diagn\u00f3stico sindical es mucho m\u00e1s duro. Referentes de Smata (Sindicato de Mec\u00e1nicos y Afines del Transporte Automotor de la Rep\u00fablica Argentina) vincularon la decisi\u00f3n de la empresa con la fuerte <b>contracci\u00f3n de las ventas<\/b> que atraviesa el mercado automotor. <\/p>\n<p><\/p>\n<p class=\"paragraph\">La din\u00e1mica de parates no es nueva en Alvear. Si bien este esquema se aplica desde junio de 2025, ya desde fines de <b>2023 <\/b>la producci\u00f3n hab\u00eda sufrido interrupciones por problemas en el abastecimiento de piezas importadas. Para el primer trimestre de 2024, la planta acumulaba varias semanas sin actividad.<\/p>\n<p><\/p>\n<p class=\"paragraph\">Ese proceso fue acompa\u00f1ado por una fuerte reducci\u00f3n de personal. Entre retiros voluntarios y desvinculaciones, cerca de <b>800 trabajadores <\/b>dejaron la compa\u00f1\u00eda en los \u00faltimos dos a\u00f1os. Hoy GM emplea a unas 600 personas, cuando la planta de Alvear supo concentrar por s\u00ed sola a m\u00e1s de 1.200 empleados directos.<\/p>\n<p><\/p>\n<p class=\"paragraph\">La terminal, que tiene m\u00e1s de 25 a\u00f1os de actividad en el pa\u00eds, fue durante m\u00e1s de una d\u00e9cada uno de los pilares productivos de la marca en la Argentina. All\u00ed se fabricaron el <b>Cruze <\/b>y, actualmente, el SUV <b>Tracker<\/b>. <\/p>\n","protected":false},"excerpt":{"rendered":"<p>Confirm\u00f3 que durante 2026 mantendr\u00e1 paradas mensuales y un esquema de suspensiones con pago parcial de salarios en su f\u00e1brica de Alvear General Motors (GM), la fabricante de Chevrolet en el pa\u00eds, trabajar\u00e1 con actividad intermitente durante 2026 en su planta de General Alvear, en Santa Fe. La decisi\u00f3n responde a la necesidad de administrar [&hellip;]<\/p>\n","protected":false},"author":2,"featured_media":72621,"comment_status":"","ping_status":"","sticky":false,"template":"","format":"standard","meta":{"footnotes":""},"categories":[12],"tags":[],"_links":{"self":[{"href":"https:\/\/maxradio923.com.ar\/index.php\/wp-json\/wp\/v2\/posts\/72620"}],"collection":[{"href":"https:\/\/maxradio923.com.ar\/index.php\/wp-json\/wp\/v2\/posts"}],"about":[{"href":"https:\/\/maxradio923.com.ar\/index.php\/wp-json\/wp\/v2\/types\/post"}],"author":[{"embeddable":true,"href":"https:\/\/maxradio923.com.ar\/index.php\/wp-json\/wp\/v2\/users\/2"}],"replies":[{"embeddable":true,"href":"https:\/\/maxradio923.com.ar\/index.php\/wp-json\/wp\/v2\/comments?post=72620"}],"version-history":[{"count":0,"href":"https:\/\/maxradio923.com.ar\/index.php\/wp-json\/wp\/v2\/posts\/72620\/revisions"}],"wp:featuredmedia":[{"embeddable":true,"href":"https:\/\/maxradio923.com.ar\/index.php\/wp-json\/wp\/v2\/media\/72621"}],"wp:attachment":[{"href":"https:\/\/maxradio923.com.ar\/index.php\/wp-json\/wp\/v2\/media?parent=72620"}],"wp:term":[{"taxonomy":"category","embeddable":true,"href":"https:\/\/maxradio923.com.ar\/index.php\/wp-json\/wp\/v2\/categories?post=72620"},{"taxonomy":"post_tag","embeddable":true,"href":"https:\/\/maxradio923.com.ar\/index.php\/wp-json\/wp\/v2\/tags?post=72620"}],"curies":[{"name":"wp","href":"https:\/\/api.w.org\/{rel}","templated":true}]}}