{"id":72607,"date":"2026-01-18T20:16:02","date_gmt":"2026-01-18T23:16:02","guid":{"rendered":"https:\/\/maxradio923.com.ar\/index.php\/2026\/01\/18\/vanina-escudero-hablo-de-su-lucha-por-ser-madre-es-devastador-a-nivel-emocional\/"},"modified":"2026-01-18T20:16:02","modified_gmt":"2026-01-18T23:16:02","slug":"vanina-escudero-hablo-de-su-lucha-por-ser-madre-es-devastador-a-nivel-emocional","status":"publish","type":"post","link":"https:\/\/maxradio923.com.ar\/index.php\/2026\/01\/18\/vanina-escudero-hablo-de-su-lucha-por-ser-madre-es-devastador-a-nivel-emocional\/","title":{"rendered":"Vanina Escudero habl\u00f3 de su lucha por ser madre: \u201cEs devastador a nivel emocional\u201d"},"content":{"rendered":"<p><\/p>\n<h2 class=\"article-subheadline text_align_left\">La actriz relat\u00f3 en Almorzando con Juana la larga b\u00fasqueda que tuvo para convertirse en mam\u00e1 y el diagn\u00f3stico de endometriosis que recibi\u00f3<\/h2>\n<p><\/p>\n<p class=\"paragraph\"><b>Vanina Escudero<\/b> comparti\u00f3 en <b>Almorzando con Juana<\/b> (Eltrece) el impacto emocional que vivi\u00f3 durante los <b>cuatro a\u00f1os de tratamientos de fertilidad<\/b> para convertirse en madre de <b>Benicio<\/b>, su primer hijo junto a <b>\u00c1lvaro Navia<\/b>. La artista sostuvo que ese proceso fue especialmente duro y que, mirando hacia atr\u00e1s, encontr\u00f3 un sentido positivo en esa experiencia compartida en pareja.<\/p>\n<p><\/p>\n<p class=\"paragraph\">La enfermedad que complic\u00f3 a\u00fan m\u00e1s su b\u00fasqueda fue la <b>endometriosis<\/b>, un diagn\u00f3stico que, seg\u00fan comparti\u00f3, suele demorarse: \u201c<b>Es mucha la poblaci\u00f3n que tiene endometriosis y es una enfermedad que en promedio tarda ocho a\u00f1os en que te la diagnostiquen<\/b>. A m\u00ed me tardaron muchos m\u00e1s\u201d. La hermana de Silvina Escudero explic\u00f3 que la endometriosis puede causar infertilidad y que, en su caso, \u201ccuando uno est\u00e1 embarazado y logra el embarazo, el cuerpo de alguna manera se reacondiciona\u201d.<\/p>\n<p><\/p>\n<p class=\"paragraph\">La experiencia de los tratamientos estuvo marcada por una exigencia emocional y f\u00edsica: \u201cEs devastador a nivel emocional transitar ese camino. En mi caso fueron cuatro a\u00f1os. Para m\u00ed fue muy importante tambi\u00e9n mi marido. A la mujer se le invade mucho f\u00edsicamente con los tratamientos y al marido no tanto, al hombre no tanto. Y tiene que acompa\u00f1ar. Emocionalmente tambi\u00e9n. Tiene que estar presente\u201d.<\/p>\n<p><\/p>\n<p class=\"paragraph\">Ya con el nacimiento de su hijo mayor, la llegada de su segunda hija, <b>Joaquina<\/b>, sucedi\u00f3 de manera natural. La actriz concluy\u00f3 que la experiencia los fortaleci\u00f3 como pareja: \u201cNos uni\u00f3 un mont\u00f3n haber recorrido ese camino. Los dos dese\u00e1bamos mucho ser padres. As\u00ed que hoy vi\u00e9ndolo a la distancia fue algo&#8230; En el fondo hasta positivo\u201d.<\/p>\n<p><\/p>\n<p class=\"paragraph\">El regreso de <b>Vanina Escudero<\/b> a <b>Mar del Plata<\/b> este verano marc\u00f3 un reencuentro emotivo con su infancia, pero ahora acompa\u00f1ada por sus hijos y su esposo. La bailarina, en di\u00e1logo con <b>Teleshow<\/b>, resalt\u00f3: \u201cMis hijos no conoc\u00edan Mar del Plata. Entonces, todo tiene otro sabor en lo que estamos viviendo junto a ellos\u201d.<\/p>\n<p><\/p>\n<p class=\"paragraph\">El teatro se mantiene como un eje profesional, especialmente con su papel en <b>Passi\u00f3n, la marca del enga\u00f1o<\/b>, junto a figuras como <b>Nito Artaza<\/b> y <b>M\u00f3nica Farro<\/b>. Sin embargo, Escudero remarc\u00f3 que la prioridad sigue siendo la convivencia: \u201cEstamos preparando cada d\u00eda para estar en familia, para que todos disfrutemos de la playa y hagamos actividades juntos\u201d.<\/p>\n","protected":false},"excerpt":{"rendered":"<p>La actriz relat\u00f3 en Almorzando con Juana la larga b\u00fasqueda que tuvo para convertirse en mam\u00e1 y el diagn\u00f3stico de endometriosis que recibi\u00f3 Vanina Escudero comparti\u00f3 en Almorzando con Juana (Eltrece) el impacto emocional que vivi\u00f3 durante los cuatro a\u00f1os de tratamientos de fertilidad para convertirse en madre de Benicio, su primer hijo junto a [&hellip;]<\/p>\n","protected":false},"author":2,"featured_media":72608,"comment_status":"","ping_status":"","sticky":false,"template":"","format":"standard","meta":{"footnotes":""},"categories":[12],"tags":[],"_links":{"self":[{"href":"https:\/\/maxradio923.com.ar\/index.php\/wp-json\/wp\/v2\/posts\/72607"}],"collection":[{"href":"https:\/\/maxradio923.com.ar\/index.php\/wp-json\/wp\/v2\/posts"}],"about":[{"href":"https:\/\/maxradio923.com.ar\/index.php\/wp-json\/wp\/v2\/types\/post"}],"author":[{"embeddable":true,"href":"https:\/\/maxradio923.com.ar\/index.php\/wp-json\/wp\/v2\/users\/2"}],"replies":[{"embeddable":true,"href":"https:\/\/maxradio923.com.ar\/index.php\/wp-json\/wp\/v2\/comments?post=72607"}],"version-history":[{"count":0,"href":"https:\/\/maxradio923.com.ar\/index.php\/wp-json\/wp\/v2\/posts\/72607\/revisions"}],"wp:featuredmedia":[{"embeddable":true,"href":"https:\/\/maxradio923.com.ar\/index.php\/wp-json\/wp\/v2\/media\/72608"}],"wp:attachment":[{"href":"https:\/\/maxradio923.com.ar\/index.php\/wp-json\/wp\/v2\/media?parent=72607"}],"wp:term":[{"taxonomy":"category","embeddable":true,"href":"https:\/\/maxradio923.com.ar\/index.php\/wp-json\/wp\/v2\/categories?post=72607"},{"taxonomy":"post_tag","embeddable":true,"href":"https:\/\/maxradio923.com.ar\/index.php\/wp-json\/wp\/v2\/tags?post=72607"}],"curies":[{"name":"wp","href":"https:\/\/api.w.org\/{rel}","templated":true}]}}