{"id":72605,"date":"2026-01-18T20:11:07","date_gmt":"2026-01-18T23:11:07","guid":{"rendered":"https:\/\/maxradio923.com.ar\/index.php\/2026\/01\/18\/quienes-se-presentaran-en-la-fiesta-nacional-de-la-confluencia\/"},"modified":"2026-01-18T20:11:07","modified_gmt":"2026-01-18T23:11:07","slug":"quienes-se-presentaran-en-la-fiesta-nacional-de-la-confluencia","status":"publish","type":"post","link":"https:\/\/maxradio923.com.ar\/index.php\/2026\/01\/18\/quienes-se-presentaran-en-la-fiesta-nacional-de-la-confluencia\/","title":{"rendered":"Qui\u00e9nes se presentar\u00e1n en la Fiesta Nacional de la Confluencia"},"content":{"rendered":"<p><\/p>\n<div>\n<p class=\"com-paragraph  --capital --s\">Desde 2013, todos los a\u00f1os se viene realizando la <strong>Fiesta Nacional de la Confluencia <\/strong>en la ciudad de Neuqu\u00e9n. Un encuentro en el que convive la m\u00fasica con el arte y la gastronom\u00eda patag\u00f3nica. Desde su inicio, la capacidad de este festival fue creciendo a\u00f1o tras a\u00f1o. Si todo comenz\u00f3 con una grilla que encabezaron Le\u00f3n Gieco, Los Aut\u00e9nticos Decadentes y La Vela Puerca que fue presenciada por 150.000 personas, a la \u00faltima edici\u00f3n fueron m\u00e1s de 1.600.000 personas en las cuatro jornadas. <\/p>\n<div class=\"content-media\">\n<section role=\"button\" class=\"mod-media   \">\n<figure role=\"button\" class=\"mod-figure \"><figcaption class=\"mod-figcaption\"><span class=\"com-text --caption --twoxs\">La grilla de la Fiesta Nacional de la Confluencia<br \/>\n<\/span><\/figcaption><\/figure>\n<\/section>\n<\/div>\n<p class=\"com-paragraph   --s\">Para la versi\u00f3n 2026 que tendr\u00e1 lugar entre el jueves 5 y el domingo 8 de febrero, los organizadores apuntaron a una grilla en la que conviven artistas de distintas generaciones y estilos musicales. En el<em> line up<\/em> de la primera fecha se combina la m\u00fasica popular con la tropical. Estar\u00e1n <strong>Karina<\/strong>, <strong>Luciano Pereyra<\/strong>, <strong>Rombai<\/strong>, <strong>Migrantes<\/strong> y los referentes de la identidad neuquina, Los Berbel. <\/p>\n<p class=\"com-paragraph   --s\">El viernes, el pop y la m\u00fasica urbana copar\u00e1n la parada con <strong>Luck Ra<\/strong>, <strong>\u00c1ngela Torres<\/strong>, <strong>FMK<\/strong>, Roze, Lauty Gram y Tuli. La noche del s\u00e1bado ser\u00e1 la del turno del rock con <strong>No Te Va Gustar<\/strong>, <strong>La Beriso<\/strong>,<strong> Bersuit Vergarabat<\/strong>,<strong> Kapanga<\/strong> y el grupo originario de Neuqu\u00e9n, Comodines. <\/p>\n<div class=\"content-media\">\n<section role=\"button\" class=\"mod-media   \">\n<figure role=\"button\" class=\"mod-figure \"><figcaption class=\"mod-figcaption\"><span class=\"com-text --caption --twoxs\">Emiliano Brancciari, el cantante de No Te Va Gustar, que ser\u00e1 una de las bandas del festival neuquino<\/span><span class=\"com-text --credit --twoxs\">Ignacio Arnedo \/ Agust\u00edn Dusserre<\/span><\/figcaption><\/figure>\n<\/section>\n<\/div>\n<p class=\"com-paragraph   --s\">Para el cierre del festival, la propuesta gira alrededor de la m\u00fasica urbana y contempor\u00e1nea encabezada por <strong>Trueno<\/strong>, uno de los referentes m\u00e1s influyentes de la m\u00fasica argentina actual. <strong>Dillom, La Joaqui<\/strong>,<strong> Tizishi <\/strong>y <strong>Femi<\/strong> acompa\u00f1ar\u00e1n esta jornada aportando su est\u00e9tica singular y su mirada innovadora. Durante cada d\u00eda se sumar\u00e1n los proyectos seleccionados a trav\u00e9s de Pre Confluencia, que promueve la participaci\u00f3n de artistas emergentes locales.<\/p>\n<p class=\"com-paragraph   --s\">Las entradas est\u00e1n disponibles a trav\u00e9s de <strong>Entrada Uno<\/strong> con abonos que arrancan en los 100.000 pesos. De todos modos, los organizadores ofrecen la venta de entradas por d\u00eda a 40.000 pesos y el Pase Confluencia para acceder a la experiencia completa durante los cuatro d\u00edas as\u00ed como el pack Familiar\/Amigos, con las cuatro jornadas al precio de tres. <\/p>\n<div class=\"content-media\">\n<section role=\"button\" class=\"mod-media   \">\n<figure role=\"button\" class=\"mod-figure \"><figcaption class=\"mod-figcaption\"><span class=\"com-text --caption --twoxs\">La Joaqui se presentar\u00e1 en La Confluencia<\/span><span class=\"com-text --credit --twoxs\">Prensa<\/span><\/figcaption><\/figure>\n<\/section>\n<\/div>\n<p class=\"com-paragraph   --s\">Con producci\u00f3n de Fenix Entertainment, durante los d\u00edas del festival habr\u00e1 sorteos para poder acceder al <em>Meet &amp; Geet<\/em>, ingreso diferenciado, prioritario y sector de ba\u00f1os exclusivos. A todo ello se suma el espacio <em>de food trucks<\/em> y un <em>photo opportunity<\/em>.<strong> <\/strong>Los tickets se pueden adquirir en 6 cuotas sin inter\u00e9s con tarjeta de Cr\u00e9dito Confiable y 3 cuotas sin inter\u00e9s con Visa y Mastercard de BPN.<\/p>\n<p class=\"com-paragraph   --s\">As\u00ed como las primeras ediciones se realizaron en el Paseo de la Costa de la ciudad de Neuqu\u00e9n, a partir de la novena edici\u00f3n al festival que suele denominarse como \u201cel Lollapalooza neuquino\u201d se traslad\u00f3 a la Isla 132, un espacio amplio que permite albergar a grandes multitudes. Como yapa el lugar proporciona un entorno natural impresionante a la vera del R\u00edo Limay. <\/p>\n<div class=\"content-media\">\n<section role=\"button\" class=\"mod-media   \">\n<figure role=\"button\" class=\"mod-figure \"><figcaption class=\"mod-figcaption\"><span class=\"com-text --caption --twoxs\">Vista a\u00e9rea de la edici\u00f3n del 2024 en la que actuaron Tan Bi\u00f3nica, Abel Pintos y Fito P\u00e1ez, entre otros artistas<\/span><span class=\"com-text --credit --twoxs\">Confluencia oficial<\/span><\/figcaption><\/figure>\n<\/section>\n<\/div>\n<p class=\"com-paragraph   --s\">La Fiesta de la Confluencia es una de las celebraciones m\u00e1s significativas de la Patagonia junto a la<strong> <\/strong>Fiesta de la Manzana, que tiene lugar en General Roca; la Fiesta de la Pera, que se realiza en Allen; la Fiesta del L\u00fapulo, de El Bols\u00f3n y la Fiesta del Lago Argentino, de Calafate. <\/p>\n<p class=\"com-paragraph   --s\">En los \u00faltimos a\u00f1os, la Fiesta de la Confluencia se transform\u00f3 en un pilar cultural para Neuqu\u00e9n y sus alrededores. Por otra parte, se convirti\u00f3 en una plataforma para artistas locales que buscan visibilidad y oportunidades en el \u00e1mbito nacional y una oportunidad para emprendedores y feriantes que participan con sus productos durante el evento.<\/p>\n<div class=\"content-media\">\n<section role=\"button\" class=\"mod-media   \">\n<figure role=\"button\" class=\"mod-figure \"><figcaption class=\"mod-figcaption\"><span class=\"com-text --caption --twoxs\">Karina, la cantante de cumbia, se presentar\u00e1 la primera noche del festival en la que tambi\u00e9n subir\u00e1 al escenario Luciano Pereyra<\/span><span class=\"com-text --credit --twoxs\">Fuente: Instagram de Karina Tejeda &#8211; Archivo<\/span><\/figcaption><\/figure>\n<\/section>\n<\/div>\n<p class=\"com-paragraph   --s\">En la edici\u00f3n pasada, pasaron por su escenario central Juanes, Mar\u00eda Becerra, Tiago PZK, Soledad, Los Palmeras y Los Aut\u00e9nticos Decadentes. En la de 2024, fue el turno de Abel Pintos, Tan Bi\u00f3nica, Airbag, Ratones Paranoicos, Fito P\u00e1ez, Dillom y El Mat\u00f3 a un Polic\u00eda Motorizado, entre otros. Y en la anterior, estuvieron presentes Abel Pintos, Diego Torres, Nicki Nicole, Duki, Babas\u00f3nicos, Lali Esp\u00f3sito y Wos, entre tantas figuras. <\/p>\n<p class=\"com-paragraph   --s\">En 2016, la fiesta fue declarada de car\u00e1cter provincial. En 2022, fue declarada Fiesta Nacional por el Congreso de la Naci\u00f3n. Seg\u00fan registros estad\u00edsticos de audiencia, el gran encuentro patag\u00f3nico congrega a un p\u00fablico de todo el pa\u00eds as\u00ed como de Chile y Uruguay. El 45 por ciento de su audiencia, seg\u00fan registros de hace tres a\u00f1os, estuvo compuesta por turistas y el 70 por ciento de ellos llegaron al gran predio desde localidades ubicadas a m\u00e1s de 100 kil\u00f3metros de la ciudad de Neuqu\u00e9n. All\u00ed, a la vera del R\u00edo Limay, en un predio de 170.000 metros cuadrados, durante cuatro d\u00edas tiene lugar este mega encuentro musical. <\/p>\n<section class=\"container-center-100 mb-40 border border-bottom border-thin border-neutral-light-700\">\n<hr\/>\n<\/section>\n<\/div>\n","protected":false},"excerpt":{"rendered":"<p>Desde 2013, todos los a\u00f1os se viene realizando la Fiesta Nacional de la Confluencia en la ciudad de Neuqu\u00e9n. Un encuentro en el que convive la m\u00fasica con el arte y la gastronom\u00eda patag\u00f3nica. Desde su inicio, la capacidad de este festival fue creciendo a\u00f1o tras a\u00f1o. Si todo comenz\u00f3 con una grilla que encabezaron [&hellip;]<\/p>\n","protected":false},"author":2,"featured_media":72606,"comment_status":"","ping_status":"","sticky":false,"template":"","format":"standard","meta":{"footnotes":""},"categories":[14],"tags":[],"_links":{"self":[{"href":"https:\/\/maxradio923.com.ar\/index.php\/wp-json\/wp\/v2\/posts\/72605"}],"collection":[{"href":"https:\/\/maxradio923.com.ar\/index.php\/wp-json\/wp\/v2\/posts"}],"about":[{"href":"https:\/\/maxradio923.com.ar\/index.php\/wp-json\/wp\/v2\/types\/post"}],"author":[{"embeddable":true,"href":"https:\/\/maxradio923.com.ar\/index.php\/wp-json\/wp\/v2\/users\/2"}],"replies":[{"embeddable":true,"href":"https:\/\/maxradio923.com.ar\/index.php\/wp-json\/wp\/v2\/comments?post=72605"}],"version-history":[{"count":0,"href":"https:\/\/maxradio923.com.ar\/index.php\/wp-json\/wp\/v2\/posts\/72605\/revisions"}],"wp:featuredmedia":[{"embeddable":true,"href":"https:\/\/maxradio923.com.ar\/index.php\/wp-json\/wp\/v2\/media\/72606"}],"wp:attachment":[{"href":"https:\/\/maxradio923.com.ar\/index.php\/wp-json\/wp\/v2\/media?parent=72605"}],"wp:term":[{"taxonomy":"category","embeddable":true,"href":"https:\/\/maxradio923.com.ar\/index.php\/wp-json\/wp\/v2\/categories?post=72605"},{"taxonomy":"post_tag","embeddable":true,"href":"https:\/\/maxradio923.com.ar\/index.php\/wp-json\/wp\/v2\/tags?post=72605"}],"curies":[{"name":"wp","href":"https:\/\/api.w.org\/{rel}","templated":true}]}}