{"id":72604,"date":"2026-01-18T20:00:02","date_gmt":"2026-01-18T23:00:02","guid":{"rendered":"https:\/\/maxradio923.com.ar\/index.php\/2026\/01\/18\/javier-milei-encabezara-una-agenda-internacional-de-una-semana-en-la-que-podria-cruzarse-con-donald-trump\/"},"modified":"2026-01-18T20:00:02","modified_gmt":"2026-01-18T23:00:02","slug":"javier-milei-encabezara-una-agenda-internacional-de-una-semana-en-la-que-podria-cruzarse-con-donald-trump","status":"publish","type":"post","link":"https:\/\/maxradio923.com.ar\/index.php\/2026\/01\/18\/javier-milei-encabezara-una-agenda-internacional-de-una-semana-en-la-que-podria-cruzarse-con-donald-trump\/","title":{"rendered":"Javier Milei encabezar\u00e1 una agenda internacional de una semana en la que podr\u00eda cruzarse con Donald Trump"},"content":{"rendered":"<p><\/p>\n<h2 class=\"article-subheadline text_align_left\">El Presidente viajar\u00e1 a Davos para participar una vez m\u00e1s del Foro Econ\u00f3mico Mundial y mantener reuniones con empresarios, en medio de las tensiones mundiales<\/h2>\n<p><\/p>\n<p class=\"paragraph\">En medio de las tensiones globales tras la operaci\u00f3n exitosa de los Estados Unidos en Venezuela para detener al ex dictador Nicol\u00e1s Maduro, los planes en la Franja de Gaza y las insinuaciones sobre Groenlandia, el presidente<b> Javier Milei <\/b>iniciar\u00e1 una intensa agenda internacional de casi una semana en la que podr\u00eda cruzarse con <b>Donald Trump <\/b>al hablar en el Foro Econ\u00f3mico Mundial de Davos.<\/p>\n<p><\/p>\n<p class=\"paragraph\">El mi\u00e9rcoles, en tanto, habr\u00e1 un saludo formal y la tradicional foto de bienvenida con el presidente suizo,<b> Guy Parmelin<\/b>, para luego, a las 15:45 hora local (las 11:45 de Buenos Aires) exponer ante los cientos de referentes mundiales que estar\u00e1n en el Foro.<\/p>\n<p><\/p>\n<p class=\"paragraph\">Recientemente, el asesor de Milei, <b>Santiago Caputo<\/b>, termin\u00f3 de redactar junto a su equipo de especialistas el discurso que el libertario leer\u00e1 en el marco de un panel titulado \u201c\u00bfC\u00f3mo podemos cooperar en un mundo m\u00e1s disputado?\u201c.<\/p>\n<p><\/p>\n<p class=\"paragraph\">Ser\u00e1 una disertaci\u00f3n de unos 30 minutos, en la que el mandatario har\u00eda foco sobre la importancia para las naciones de tomar decisiones pol\u00edticas siguiendo un eje moral y no un objetivo utilitarista.<\/p>\n<p><\/p>\n<p class=\"paragraph\">Adem\u00e1s, durante la jornada,<b> el argentino tambi\u00e9n <\/b><b>se reunir\u00e1 con representantes de grandes bancos internacionales<\/b>: en el lugar estar\u00e1n los CEOs de las principales firmas, como Jamie Dimon, de JP Morgan Chase; Larry Fink, de BlackRock; David M. Solomon, de Goldman Sachs; Brian Moynihan, de Bank of America; Onur Gen\u00e7, de BBVA, y H\u00e9ctor Grisi, de Santander.<\/p>\n<p><\/p>\n<p class=\"paragraph\">Por otro lado, las autoridades nacionales niegan estar organizando alg\u00fan encuentro formal con Trump ni con ninguno de los funcionarios que lo acompa\u00f1ar\u00e1n, como los secretarios de Comercio y Energ\u00eda, <b>Howard Lutnick <\/b>y <b>Chris Wright<\/b>, y el representante comercial <b>Jameson Greer<\/b>.<\/p>\n","protected":false},"excerpt":{"rendered":"<p>El Presidente viajar\u00e1 a Davos para participar una vez m\u00e1s del Foro Econ\u00f3mico Mundial y mantener reuniones con empresarios, en medio de las tensiones mundiales En medio de las tensiones globales tras la operaci\u00f3n exitosa de los Estados Unidos en Venezuela para detener al ex dictador Nicol\u00e1s Maduro, los planes en la Franja de Gaza [&hellip;]<\/p>\n","protected":false},"author":2,"featured_media":65847,"comment_status":"","ping_status":"","sticky":false,"template":"","format":"standard","meta":{"footnotes":""},"categories":[12],"tags":[],"_links":{"self":[{"href":"https:\/\/maxradio923.com.ar\/index.php\/wp-json\/wp\/v2\/posts\/72604"}],"collection":[{"href":"https:\/\/maxradio923.com.ar\/index.php\/wp-json\/wp\/v2\/posts"}],"about":[{"href":"https:\/\/maxradio923.com.ar\/index.php\/wp-json\/wp\/v2\/types\/post"}],"author":[{"embeddable":true,"href":"https:\/\/maxradio923.com.ar\/index.php\/wp-json\/wp\/v2\/users\/2"}],"replies":[{"embeddable":true,"href":"https:\/\/maxradio923.com.ar\/index.php\/wp-json\/wp\/v2\/comments?post=72604"}],"version-history":[{"count":0,"href":"https:\/\/maxradio923.com.ar\/index.php\/wp-json\/wp\/v2\/posts\/72604\/revisions"}],"wp:featuredmedia":[{"embeddable":true,"href":"https:\/\/maxradio923.com.ar\/index.php\/wp-json\/wp\/v2\/media\/65847"}],"wp:attachment":[{"href":"https:\/\/maxradio923.com.ar\/index.php\/wp-json\/wp\/v2\/media?parent=72604"}],"wp:term":[{"taxonomy":"category","embeddable":true,"href":"https:\/\/maxradio923.com.ar\/index.php\/wp-json\/wp\/v2\/categories?post=72604"},{"taxonomy":"post_tag","embeddable":true,"href":"https:\/\/maxradio923.com.ar\/index.php\/wp-json\/wp\/v2\/tags?post=72604"}],"curies":[{"name":"wp","href":"https:\/\/api.w.org\/{rel}","templated":true}]}}