{"id":7252,"date":"2023-10-12T23:04:03","date_gmt":"2023-10-13T02:04:03","guid":{"rendered":"https:\/\/maxradio923.com\/index.php\/2023\/10\/12\/el-actor-israeli-david-cunio-habria-sido-secuestrado-por-hamas-junto-con-su-esposa-y-sus-gemelas-de-tres-anos\/"},"modified":"2023-10-13T03:04:05","modified_gmt":"2023-10-13T06:04:05","slug":"el-actor-israeli-david-cunio-habria-sido-secuestrado-por-hamas-junto-con-su-esposa-y-sus-gemelas-de-tres-anos","status":"publish","type":"post","link":"https:\/\/maxradio923.com.ar\/index.php\/2023\/10\/12\/el-actor-israeli-david-cunio-habria-sido-secuestrado-por-hamas-junto-con-su-esposa-y-sus-gemelas-de-tres-anos\/","title":{"rendered":"El actor israel\u00ed David Cunio habr\u00eda sido secuestrado por Hamas junto con su esposa y sus gemelas de tres a\u00f1os"},"content":{"rendered":"<ul>\n<li>No se sabe nada de ellos desde el s\u00e1bado, cuando avisaron que iban a un refugio.<\/li>\n<li>Fue el protagonista de la pel\u00edcula &quot;Youth&quot;, de 2013.<\/li>\n<\/ul>\n","protected":false},"excerpt":{"rendered":"<p>No se sabe nada de ellos desde el s\u00e1bado, cuando avisaron que iban a un refugio. Fue el protagonista de la pel\u00edcula &quot;Youth&quot;, de 2013.<\/p>\n","protected":false},"author":2,"featured_media":7276,"comment_status":"closed","ping_status":"","sticky":false,"template":"","format":"standard","meta":{"footnotes":""},"categories":[4],"tags":[],"_links":{"self":[{"href":"https:\/\/maxradio923.com.ar\/index.php\/wp-json\/wp\/v2\/posts\/7252"}],"collection":[{"href":"https:\/\/maxradio923.com.ar\/index.php\/wp-json\/wp\/v2\/posts"}],"about":[{"href":"https:\/\/maxradio923.com.ar\/index.php\/wp-json\/wp\/v2\/types\/post"}],"author":[{"embeddable":true,"href":"https:\/\/maxradio923.com.ar\/index.php\/wp-json\/wp\/v2\/users\/2"}],"replies":[{"embeddable":true,"href":"https:\/\/maxradio923.com.ar\/index.php\/wp-json\/wp\/v2\/comments?post=7252"}],"version-history":[{"count":1,"href":"https:\/\/maxradio923.com.ar\/index.php\/wp-json\/wp\/v2\/posts\/7252\/revisions"}],"predecessor-version":[{"id":7275,"href":"https:\/\/maxradio923.com.ar\/index.php\/wp-json\/wp\/v2\/posts\/7252\/revisions\/7275"}],"wp:featuredmedia":[{"embeddable":true,"href":"https:\/\/maxradio923.com.ar\/index.php\/wp-json\/wp\/v2\/media\/7276"}],"wp:attachment":[{"href":"https:\/\/maxradio923.com.ar\/index.php\/wp-json\/wp\/v2\/media?parent=7252"}],"wp:term":[{"taxonomy":"category","embeddable":true,"href":"https:\/\/maxradio923.com.ar\/index.php\/wp-json\/wp\/v2\/categories?post=7252"},{"taxonomy":"post_tag","embeddable":true,"href":"https:\/\/maxradio923.com.ar\/index.php\/wp-json\/wp\/v2\/tags?post=7252"}],"curies":[{"name":"wp","href":"https:\/\/api.w.org\/{rel}","templated":true}]}}