{"id":7220,"date":"2023-10-12T19:44:14","date_gmt":"2023-10-12T22:44:14","guid":{"rendered":"https:\/\/maxradio923.com\/index.php\/2023\/10\/12\/denuncian-a-bullrich-ante-la-justicia-electoral-por-proponer-destruir-al-kirchnerismo\/"},"modified":"2023-10-12T21:54:08","modified_gmt":"2023-10-13T00:54:08","slug":"denuncian-a-bullrich-ante-la-justicia-electoral-por-proponer-destruir-al-kirchnerismo","status":"publish","type":"post","link":"https:\/\/maxradio923.com.ar\/index.php\/2023\/10\/12\/denuncian-a-bullrich-ante-la-justicia-electoral-por-proponer-destruir-al-kirchnerismo\/","title":{"rendered":"Denuncian a Bullrich ante la Justicia Electoral por proponer \u00abdestruir al kirchnerismo\u00bb"},"content":{"rendered":"<p><img decoding=\"async\" src=\"https:\/\/diariod3.com\/inicio\/wp-content\/uploads\/2023\/10\/6525bfdd88953_450.jpg\"\/><\/p>\n<p>La acusan de cometer \u00abdelitos electorales y penales\u00bb en sus spots de campa\u00f1a y en sus declaraciones p\u00fablicas, adem\u00e1s de solicitarse la \u00abinmediata interrupci\u00f3n de la difusi\u00f3n de sus ataques discriminatorios\u00bb.<\/p>\n<p>La candidata presidencial de Juntos por el Cambio (JxC), Patricia Bullrich, fue denunciada este jueves en Santa Fe ante la C\u00e1mara Nacional Electoral por \u00abdelitos electorales y penales\u00bb a trav\u00e9s de sus spots de campa\u00f1a y declaraciones p\u00fablicas en los que propone \u00abdestruir al kirchnerismo\u00bb, que seg\u00fan la presentaci\u00f3n violan la ley 23.592, que pena actos de discriminaci\u00f3n.<\/p>\n<p>El escrito de 13 p\u00e1ginas fue presentado por el referente de los organismos de Derechos Humanos de la provincia, Hugo Kofman, con el patrocinio del abogado Guillermo Munn\u00e9, querellante en los juicios por cr\u00edmenes de lesa humanidad llevados a cabo en Santa Fe.<\/p>\n<p>La denuncia considera ese tipo de manifestaciones como \u00abactos proselitistas contrarios al derecho pol\u00edtico y constitucional argentino, constitutivo de delitos seg\u00fan lo establecido en la Ley 23.592\u00bb.<\/p>\n<p>La denuncia a\u00f1ade que los dichos y spots de Bullrich violan \u00ablas garant\u00edas fundamentales contempladas en la Declaraci\u00f3n Universal de Derechos Humanos\u00bb y en distintos pactos y tratados internacionales.<\/p>\n<p>En la denuncia, Kofman solicita la \u00abinmediata interrupci\u00f3n de la difusi\u00f3n de sus ataques discriminatorios y promotores de violencia\u00bb, que \u00abdebe comprender los spots audiovisuales que por disposici\u00f3n del r\u00e9gimen electoral se emiten reiteradamente en todos los canales televisivos del pa\u00eds\u00bb.<\/p>\n<p>Adem\u00e1s, le solicita a la C\u00e1mara Nacional electoral que \u00abordene a Bullrich a pedir disculpas p\u00fablicamente sobre estas expresiones y publicaciones\u00bb, en particular \u00ablas proferidas en la ciudad de Santa Fe, cuando dijo que se ocupar\u00e1 de \u2018destruir al kirchnerismo para que no vuelva m\u00e1s una ideolog\u00eda que ha generado un mal terrible en nuestro pa\u00eds\u00bb.<\/p>\n<p>Para Kofman, se tratar\u00eda de \u00abuna forma de reparaci\u00f3n simb\u00f3lica para quienes sostenemos como identidad pol\u00edtica el kirchnerismo y que nos vemos sometidos a la peligrosa y amenazante demonizaci\u00f3n de esta candidata\u00bb.<\/p>\n<p>En ese sentido, considera que Bullrich \u00abreincide en las pr\u00e1cticas largamente conocidas en la historia de nuestro pa\u00eds de estigmatizaci\u00f3n del peronismo para justificar proscripciones, intentos de magnicidio y violaciones m\u00faltiples a los derechos humanos\u00bb.<\/p>\n<p>Hugo Kofman es integrante de Familiares de Desaparecidos y Detenidos por Razones Pol\u00edticas de Santa Fe, hermano del detenido-desaparecido Jorge Kofman e hijo de la Madre de Plaza de Mayo Celina \u00abQueca\u00bb Zeigner de Kofman, hist\u00f3rica referente de los organismos de DDHH de la provincia.<\/p>\n<p>Fuente: T\u00c9LAM<\/p>\n<p>Por: Graciela Herrera<\/p>\n<p>La entrada <a href=\"https:\/\/diariod3.com\/inicio\/denuncian-a-bullrich-ante-la-justicia-electoral-por-proponer-destruir-al-kirchnerismo\/\" rel=\"noreferrer noopener\" target=\"_blank\">Denuncian a Bullrich ante la Justicia Electoral por proponer \u00abdestruir al kirchnerismo\u00bb<\/a> se public\u00f3 primero en <a href=\"https:\/\/diariod3.com\/inicio\" rel=\"noreferrer noopener\" target=\"_blank\">DIARIO D3 NOTICIAS<\/a>.<\/p>\n","protected":false},"excerpt":{"rendered":"<p>La acusan de cometer \u00abdelitos electorales y penales\u00bb en sus spots de campa\u00f1a y en sus declaraciones p\u00fablicas, adem\u00e1s de solicitarse la \u00abinmediata interrupci\u00f3n de la difusi\u00f3n de sus ataques discriminatorios\u00bb. La candidata presidencial de Juntos por el Cambio (JxC), Patricia Bullrich, fue denunciada este jueves en Santa Fe ante la C\u00e1mara Nacional Electoral por [&hellip;]<\/p>\n","protected":false},"author":2,"featured_media":7241,"comment_status":"closed","ping_status":"","sticky":false,"template":"","format":"standard","meta":{"footnotes":""},"categories":[12],"tags":[],"_links":{"self":[{"href":"https:\/\/maxradio923.com.ar\/index.php\/wp-json\/wp\/v2\/posts\/7220"}],"collection":[{"href":"https:\/\/maxradio923.com.ar\/index.php\/wp-json\/wp\/v2\/posts"}],"about":[{"href":"https:\/\/maxradio923.com.ar\/index.php\/wp-json\/wp\/v2\/types\/post"}],"author":[{"embeddable":true,"href":"https:\/\/maxradio923.com.ar\/index.php\/wp-json\/wp\/v2\/users\/2"}],"replies":[{"embeddable":true,"href":"https:\/\/maxradio923.com.ar\/index.php\/wp-json\/wp\/v2\/comments?post=7220"}],"version-history":[{"count":1,"href":"https:\/\/maxradio923.com.ar\/index.php\/wp-json\/wp\/v2\/posts\/7220\/revisions"}],"predecessor-version":[{"id":7240,"href":"https:\/\/maxradio923.com.ar\/index.php\/wp-json\/wp\/v2\/posts\/7220\/revisions\/7240"}],"wp:featuredmedia":[{"embeddable":true,"href":"https:\/\/maxradio923.com.ar\/index.php\/wp-json\/wp\/v2\/media\/7241"}],"wp:attachment":[{"href":"https:\/\/maxradio923.com.ar\/index.php\/wp-json\/wp\/v2\/media?parent=7220"}],"wp:term":[{"taxonomy":"category","embeddable":true,"href":"https:\/\/maxradio923.com.ar\/index.php\/wp-json\/wp\/v2\/categories?post=7220"},{"taxonomy":"post_tag","embeddable":true,"href":"https:\/\/maxradio923.com.ar\/index.php\/wp-json\/wp\/v2\/tags?post=7220"}],"curies":[{"name":"wp","href":"https:\/\/api.w.org\/{rel}","templated":true}]}}