{"id":7218,"date":"2023-10-12T19:44:13","date_gmt":"2023-10-12T22:44:13","guid":{"rendered":"https:\/\/maxradio923.com\/index.php\/2023\/10\/12\/sergio-massa-luego-de-la-suba-del-dolar-van-a-empezar-a-ver-las-peores-miserias-de-los-que-especulaban-con-el-ahorro-de-los-argentinos\/"},"modified":"2023-10-13T08:34:01","modified_gmt":"2023-10-13T11:34:01","slug":"sergio-massa-luego-de-la-suba-del-dolar-van-a-empezar-a-ver-las-peores-miserias-de-los-que-especulaban-con-el-ahorro-de-los-argentinos","status":"publish","type":"post","link":"https:\/\/maxradio923.com.ar\/index.php\/2023\/10\/12\/sergio-massa-luego-de-la-suba-del-dolar-van-a-empezar-a-ver-las-peores-miserias-de-los-que-especulaban-con-el-ahorro-de-los-argentinos\/","title":{"rendered":"SERGIO MASSA LUEGO DE LA SUBA DEL D\u00d3LAR: \u00abVAN A EMPEZAR A VER LAS PEORES MISERIAS DE LOS QUE ESPECULABAN CON EL AHORRO DE LOS ARGENTINOS\u201d"},"content":{"rendered":"<p><img decoding=\"async\" src=\"https:\/\/diariod3.com\/inicio\/wp-content\/uploads\/2023\/10\/sergio-massa.jpg\"\/><\/p>\n<p>El candidato a Presidente oficialista encabez\u00f3 un acto con referentes del sector de Salud y apunt\u00f3 contra la oposici\u00f3n que \u201cempez\u00f3 a agitar el mercado de cambio\u201d.<\/p>\n<p>El ministro de Econom\u00eda Sergio Massa particip\u00f3 este mediod\u00eda del encuentro \u201cSalud por la Patria\u201d, que se realiz\u00f3 en la Facultad de Medicina de la Universidad de Buenos Aires.<\/p>\n<p>Acompa\u00f1ado por dirigentes del oficialismo y ante un auditorio repleto de profesionales del sector mencionado, el candidato a presidente por Uni\u00f3n por la (Patria UxP) apunt\u00f3 contra sus principales competidores -Javier Milei y Patricia Bullrich-, porque consider\u00f3 que cuando vieron que el gobierno nacional tomaba medidas para \u201ccompensar el esfuerzo que implicaba el impacto inflacionario por la devaluaci\u00f3n, empezaron a agitar el mercado de cambios\u201d.<\/p>\n<p>\u201cAnteanoche dije: \u2018Prefiero perder la elecci\u00f3n, pero mandar presos a los que juegan con el ahorro de los argentinos\u2019. Ayer ya hubo seis detenidos. Y prep\u00e1rense para ver al desnudo las peores miserias de aquellos argentinos que especulan contra el ahorro de los argentinos\u201d, prometi\u00f3 Massa durante el evento.<\/p>\n<p>\u201cAyer hubo allanamientos y desde ma\u00f1ana van a empezar a ver las peores miserias de los que especulaban con el ahorro de los argentinos\u201d, reiter\u00f3 el ministro, que remat\u00f3 totalmente enfervorizado: \u201cNo voy a parar hasta verlos presos, voy a defender el ahorro de la gente, voy a defender el sistema de salud, la educaci\u00f3n p\u00fablica y gratuita. Creo en la Argentina, si me muero y tengo que volver a nacer, vuelvo a elegirla como pa\u00eds\u201d.<\/p>\n<p>Antes de ese cierre, Massa se\u00f1al\u00f3 que \u201cla eliminaci\u00f3n del impuesto a las ganancias vino para quedarse en la Argentina\u201d, pero sembr\u00f3 interrogantes sobre si eso se mantendr\u00e1 en un eventual gobierno de Juntos por el Cambio.<\/p>\n<p>\u201cAyer un equipo puso en duda que vayan a seguir respetando la eliminaci\u00f3n del impuesto a las Ganancias si ganan\u201d, alert\u00f3 en referencia a una expresiones de los referentes econ\u00f3micos de Patricia Bullrich. \u201cNo van a tener ninguna chance de juntarnos una mayor\u00eda en el Congreso para eliminar una conquista de los trabajadores\u201d, garantiz\u00f3 el candidato presidencial de UxP.<\/p>\n<p>En el evento \u2018Salud por la Patria\u2019, convocado por el senador nacional Pablo Yedlin, estuvieron la ministra de Salud, Carla Vizzotti; el gobernador de Tucum\u00e1n, Juan Manzur; el titular de Swiss Medical, Claudio Belocopitt y el titular del sindicato de Sanidad y triunviro de la CGT, H\u00e9ctor Daer; entre otros.<\/p>\n<p>Esta tarde, Massa viajar\u00e1 a la provincia de Entre R\u00edos y realizar\u00e1 una rueda de prensa en el Centro de Convenciones de Concordia. All\u00ed estar\u00e1n el gobernador y candidato a diputado nacional, Gustavo Bordet, el postulante a la gobernaci\u00f3n, Ad\u00e1n Bahl, y Armando Luis Gay, quien competir\u00e1 por la intendencia.<\/p>\n<p>Fuente: INFOBAE<\/p>\n<p>Por: Graciela Herrera<\/p>\n<p>La entrada <a href=\"https:\/\/diariod3.com\/inicio\/sergio-massa-luego-de-la-suba-del-dolar-van-a-empezar-a-ver-las-peores-miserias-de-los-que-especulaban-con-el-ahorro-de-los-argentinos\/\" rel=\"noreferrer noopener\" target=\"_blank\">SERGIO MASSA LUEGO DE LA SUBA DEL D\u00d3LAR: \u00abVAN A EMPEZAR A VER LAS PEORES MISERIAS DE LOS QUE ESPECULABAN CON EL AHORRO DE LOS ARGENTINOS\u201d<\/a> se public\u00f3 primero en <a href=\"https:\/\/diariod3.com\/inicio\" rel=\"noreferrer noopener\" target=\"_blank\">DIARIO D3 NOTICIAS<\/a>.<\/p>\n","protected":false},"excerpt":{"rendered":"<p>El candidato a Presidente oficialista encabez\u00f3 un acto con referentes del sector de Salud y apunt\u00f3 contra la oposici\u00f3n que \u201cempez\u00f3 a agitar el mercado de cambio\u201d. El ministro de Econom\u00eda Sergio Massa particip\u00f3 este mediod\u00eda del encuentro \u201cSalud por la Patria\u201d, que se realiz\u00f3 en la Facultad de Medicina de la Universidad de Buenos [&hellip;]<\/p>\n","protected":false},"author":2,"featured_media":7288,"comment_status":"closed","ping_status":"","sticky":false,"template":"","format":"standard","meta":{"footnotes":""},"categories":[12],"tags":[],"_links":{"self":[{"href":"https:\/\/maxradio923.com.ar\/index.php\/wp-json\/wp\/v2\/posts\/7218"}],"collection":[{"href":"https:\/\/maxradio923.com.ar\/index.php\/wp-json\/wp\/v2\/posts"}],"about":[{"href":"https:\/\/maxradio923.com.ar\/index.php\/wp-json\/wp\/v2\/types\/post"}],"author":[{"embeddable":true,"href":"https:\/\/maxradio923.com.ar\/index.php\/wp-json\/wp\/v2\/users\/2"}],"replies":[{"embeddable":true,"href":"https:\/\/maxradio923.com.ar\/index.php\/wp-json\/wp\/v2\/comments?post=7218"}],"version-history":[{"count":1,"href":"https:\/\/maxradio923.com.ar\/index.php\/wp-json\/wp\/v2\/posts\/7218\/revisions"}],"predecessor-version":[{"id":7238,"href":"https:\/\/maxradio923.com.ar\/index.php\/wp-json\/wp\/v2\/posts\/7218\/revisions\/7238"}],"wp:featuredmedia":[{"embeddable":true,"href":"https:\/\/maxradio923.com.ar\/index.php\/wp-json\/wp\/v2\/media\/7288"}],"wp:attachment":[{"href":"https:\/\/maxradio923.com.ar\/index.php\/wp-json\/wp\/v2\/media?parent=7218"}],"wp:term":[{"taxonomy":"category","embeddable":true,"href":"https:\/\/maxradio923.com.ar\/index.php\/wp-json\/wp\/v2\/categories?post=7218"},{"taxonomy":"post_tag","embeddable":true,"href":"https:\/\/maxradio923.com.ar\/index.php\/wp-json\/wp\/v2\/tags?post=7218"}],"curies":[{"name":"wp","href":"https:\/\/api.w.org\/{rel}","templated":true}]}}