{"id":7206,"date":"2023-10-12T18:54:14","date_gmt":"2023-10-12T21:54:14","guid":{"rendered":"https:\/\/maxradio923.com\/index.php\/2023\/10\/12\/la-emotiva-historia-de-fiorella-la-nena-de-11-anos-que-canto-lirico-en-got-talent-y-provoco-que-abel-pintos-se-arrodillara-a-sus-pies\/"},"modified":"2023-10-12T18:54:14","modified_gmt":"2023-10-12T21:54:14","slug":"la-emotiva-historia-de-fiorella-la-nena-de-11-anos-que-canto-lirico-en-got-talent-y-provoco-que-abel-pintos-se-arrodillara-a-sus-pies","status":"publish","type":"post","link":"https:\/\/maxradio923.com.ar\/index.php\/2023\/10\/12\/la-emotiva-historia-de-fiorella-la-nena-de-11-anos-que-canto-lirico-en-got-talent-y-provoco-que-abel-pintos-se-arrodillara-a-sus-pies\/","title":{"rendered":"La emotiva historia de Fiorella, la nena de 11 a\u00f1os que cant\u00f3 l\u00edrico en \u201cGot Talent\u201d y provoc\u00f3 que Abel Pintos se arrodillara a sus pies"},"content":{"rendered":"<ul>\n<li>Viaj\u00f3 especialmente desde Comodoro Rivadavia para participar del reality de Telefe. Ya est\u00e1 en la final.<\/li>\n<li>Sufri\u00f3 bullying, porque algunas compa\u00f1eras le dec\u00edan que &quot;ten\u00eda voz chillona&quot;.<\/li>\n<li>Sue\u00f1a con el Teatro Col\u00f3n. Y juega a la pelota.<\/li>\n<\/ul>\n","protected":false},"excerpt":{"rendered":"<p>Viaj\u00f3 especialmente desde Comodoro Rivadavia para participar del reality de Telefe. Ya est\u00e1 en la final. Sufri\u00f3 bullying, porque algunas compa\u00f1eras le dec\u00edan que &quot;ten\u00eda voz chillona&quot;. Sue\u00f1a con el Teatro Col\u00f3n. Y juega a la pelota.<\/p>\n","protected":false},"author":2,"featured_media":7207,"comment_status":"","ping_status":"","sticky":false,"template":"","format":"standard","meta":{"footnotes":""},"categories":[4],"tags":[],"_links":{"self":[{"href":"https:\/\/maxradio923.com.ar\/index.php\/wp-json\/wp\/v2\/posts\/7206"}],"collection":[{"href":"https:\/\/maxradio923.com.ar\/index.php\/wp-json\/wp\/v2\/posts"}],"about":[{"href":"https:\/\/maxradio923.com.ar\/index.php\/wp-json\/wp\/v2\/types\/post"}],"author":[{"embeddable":true,"href":"https:\/\/maxradio923.com.ar\/index.php\/wp-json\/wp\/v2\/users\/2"}],"replies":[{"embeddable":true,"href":"https:\/\/maxradio923.com.ar\/index.php\/wp-json\/wp\/v2\/comments?post=7206"}],"version-history":[{"count":0,"href":"https:\/\/maxradio923.com.ar\/index.php\/wp-json\/wp\/v2\/posts\/7206\/revisions"}],"wp:featuredmedia":[{"embeddable":true,"href":"https:\/\/maxradio923.com.ar\/index.php\/wp-json\/wp\/v2\/media\/7207"}],"wp:attachment":[{"href":"https:\/\/maxradio923.com.ar\/index.php\/wp-json\/wp\/v2\/media?parent=7206"}],"wp:term":[{"taxonomy":"category","embeddable":true,"href":"https:\/\/maxradio923.com.ar\/index.php\/wp-json\/wp\/v2\/categories?post=7206"},{"taxonomy":"post_tag","embeddable":true,"href":"https:\/\/maxradio923.com.ar\/index.php\/wp-json\/wp\/v2\/tags?post=7206"}],"curies":[{"name":"wp","href":"https:\/\/api.w.org\/{rel}","templated":true}]}}