{"id":71913,"date":"2026-01-14T16:05:08","date_gmt":"2026-01-14T19:05:08","guid":{"rendered":"https:\/\/maxradio923.com.ar\/index.php\/2026\/01\/14\/thiago-medina-y-daniela-celis-buscan-ninera-para-sus-gemelas-los-particulares-requisitos-que-piden\/"},"modified":"2026-01-14T16:05:08","modified_gmt":"2026-01-14T19:05:08","slug":"thiago-medina-y-daniela-celis-buscan-ninera-para-sus-gemelas-los-particulares-requisitos-que-piden","status":"publish","type":"post","link":"https:\/\/maxradio923.com.ar\/index.php\/2026\/01\/14\/thiago-medina-y-daniela-celis-buscan-ninera-para-sus-gemelas-los-particulares-requisitos-que-piden\/","title":{"rendered":"Thiago Medina y Daniela Celis buscan ni\u00f1era para sus gemelas: los particulares requisitos que piden"},"content":{"rendered":"<p><\/p>\n<h2 class=\"article-subheadline text_align_left\">El exparticipante de Gran Hermano 2022 lanz\u00f3 una convocatoria en redes y comparti\u00f3 cu\u00e1les son los requerimientos que necesita la persona que se encargue de sus hijas<\/h2>\n<p><\/p>\n<p class=\"paragraph\">A pesar del grave accidente de moto que sufri\u00f3 el a\u00f1o pasado, <b>Thiago Medina<\/b> logr\u00f3 reponerse y dar un giro a su vida. El exparticipante de <i><b>Gran Hermano 2022<\/b><\/i><b> <\/b>atraves\u00f3 meses de recuperaci\u00f3n con el apoyo de su familia y amigos, y hoy transita una nueva etapa marcada por la paternidad. Enfocado en sus gemelas, <b>Laia<\/b> y <b>Aim\u00e9<\/b>, fruto de su relaci\u00f3n con <b>Daniela Celis<\/b>, Thiago<b> <\/b>tom\u00f3 una decisi\u00f3n clave para priorizar el bienestar de sus hijas:<b> buscar una ni\u00f1era que las acompa\u00f1e en esta fase de su vida<\/b>.<\/p>\n<p><\/p>\n<p class=\"paragraph\">La b\u00fasqueda de una ni\u00f1era no es un simple tr\u00e1mite para Thiago, sino una muestra m\u00e1s de la prioridad que les da a sus hijas. En cada publicaci\u00f3n, se puede ver el empe\u00f1o por fomentar recuerdos y compartir tiempo de calidad con las gemelas. Un ejemplo reciente fue en diciembre, cuando Thiago decidi\u00f3 regalarles a Laia y Aim\u00e9 una experiencia m\u00e1gica en la previa a la Navidad: conocer a <b>Pap\u00e1 Noel<\/b>.<\/p>\n<p><\/p>\n<p class=\"paragraph\">Con el objetivo de vivir una noche festiva inolvidable, Thiago acompa\u00f1\u00f3 a las peque\u00f1as a entregar sus cartas navide\u00f1as, llenas de dibujos y colores, ya que, seg\u00fan cont\u00f3, a\u00fan no saben escribir. \u201c<b>Hoy Pap\u00e1 Noel pas\u00f3 por el barrio<\/b> a buscar las cartas con sus duendes.<b> Laia y Aim\u00e9 es la primera vez que lo ven<\/b> y viven esta experiencia m\u00e1gica, repleta de emoci\u00f3n y entusiasmo\u201d, relat\u00f3 en un video publicado en Instagram. La secuencia mostr\u00f3 desde la preparaci\u00f3n de las cartas hasta el encuentro con Pap\u00e1 Noel, quien las recibi\u00f3 con paciencia y alegr\u00eda, despu\u00e9s de esperar a todos los chicos del barrio.<\/p>\n<p><\/p>\n<p class=\"paragraph\">La postal familiar se complet\u00f3 con las gemelas posando junto a Pap\u00e1 Noel, visiblemente emocionadas, y la frase de Thiago que acompa\u00f1\u00f3 la publicaci\u00f3n: \u201c<b>Hijas, nunca pierdan ese esp\u00edritu navide\u00f1o<\/b>. Las amamos mucho\u201d. Los seguidores respondieron con mensajes cargados de ternura y buenos deseos: \u201cQu\u00e9 hermosuras\u201d; \u201c<b>Bendiciones para esas princesas<\/b>\u201d; \u201cEstaban re emocionadas\u201d; \u201cMe encanta c\u00f3mo prepararon sus cartitas\u201d, y \u201cEs una gran felicidad que vos puedas estar con ellas\u201d, fueron solo algunos de los comentarios que reflejaron el sentimiento general.<\/p>\n<p><\/p>\n<p class=\"paragraph\">La recuperaci\u00f3n de Thiago, tras el accidente, implic\u00f3 un proceso largo y lleno de desaf\u00edos. Sin embargo, el joven <b>se mantuvo firme en su objetivo de estar presente para sus hijas<\/b> y construir un entorno estable y amoroso. Cada paso en la crianza de Laia y Aim\u00e9 es compartido con su comunidad de seguidores, que ha acompa\u00f1ado de cerca cada avance y cada gesto de superaci\u00f3n.<\/p>\n<p><\/p>\n<p class=\"paragraph\">A medida que avanza el 2026, <b>Thiago sigue apostando a la familia y al crecimiento personal<\/b>. Entre la recuperaci\u00f3n f\u00edsica, las responsabilidades diarias y los peque\u00f1os grandes momentos junto a Laia y Aim\u00e9, el excompetidor de <i>Gran Hermano <\/i>demuestra que, a pesar de las dificultades, el amor por sus hijas es el motor que lo impulsa a seguir adelante y buscar siempre lo mejor para ellas.<\/p>\n","protected":false},"excerpt":{"rendered":"<p>El exparticipante de Gran Hermano 2022 lanz\u00f3 una convocatoria en redes y comparti\u00f3 cu\u00e1les son los requerimientos que necesita la persona que se encargue de sus hijas A pesar del grave accidente de moto que sufri\u00f3 el a\u00f1o pasado, Thiago Medina logr\u00f3 reponerse y dar un giro a su vida. El exparticipante de Gran Hermano [&hellip;]<\/p>\n","protected":false},"author":2,"featured_media":71914,"comment_status":"","ping_status":"","sticky":false,"template":"","format":"standard","meta":{"footnotes":""},"categories":[12],"tags":[],"_links":{"self":[{"href":"https:\/\/maxradio923.com.ar\/index.php\/wp-json\/wp\/v2\/posts\/71913"}],"collection":[{"href":"https:\/\/maxradio923.com.ar\/index.php\/wp-json\/wp\/v2\/posts"}],"about":[{"href":"https:\/\/maxradio923.com.ar\/index.php\/wp-json\/wp\/v2\/types\/post"}],"author":[{"embeddable":true,"href":"https:\/\/maxradio923.com.ar\/index.php\/wp-json\/wp\/v2\/users\/2"}],"replies":[{"embeddable":true,"href":"https:\/\/maxradio923.com.ar\/index.php\/wp-json\/wp\/v2\/comments?post=71913"}],"version-history":[{"count":0,"href":"https:\/\/maxradio923.com.ar\/index.php\/wp-json\/wp\/v2\/posts\/71913\/revisions"}],"wp:featuredmedia":[{"embeddable":true,"href":"https:\/\/maxradio923.com.ar\/index.php\/wp-json\/wp\/v2\/media\/71914"}],"wp:attachment":[{"href":"https:\/\/maxradio923.com.ar\/index.php\/wp-json\/wp\/v2\/media?parent=71913"}],"wp:term":[{"taxonomy":"category","embeddable":true,"href":"https:\/\/maxradio923.com.ar\/index.php\/wp-json\/wp\/v2\/categories?post=71913"},{"taxonomy":"post_tag","embeddable":true,"href":"https:\/\/maxradio923.com.ar\/index.php\/wp-json\/wp\/v2\/tags?post=71913"}],"curies":[{"name":"wp","href":"https:\/\/api.w.org\/{rel}","templated":true}]}}