{"id":71908,"date":"2026-01-14T15:33:04","date_gmt":"2026-01-14T18:33:04","guid":{"rendered":"https:\/\/maxradio923.com.ar\/index.php\/2026\/01\/14\/la-pareja-que-atropello-y-mato-a-un-joven-en-mendoza-tras-acusarlo-de-ladron-iba-con-otra-pasajera-fue-detenida\/"},"modified":"2026-01-14T15:33:04","modified_gmt":"2026-01-14T18:33:04","slug":"la-pareja-que-atropello-y-mato-a-un-joven-en-mendoza-tras-acusarlo-de-ladron-iba-con-otra-pasajera-fue-detenida","status":"publish","type":"post","link":"https:\/\/maxradio923.com.ar\/index.php\/2026\/01\/14\/la-pareja-que-atropello-y-mato-a-un-joven-en-mendoza-tras-acusarlo-de-ladron-iba-con-otra-pasajera-fue-detenida\/","title":{"rendered":"La pareja que atropell\u00f3 y mat\u00f3 a un joven en Mendoza tras acusarlo de ladr\u00f3n iba con otra pasajera: fue detenida"},"content":{"rendered":"<p><\/p>\n<h2 class=\"article-subheadline text_align_left\">El incidente vial ocurri\u00f3 el 26 de diciembre. La v\u00edctima, Nicol\u00e1s Varas Fr\u00edas, muri\u00f3 tras agonizar 10 d\u00edas. Los primeros dos apresados ya tienen prisi\u00f3n preventiva<\/h2>\n<p><\/p>\n<p class=\"paragraph\">El avance en la investigaci\u00f3n por el crimen de <b>Nicol\u00e1s Alejandro Varas Fr\u00edas<\/b> (19) en la ciudad de <b>Guaymall\u00e9n<\/b> sum\u00f3 un nuevo cap\u00edtulo con la detenci\u00f3n de <b>Rebeca Ortubia<\/b>. La tercera apresada del caso est\u00e1 acusada como <b>coautora del delito de homicidio agravado por alevos\u00eda<\/b>. <\/p>\n<p><\/p>\n<p class=\"paragraph\">O sea, para la fiscal de Homicidios, <b>Claudia R\u00edos<\/b>, a cargo del caso; todos participaron activamente en el <b>arrollamiento y arrastre<\/b> de la v\u00edctima, asegurando su impunidad y eliminando o reduciendo la posibilidad de defensa de la v\u00edctima, actuando \u201ca traici\u00f3n y sobre seguro\u201d.<\/p>\n<p><\/p>\n<p class=\"paragraph\">Por eso, ya este martes la Justicia de Mendoza dispuso prisi\u00f3n preventiva para la pareja que <b>atropell\u00f3 y mat\u00f3 a Nicol\u00e1s<\/b>, quien falleci\u00f3 la semana pasada luego de agonizar 10 d\u00edas.<\/p>\n<p><\/p>\n<p class=\"paragraph\">El caso se remonta a fines de diciembre, cuando <b>Fr\u00edas<\/b> fue arrastrado durante tres cuadras por los sospechosos que lo acusaban de haberles robado sus pertenencias, algo que no pudo ser confirmado. <\/p>\n<p><\/p>\n<p class=\"paragraph\">Tras el hecho, el adolescente <b>fue internado en grave estado y le debieron amputar las dos piernas<\/b>. Su salud permaneci\u00f3 cr\u00edtica hasta que el pasado 7 de enero se inform\u00f3 su muerte.<\/p>\n<p><\/p>\n<p class=\"paragraph\">La causa qued\u00f3 en manos de la fiscal R\u00edos, quien en un primer momento evalu\u00f3 la hip\u00f3tesis de leg\u00edtima defensa en el marco de un hecho de inseguridad. Sin embargo, luego la descart\u00f3, ya que <b>el atropello habr\u00eda ocurrido tiempo despu\u00e9s del supuesto robo<\/b> que alegaron los sospechosos.<\/p>\n","protected":false},"excerpt":{"rendered":"<p>El incidente vial ocurri\u00f3 el 26 de diciembre. La v\u00edctima, Nicol\u00e1s Varas Fr\u00edas, muri\u00f3 tras agonizar 10 d\u00edas. Los primeros dos apresados ya tienen prisi\u00f3n preventiva El avance en la investigaci\u00f3n por el crimen de Nicol\u00e1s Alejandro Varas Fr\u00edas (19) en la ciudad de Guaymall\u00e9n sum\u00f3 un nuevo cap\u00edtulo con la detenci\u00f3n de Rebeca Ortubia. [&hellip;]<\/p>\n","protected":false},"author":2,"featured_media":69913,"comment_status":"","ping_status":"","sticky":false,"template":"","format":"standard","meta":{"footnotes":""},"categories":[12],"tags":[],"_links":{"self":[{"href":"https:\/\/maxradio923.com.ar\/index.php\/wp-json\/wp\/v2\/posts\/71908"}],"collection":[{"href":"https:\/\/maxradio923.com.ar\/index.php\/wp-json\/wp\/v2\/posts"}],"about":[{"href":"https:\/\/maxradio923.com.ar\/index.php\/wp-json\/wp\/v2\/types\/post"}],"author":[{"embeddable":true,"href":"https:\/\/maxradio923.com.ar\/index.php\/wp-json\/wp\/v2\/users\/2"}],"replies":[{"embeddable":true,"href":"https:\/\/maxradio923.com.ar\/index.php\/wp-json\/wp\/v2\/comments?post=71908"}],"version-history":[{"count":0,"href":"https:\/\/maxradio923.com.ar\/index.php\/wp-json\/wp\/v2\/posts\/71908\/revisions"}],"wp:featuredmedia":[{"embeddable":true,"href":"https:\/\/maxradio923.com.ar\/index.php\/wp-json\/wp\/v2\/media\/69913"}],"wp:attachment":[{"href":"https:\/\/maxradio923.com.ar\/index.php\/wp-json\/wp\/v2\/media?parent=71908"}],"wp:term":[{"taxonomy":"category","embeddable":true,"href":"https:\/\/maxradio923.com.ar\/index.php\/wp-json\/wp\/v2\/categories?post=71908"},{"taxonomy":"post_tag","embeddable":true,"href":"https:\/\/maxradio923.com.ar\/index.php\/wp-json\/wp\/v2\/tags?post=71908"}],"curies":[{"name":"wp","href":"https:\/\/api.w.org\/{rel}","templated":true}]}}