{"id":71906,"date":"2026-01-14T15:29:03","date_gmt":"2026-01-14T18:29:03","guid":{"rendered":"https:\/\/maxradio923.com.ar\/index.php\/2026\/01\/14\/river-plate-volvio-a-preguntar-por-gianluca-prestianni-el-gran-deseo-de-gallardo-la-respuesta-de-benfica\/"},"modified":"2026-01-14T15:29:03","modified_gmt":"2026-01-14T18:29:03","slug":"river-plate-volvio-a-preguntar-por-gianluca-prestianni-el-gran-deseo-de-gallardo-la-respuesta-de-benfica","status":"publish","type":"post","link":"https:\/\/maxradio923.com.ar\/index.php\/2026\/01\/14\/river-plate-volvio-a-preguntar-por-gianluca-prestianni-el-gran-deseo-de-gallardo-la-respuesta-de-benfica\/","title":{"rendered":"River Plate volvi\u00f3 a preguntar por Gianluca Prestianni, el gran deseo de Gallardo: la respuesta de Benfica"},"content":{"rendered":"<p><\/p>\n<div xmlns:default=\"http:\/\/www.w3.org\/2000\/svg\">\n<div class=\"visual__image image-initial-width\"><picture><source srcset=\"https:\/\/www.infobae.com\/resizer\/v2\/SESDCHD45ZAMNORBCVMHNYEMJE?auth=17bb2a13df069454533beb87a1c5e5f73cd24e61fa3cc6405df497874dcacb66&amp;smart=true&amp;width=992&amp;height=558&amp;quality=85\" media=\"(min-width: 1000px)\"\/><source srcset=\"https:\/\/www.infobae.com\/resizer\/v2\/SESDCHD45ZAMNORBCVMHNYEMJE?auth=17bb2a13df069454533beb87a1c5e5f73cd24e61fa3cc6405df497874dcacb66&amp;smart=true&amp;width=768&amp;height=432&amp;quality=85\" media=\"(min-width: 768px)\"\/><source srcset=\"https:\/\/www.infobae.com\/resizer\/v2\/SESDCHD45ZAMNORBCVMHNYEMJE?auth=17bb2a13df069454533beb87a1c5e5f73cd24e61fa3cc6405df497874dcacb66&amp;smart=true&amp;width=577&amp;height=325&amp;quality=85\" media=\"(min-width: 580px)\"\/><source srcset=\"https:\/\/www.infobae.com\/resizer\/v2\/SESDCHD45ZAMNORBCVMHNYEMJE?auth=17bb2a13df069454533beb87a1c5e5f73cd24e61fa3cc6405df497874dcacb66&amp;smart=true&amp;width=420&amp;height=236&amp;quality=85\" media=\"(min-width: 350px)\"\/><source srcset=\"https:\/\/www.infobae.com\/resizer\/v2\/SESDCHD45ZAMNORBCVMHNYEMJE?auth=17bb2a13df069454533beb87a1c5e5f73cd24e61fa3cc6405df497874dcacb66&amp;smart=true&amp;width=350&amp;height=197&amp;quality=85\" media=\"(min-width: 80px)\"\/><img alt=\"Benfica se mantiene firme y\" class=\"global-image\" decoding=\"async\" fetchpriority=\"high\" height=\"1130\" loading=\"eager\" src=\"https:\/\/www.infobae.com\/resizer\/v2\/SESDCHD45ZAMNORBCVMHNYEMJE?auth=17bb2a13df069454533beb87a1c5e5f73cd24e61fa3cc6405df497874dcacb66&amp;smart=true&amp;width=350&amp;height=197&amp;quality=85\" width=\"2009\"\/><\/picture><figcaption class=\"article-figcaption-img\">Benfica se mantiene firme y no quiere desprenderse de Gianluca Prestianni (REUTERS\/Rodrigo Antunes)<\/figcaption><\/div>\n<p class=\"paragraph\">Aunque se movi\u00f3 con rapidez para renovar el mediocampo con los arribos de Fausto Vera y An\u00edbal Moreno y sum\u00f3 a un lateral izquierdo como Mat\u00edas Vi\u00f1a, <b>River Plate contin\u00faa sin encontrar soluciones para reforzar una de las zonas del campo que m\u00e1s inquieta a Marcelo Gallardo<\/b>. El club de N\u00fa\u00f1ez recibi\u00f3 una <b>nueva negativa de Benfica por Gianluca Prestianni<\/b>, el joven extremo argentino que aparece como prioridad para el cuerpo t\u00e9cnico. El intento por sumar a un futbolista capaz de desestabilizar en el uno contra uno, uno de las principales anhelos del DT, tropieza una y otra vez con obst\u00e1culos en el actual mercado de pases.<\/p>\n<p class=\"paragraph\">La dirigencia del Millonario hab\u00eda realizado un nuevo sondeo durante la ma\u00f1ana del martes, buscando destrabar la llegada del ex V\u00e9lez Sarsfield que actualmente milita en el Benfica de Portugal. El club argentino propuso la compra del 50% de la ficha de Prestianni por el mismo monto que hab\u00eda puesto sobre la mesa en el primer intento, cuando se plante\u00f3 un pr\u00e9stamo con cargo y una opci\u00f3n de compra. La propuesta, sin embargo, fue desestimada casi de inmediato desde Lisboa, donde la postura se mantiene inalterable: <b>el club luso no tiene intenci\u00f3n de negociar al atacante<\/b>, quien cuenta con el aval del entrenador portugu\u00e9s Jos\u00e9 Mourinho para permanecer en el plantel.<\/p>\n<p class=\"paragraph\">La b\u00fasqueda de un futbolista con capacidad de desequilibrar en el uno contra uno se ha vuelto un tema central en la agenda de Gallardo. El plantel actual carece de una pieza con esas caracter\u00edsticas y experiencia suficiente para asumir el rol de titular. <\/p>\n<p class=\"paragraph\">El futbolista se mostr\u00f3 dispuesto a relanzar su carrera en N\u00fa\u00f1ez, pero la posici\u00f3n del club portugu\u00e9s result\u00f3 determinante. En paralelo, Benfica se encuentra enfocado en la posible llegada de Thiago Almada, quien busca mayor rodaje tras su paso por el Atl\u00e9tico de Madrid, lo que podr\u00eda haber abierto una puerta para la negociaci\u00f3n. A pesar de este contexto, la respuesta desde Portugal volvi\u00f3 a ser negativa, cerrando de momento cualquier posibilidad de acuerdo.<\/p>\n<div class=\"visual__image\"><picture><source srcset=\"https:\/\/www.infobae.com\/resizer\/v2\/QEVSDEFF5BGDVNSUCIQHT7UXJQ.jpg?auth=f3eebdda79420d253c2a5cbc1d1b70446527505724216a6419b40954462a8950&amp;smart=true&amp;width=992&amp;height=558&amp;quality=85\" media=\"(min-width: 1000px)\"\/><source srcset=\"https:\/\/www.infobae.com\/resizer\/v2\/QEVSDEFF5BGDVNSUCIQHT7UXJQ.jpg?auth=f3eebdda79420d253c2a5cbc1d1b70446527505724216a6419b40954462a8950&amp;smart=true&amp;width=768&amp;height=432&amp;quality=85\" media=\"(min-width: 768px)\"\/><source srcset=\"https:\/\/www.infobae.com\/resizer\/v2\/QEVSDEFF5BGDVNSUCIQHT7UXJQ.jpg?auth=f3eebdda79420d253c2a5cbc1d1b70446527505724216a6419b40954462a8950&amp;smart=true&amp;width=577&amp;height=324&amp;quality=85\" media=\"(min-width: 580px)\"\/><source srcset=\"https:\/\/www.infobae.com\/resizer\/v2\/QEVSDEFF5BGDVNSUCIQHT7UXJQ.jpg?auth=f3eebdda79420d253c2a5cbc1d1b70446527505724216a6419b40954462a8950&amp;smart=true&amp;width=420&amp;height=236&amp;quality=85\" media=\"(min-width: 350px)\"\/><source srcset=\"https:\/\/www.infobae.com\/resizer\/v2\/QEVSDEFF5BGDVNSUCIQHT7UXJQ.jpg?auth=f3eebdda79420d253c2a5cbc1d1b70446527505724216a6419b40954462a8950&amp;smart=true&amp;width=350&amp;height=197&amp;quality=85\" media=\"(min-width: 80px)\"\/><img alt=\"Santino Andino seguir\u00eda su carrera\" class=\"global-image\" decoding=\"async\" fetchpriority=\"low\" height=\"920\" loading=\"lazy\" src=\"https:\/\/www.infobae.com\/resizer\/v2\/QEVSDEFF5BGDVNSUCIQHT7UXJQ.jpg?auth=f3eebdda79420d253c2a5cbc1d1b70446527505724216a6419b40954462a8950&amp;smart=true&amp;width=350&amp;height=197&amp;quality=85\" width=\"1636\"\/><\/picture><figcaption class=\"article-figcaption-img\">Santino Andino seguir\u00eda su carrera en el Panathinaikos de Grecia (@ClubGodoyCruz)<\/figcaption><\/div>\n<p class=\"paragraph\">Las dificultades para incorporar a un extremo explosivo no se agotan en el caso de Prestianni. Otros nombres que circularon en la \u00f3rbita de River Plate tampoco llegaron a buen puerto. El pase de<b> Santino Andino<\/b>, delantero de 20 a\u00f1os surgido en Godoy Cruz, se esfum\u00f3 en medio de la negociaci\u00f3n. Pese a que el club de N\u00fa\u00f1ez hab\u00eda llegado a un acuerdo de palabra con Jos\u00e9 Mansur, presidente del club mendocino, la operaci\u00f3n qued\u00f3 sin efecto tras la decisi\u00f3n del deportista de emigrar a Europa. Finalmente, Andino tiene todo encaminado para ser transferido al Panathinaikos de Grecia por una suma cercana a los 10 millones de euros a cambio del 75% de su ficha, firmando un contrato por cuatro temporadas con el equipo heleno.<\/p>\n<p><soccer-worldcup2026-cta-predict\/><link rel=\"stylesheet\" crossorigin=\"true\" href=\"https:\/\/storage.googleapis.com\/arc-buckets\/web-components\/soccer\/ctas\/predict.css\"\/>\n<div class=\"visual__image\"><picture><source srcset=\"https:\/\/www.infobae.com\/resizer\/v2\/ZTUK4I7F55F2FEJYOCFXGZ6MOE.jpg?auth=3e2fcaca1277b5bbe033ad533fc3dc4c1e6721b8cabe08c9406c91f1880eda4f&amp;smart=true&amp;width=992&amp;height=661&amp;quality=85\" media=\"(min-width: 1000px)\"\/><source srcset=\"https:\/\/www.infobae.com\/resizer\/v2\/ZTUK4I7F55F2FEJYOCFXGZ6MOE.jpg?auth=3e2fcaca1277b5bbe033ad533fc3dc4c1e6721b8cabe08c9406c91f1880eda4f&amp;smart=true&amp;width=768&amp;height=512&amp;quality=85\" media=\"(min-width: 768px)\"\/><source srcset=\"https:\/\/www.infobae.com\/resizer\/v2\/ZTUK4I7F55F2FEJYOCFXGZ6MOE.jpg?auth=3e2fcaca1277b5bbe033ad533fc3dc4c1e6721b8cabe08c9406c91f1880eda4f&amp;smart=true&amp;width=577&amp;height=385&amp;quality=85\" media=\"(min-width: 580px)\"\/><source srcset=\"https:\/\/www.infobae.com\/resizer\/v2\/ZTUK4I7F55F2FEJYOCFXGZ6MOE.jpg?auth=3e2fcaca1277b5bbe033ad533fc3dc4c1e6721b8cabe08c9406c91f1880eda4f&amp;smart=true&amp;width=420&amp;height=280&amp;quality=85\" media=\"(min-width: 350px)\"\/><source srcset=\"https:\/\/www.infobae.com\/resizer\/v2\/ZTUK4I7F55F2FEJYOCFXGZ6MOE.jpg?auth=3e2fcaca1277b5bbe033ad533fc3dc4c1e6721b8cabe08c9406c91f1880eda4f&amp;smart=true&amp;width=350&amp;height=233&amp;quality=85\" media=\"(min-width: 80px)\"\/><img alt=\"Maher Carrizo preferir\u00eda continuar su\" class=\"global-image\" decoding=\"async\" fetchpriority=\"low\" height=\"1617\" loading=\"lazy\" src=\"https:\/\/www.infobae.com\/resizer\/v2\/ZTUK4I7F55F2FEJYOCFXGZ6MOE.jpg?auth=3e2fcaca1277b5bbe033ad533fc3dc4c1e6721b8cabe08c9406c91f1880eda4f&amp;smart=true&amp;width=350&amp;height=233&amp;quality=85\" width=\"2426\"\/><\/picture><figcaption class=\"article-figcaption-img\">Maher Carrizo preferir\u00eda continuar su carrera en el exterior en caso de marcharse de V\u00e9lez (Photo by Raul BRAVO \/ AFP)<\/figcaption><\/div>\n<p class=\"paragraph\">Otra gesti\u00f3n que se desmoron\u00f3 fue la de <b>Maher Carrizo<\/b>, volante ofensivo de V\u00e9lez Sarsfield. Las autoridades de River Plate y V\u00e9lez hab\u00edan alcanzado un acuerdo inicial para la compra del 50% de la ficha del futbolista por 6 millones de d\u00f3lares, incluyendo bonos por objetivos. Sin embargo, la operaci\u00f3n se fren\u00f3 ante la exigencia de un pago adicional de un mill\u00f3n de d\u00f3lares por cada mercado de pases en que la joven promesa no fuera transferida al exterior. Adem\u00e1s, la preferencia del propio Carrizo por dar el salto directo al f\u00fatbol europeo termin\u00f3 de bloquear cualquier posibilidad de avance.<\/p>\n<p class=\"paragraph\">El intento de sumar a <b>Sebasti\u00e1n Villa<\/b> tampoco prosper\u00f3. El delantero colombiano, figura de Independiente Rivadavia y campe\u00f3n de la Copa Argentina con el conjunto mendocino, qued\u00f3 fuera del radar de River Plate tras una negociaci\u00f3n fallida por diferencias econ\u00f3micas. El \u00faltimo campe\u00f3n de la Copa Argentina solicitaba una suma cercana a los 12 millones de d\u00f3lares por su pase.<\/p>\n<div class=\"visual__image\"><picture><source srcset=\"https:\/\/www.infobae.com\/resizer\/v2\/WWQDHK2IKZH5JOPMD7HE3PQTHY.jpg?auth=07770128c988386189036f7fff67714b1e7a9d0cb1ebddf856468da66c64a35e&amp;smart=true&amp;width=992&amp;height=558&amp;quality=85\" media=\"(min-width: 1000px)\"\/><source srcset=\"https:\/\/www.infobae.com\/resizer\/v2\/WWQDHK2IKZH5JOPMD7HE3PQTHY.jpg?auth=07770128c988386189036f7fff67714b1e7a9d0cb1ebddf856468da66c64a35e&amp;smart=true&amp;width=768&amp;height=432&amp;quality=85\" media=\"(min-width: 768px)\"\/><source srcset=\"https:\/\/www.infobae.com\/resizer\/v2\/WWQDHK2IKZH5JOPMD7HE3PQTHY.jpg?auth=07770128c988386189036f7fff67714b1e7a9d0cb1ebddf856468da66c64a35e&amp;smart=true&amp;width=577&amp;height=325&amp;quality=85\" media=\"(min-width: 580px)\"\/><source srcset=\"https:\/\/www.infobae.com\/resizer\/v2\/WWQDHK2IKZH5JOPMD7HE3PQTHY.jpg?auth=07770128c988386189036f7fff67714b1e7a9d0cb1ebddf856468da66c64a35e&amp;smart=true&amp;width=420&amp;height=236&amp;quality=85\" media=\"(min-width: 350px)\"\/><source srcset=\"https:\/\/www.infobae.com\/resizer\/v2\/WWQDHK2IKZH5JOPMD7HE3PQTHY.jpg?auth=07770128c988386189036f7fff67714b1e7a9d0cb1ebddf856468da66c64a35e&amp;smart=true&amp;width=350&amp;height=197&amp;quality=85\" media=\"(min-width: 80px)\"\/><img alt=\"El Diablito Echeverri recalar\u00e1 en\" class=\"global-image\" decoding=\"async\" fetchpriority=\"low\" height=\"1080\" loading=\"lazy\" src=\"https:\/\/www.infobae.com\/resizer\/v2\/WWQDHK2IKZH5JOPMD7HE3PQTHY.jpg?auth=07770128c988386189036f7fff67714b1e7a9d0cb1ebddf856468da66c64a35e&amp;smart=true&amp;width=350&amp;height=197&amp;quality=85\" width=\"1920\"\/><\/picture><figcaption class=\"article-figcaption-img\">El Diablito Echeverri recalar\u00e1 en el Girona de Espa\u00f1a (@bayer04fussball)<\/figcaption><\/div>\n<p class=\"paragraph\">Otro nombre que surgi\u00f3 al inicio de esta ventana de transferencias fue el <b>Diablito Echeverri<\/b>, quien no ten\u00eda la continuidad que anhelaba en Bayer Leverkusen. Ante este escenario, Manchester City decidi\u00f3 repescarlo para darlo nuevamente a pr\u00e9stamo. Si bien el jugador ve\u00eda con buenos ojos retornar a N\u00fa\u00f1ez, el conjunto Ciudadano prefiri\u00f3 que contin\u00fae en Europa y desembarc\u00f3 en Girona, entidad perteneciente al City Group. <\/p>\n<p class=\"paragraph\">En este contexto, la secretar\u00eda t\u00e9cnica de River Plate explora nuevas alternativas para reforzar un puesto considerado clave en el esquema de Gallardo. La falta de incorporaciones en un sector donde el equipo adolece de desequilibrio individual y capacidad de desborde preocupa al cuerpo t\u00e9cnico, que observa c\u00f3mo se diluyen las principales opciones del mercado local e internacional. <\/p>\n<\/div>\n<p><script defer=\"\">try{!function(f,b,e,v,n,t,s) {if(f.fbq)return;n=f.fbq=function(){n.callMethod? n.callMethod.apply(n,arguments):n.queue.push(arguments)}; if(!f._fbq)f._fbq=n;n.push=n;n.loaded=!0;n.version='2.0'; n.queue=[];t=b.createElement(e);t.async=!0; t.src=v;s=b.getElementsByTagName(e)[0]; s.parentNode.insertBefore(t,s)}(window, document,'script', ' fbq('init', '336383993555320'); fbq('track', 'PageView'); fbq('track', 'ViewContent');}catch(error){console.log(\"Error al inicializar facebookPixelRawCodeScript:\",error);}<\/script><\/p>\n","protected":false},"excerpt":{"rendered":"<p>Benfica se mantiene firme y no quiere desprenderse de Gianluca Prestianni (REUTERS\/Rodrigo Antunes) Aunque se movi\u00f3 con rapidez para renovar el mediocampo con los arribos de Fausto Vera y An\u00edbal Moreno y sum\u00f3 a un lateral izquierdo como Mat\u00edas Vi\u00f1a, River Plate contin\u00faa sin encontrar soluciones para reforzar una de las zonas del campo que [&hellip;]<\/p>\n","protected":false},"author":2,"featured_media":71907,"comment_status":"","ping_status":"","sticky":false,"template":"","format":"standard","meta":{"footnotes":""},"categories":[2],"tags":[],"_links":{"self":[{"href":"https:\/\/maxradio923.com.ar\/index.php\/wp-json\/wp\/v2\/posts\/71906"}],"collection":[{"href":"https:\/\/maxradio923.com.ar\/index.php\/wp-json\/wp\/v2\/posts"}],"about":[{"href":"https:\/\/maxradio923.com.ar\/index.php\/wp-json\/wp\/v2\/types\/post"}],"author":[{"embeddable":true,"href":"https:\/\/maxradio923.com.ar\/index.php\/wp-json\/wp\/v2\/users\/2"}],"replies":[{"embeddable":true,"href":"https:\/\/maxradio923.com.ar\/index.php\/wp-json\/wp\/v2\/comments?post=71906"}],"version-history":[{"count":0,"href":"https:\/\/maxradio923.com.ar\/index.php\/wp-json\/wp\/v2\/posts\/71906\/revisions"}],"wp:featuredmedia":[{"embeddable":true,"href":"https:\/\/maxradio923.com.ar\/index.php\/wp-json\/wp\/v2\/media\/71907"}],"wp:attachment":[{"href":"https:\/\/maxradio923.com.ar\/index.php\/wp-json\/wp\/v2\/media?parent=71906"}],"wp:term":[{"taxonomy":"category","embeddable":true,"href":"https:\/\/maxradio923.com.ar\/index.php\/wp-json\/wp\/v2\/categories?post=71906"},{"taxonomy":"post_tag","embeddable":true,"href":"https:\/\/maxradio923.com.ar\/index.php\/wp-json\/wp\/v2\/tags?post=71906"}],"curies":[{"name":"wp","href":"https:\/\/api.w.org\/{rel}","templated":true}]}}