{"id":71904,"date":"2026-01-14T15:19:05","date_gmt":"2026-01-14T18:19:05","guid":{"rendered":"https:\/\/maxradio923.com.ar\/index.php\/2026\/01\/14\/bolivia-declaro-la-emergencia-energetica-y-social-ante-la-crisis-economica-y-el-desabastecimiento-de-combustibles\/"},"modified":"2026-01-14T15:19:05","modified_gmt":"2026-01-14T18:19:05","slug":"bolivia-declaro-la-emergencia-energetica-y-social-ante-la-crisis-economica-y-el-desabastecimiento-de-combustibles","status":"publish","type":"post","link":"https:\/\/maxradio923.com.ar\/index.php\/2026\/01\/14\/bolivia-declaro-la-emergencia-energetica-y-social-ante-la-crisis-economica-y-el-desabastecimiento-de-combustibles\/","title":{"rendered":"Bolivia declar\u00f3 la \u201cemergencia energ\u00e9tica y social\u201d ante la crisis econ\u00f3mica y el desabastecimiento de combustibles"},"content":{"rendered":"<p><\/p>\n<div xmlns:default=\"http:\/\/www.w3.org\/2000\/svg\">\n<div class=\"visual__image image-initial-width\"><picture><source srcset=\"https:\/\/www.infobae.com\/resizer\/v2\/KJEXUUR4ZZFZRPKKI5QB22HATQ.png?auth=f888fde667a7de0d71c67bed67d39a58c5c2edd9877092eb27eb9c3699b493ab&amp;smart=true&amp;width=992&amp;height=558&amp;quality=85\" media=\"(min-width: 1000px)\"\/><source srcset=\"https:\/\/www.infobae.com\/resizer\/v2\/KJEXUUR4ZZFZRPKKI5QB22HATQ.png?auth=f888fde667a7de0d71c67bed67d39a58c5c2edd9877092eb27eb9c3699b493ab&amp;smart=true&amp;width=768&amp;height=432&amp;quality=85\" media=\"(min-width: 768px)\"\/><source srcset=\"https:\/\/www.infobae.com\/resizer\/v2\/KJEXUUR4ZZFZRPKKI5QB22HATQ.png?auth=f888fde667a7de0d71c67bed67d39a58c5c2edd9877092eb27eb9c3699b493ab&amp;smart=true&amp;width=577&amp;height=325&amp;quality=85\" media=\"(min-width: 580px)\"\/><source srcset=\"https:\/\/www.infobae.com\/resizer\/v2\/KJEXUUR4ZZFZRPKKI5QB22HATQ.png?auth=f888fde667a7de0d71c67bed67d39a58c5c2edd9877092eb27eb9c3699b493ab&amp;smart=true&amp;width=420&amp;height=236&amp;quality=85\" media=\"(min-width: 350px)\"\/><source srcset=\"https:\/\/www.infobae.com\/resizer\/v2\/KJEXUUR4ZZFZRPKKI5QB22HATQ.png?auth=f888fde667a7de0d71c67bed67d39a58c5c2edd9877092eb27eb9c3699b493ab&amp;smart=true&amp;width=350&amp;height=197&amp;quality=85\" media=\"(min-width: 80px)\"\/><img alt=\"Rodrigo Paz y su gabinete\" class=\"global-image\" decoding=\"async\" fetchpriority=\"high\" height=\"1080\" loading=\"eager\" src=\"https:\/\/www.infobae.com\/resizer\/v2\/KJEXUUR4ZZFZRPKKI5QB22HATQ.png?auth=f888fde667a7de0d71c67bed67d39a58c5c2edd9877092eb27eb9c3699b493ab&amp;smart=true&amp;width=350&amp;height=197&amp;quality=85\" width=\"1920\"\/><\/picture><figcaption class=\"article-figcaption-img\">Rodrigo Paz y su gabinete de ministros en el anuncio del Decreto Supremo 5503 en el Palacio de Gobierno.<\/figcaption><\/div>\n<p class=\"paragraph\">El Gobierno de <b>Bolivia<\/b> declar\u00f3 este mi\u00e9rcoles <b>\u201cemergencia energ\u00e9tica y social\u201d<\/b> en todo el territorio nacional, en respuesta a la <b>crisis econ\u00f3mica<\/b> que atraviesa el pa\u00eds, caracterizada por una <b>inflaci\u00f3n<\/b> <b>acumulada del<\/b> <b>20,40%<\/b> en lo que va de 2025, la <b>escasez de d\u00f3lares<\/b> y el <b>desabastecimiento de combustibles.<\/b><\/p>\n<p class=\"paragraph\">La medida fue adoptada mediante el <b>Decreto Supremo 5517<\/b>, que establece acciones excepcionales destinadas a garantizar el abastecimiento de combustibles y energ\u00eda, reactivar la producci\u00f3n y contribuir a la reconstrucci\u00f3n de la econom\u00eda nacional, seg\u00fan se\u00f1ala el texto oficial.<\/p>\n<p class=\"paragraph\">Entre las disposiciones centrales, el decreto <b>autoriza de manera excepcional a personas naturales y jur\u00eddicas privadas a importar, vender y comercializar productos derivados del petr\u00f3leo<\/b>, a precios de importaci\u00f3n o de ingreso a terminales de almacenamiento. Para ello, los operadores deber\u00e1n contar con capacidad de almacenaje propia o alquilada, bajo un r\u00e9gimen de acceso no discriminatorio.<\/p>\n<p class=\"paragraph\">En el marco de la <b>\u201cextrema situaci\u00f3n de d\u00e9ficit en el abastecimiento\u201d<\/b>, la norma tambi\u00e9n <b>suspende al di\u00e9sel de la lista de sustancias controladas<\/b>, con el objetivo de asegurar un suministro continuo para el transporte, la producci\u00f3n, la agroindustria y los sectores estrat\u00e9gicos del pa\u00eds. El Gobierno aclar\u00f3 que las medidas tienen <b>\u201ccar\u00e1cter excepcional, temporal e inmediato\u201d.<\/b><\/p>\n<p class=\"paragraph\">La declaratoria de emergencia se produce un d\u00eda despu\u00e9s de que el Ejecutivo y sindicatos de obreros y campesinos dieran por superado el conflicto social derivado del retiro de la subvenci\u00f3n a los combustibles. El acuerdo qued\u00f3 reflejado en el <b>Decreto Supremo 5516<\/b>, que ratific\u00f3 la eliminaci\u00f3n del subsidio y dej\u00f3 sin efecto otras disposiciones previamente cuestionadas.<\/p>\n<div class=\"visual__image\"><picture><source srcset=\"https:\/\/www.infobae.com\/resizer\/v2\/7UCYUBQQRFEZFHT2GEE4FBMECM.JPG?auth=4fc638a8f89c6d6726f78179482381b7e56a1d6383f9434b0fe35ac981cd7a99&amp;smart=true&amp;width=992&amp;height=660&amp;quality=85\" media=\"(min-width: 1000px)\"\/><source srcset=\"https:\/\/www.infobae.com\/resizer\/v2\/7UCYUBQQRFEZFHT2GEE4FBMECM.JPG?auth=4fc638a8f89c6d6726f78179482381b7e56a1d6383f9434b0fe35ac981cd7a99&amp;smart=true&amp;width=768&amp;height=511&amp;quality=85\" media=\"(min-width: 768px)\"\/><source srcset=\"https:\/\/www.infobae.com\/resizer\/v2\/7UCYUBQQRFEZFHT2GEE4FBMECM.JPG?auth=4fc638a8f89c6d6726f78179482381b7e56a1d6383f9434b0fe35ac981cd7a99&amp;smart=true&amp;width=577&amp;height=384&amp;quality=85\" media=\"(min-width: 580px)\"\/><source srcset=\"https:\/\/www.infobae.com\/resizer\/v2\/7UCYUBQQRFEZFHT2GEE4FBMECM.JPG?auth=4fc638a8f89c6d6726f78179482381b7e56a1d6383f9434b0fe35ac981cd7a99&amp;smart=true&amp;width=420&amp;height=280&amp;quality=85\" media=\"(min-width: 350px)\"\/><source srcset=\"https:\/\/www.infobae.com\/resizer\/v2\/7UCYUBQQRFEZFHT2GEE4FBMECM.JPG?auth=4fc638a8f89c6d6726f78179482381b7e56a1d6383f9434b0fe35ac981cd7a99&amp;smart=true&amp;width=350&amp;height=233&amp;quality=85\" media=\"(min-width: 80px)\"\/><img alt=\"Un hombre lanza un cartucho\" class=\"global-image\" decoding=\"async\" fetchpriority=\"low\" height=\"3144\" loading=\"lazy\" src=\"https:\/\/www.infobae.com\/resizer\/v2\/7UCYUBQQRFEZFHT2GEE4FBMECM.JPG?auth=4fc638a8f89c6d6726f78179482381b7e56a1d6383f9434b0fe35ac981cd7a99&amp;smart=true&amp;width=350&amp;height=233&amp;quality=85\" width=\"4724\"\/><\/picture><figcaption class=\"article-figcaption-img\">Un hombre lanza un cartucho de gas lacrim\u00f3geno mientras mineros afiliados a la Central Obrera Boliviana (COB) se enfrentan con la polic\u00eda antidisturbios, tras participar en la marcha \u201cBolivia no est\u00e1 en venta\u201d contra el Decreto 5503 y el aumento de los precios del di\u00e9sel y la gasolina, en La Paz, Bolivia, el 5 de enero de 2026. (REUTERS\/Claudia Morales)<\/figcaption><\/div>\n<p class=\"paragraph\">Ese decreto incorpor\u00f3 los consensos alcanzados con la <b>Central Obrera Boliviana (COB)<\/b> y permiti\u00f3 el cese de protestas y el levantamiento de bloqueos de carreteras que se hab\u00edan iniciado en rechazo al <b>Decreto 5503<\/b>, aprobado en diciembre.<\/p>\n<p class=\"paragraph\">La normativa cuestionada hab\u00eda fijado nuevos precios para los carburantes: <b>6,96 bolivianos (1 d\u00f3lar) por litro de gasolina especial, 11 bolivianos (1,58 d\u00f3lares) para la gasolina premium y 9,80 bolivianos (1,40 d\u00f3lares) para el di\u00e9sel<\/b>, lo que implic\u00f3 incrementos de hasta <b>86 % y 162 %<\/b> en relaci\u00f3n con los valores subvencionados que rigieron durante m\u00e1s de dos d\u00e9cadas. Estos precios se mantendr\u00e1n vigentes, seg\u00fan lo establecido en la nueva regulaci\u00f3n.<\/p>\n<p class=\"paragraph\">Los sindicatos tambi\u00e9n hab\u00edan expresado su rechazo al Decreto 5503 al considerar que habilitaba la eventual venta de recursos naturales y empresas estatales a capitales extranjeros, una interpretaci\u00f3n que fue negada por el Gobierno.<\/p>\n<p class=\"paragraph\">La efectividad de las medidas y su impacto en el abastecimiento de combustibles y en la situaci\u00f3n econ\u00f3mica general quedar\u00e1n sujetos a su implementaci\u00f3n en las pr\u00f3ximas semanas, en un contexto marcado por la escasez de divisas y la presi\u00f3n inflacionaria.<\/p>\n<p class=\"paragraph\"><i>(Con informaci\u00f3n de EFE)<\/i><\/p>\n<\/div>\n<p><script defer=\"\">try{!function(f,b,e,v,n,t,s) {if(f.fbq)return;n=f.fbq=function(){n.callMethod? n.callMethod.apply(n,arguments):n.queue.push(arguments)}; if(!f._fbq)f._fbq=n;n.push=n;n.loaded=!0;n.version='2.0'; n.queue=[];t=b.createElement(e);t.async=!0; t.src=v;s=b.getElementsByTagName(e)[0]; s.parentNode.insertBefore(t,s)}(window, document,'script', ' fbq('init', '336383993555320'); fbq('track', 'PageView'); fbq('track', 'ViewContent');}catch(error){console.log(\"Error al inicializar facebookPixelRawCodeScript:\",error);}<\/script><\/p>\n","protected":false},"excerpt":{"rendered":"<p>Rodrigo Paz y su gabinete de ministros en el anuncio del Decreto Supremo 5503 en el Palacio de Gobierno. El Gobierno de Bolivia declar\u00f3 este mi\u00e9rcoles \u201cemergencia energ\u00e9tica y social\u201d en todo el territorio nacional, en respuesta a la crisis econ\u00f3mica que atraviesa el pa\u00eds, caracterizada por una inflaci\u00f3n acumulada del 20,40% en lo que [&hellip;]<\/p>\n","protected":false},"author":2,"featured_media":71905,"comment_status":"","ping_status":"","sticky":false,"template":"","format":"standard","meta":{"footnotes":""},"categories":[3],"tags":[],"_links":{"self":[{"href":"https:\/\/maxradio923.com.ar\/index.php\/wp-json\/wp\/v2\/posts\/71904"}],"collection":[{"href":"https:\/\/maxradio923.com.ar\/index.php\/wp-json\/wp\/v2\/posts"}],"about":[{"href":"https:\/\/maxradio923.com.ar\/index.php\/wp-json\/wp\/v2\/types\/post"}],"author":[{"embeddable":true,"href":"https:\/\/maxradio923.com.ar\/index.php\/wp-json\/wp\/v2\/users\/2"}],"replies":[{"embeddable":true,"href":"https:\/\/maxradio923.com.ar\/index.php\/wp-json\/wp\/v2\/comments?post=71904"}],"version-history":[{"count":0,"href":"https:\/\/maxradio923.com.ar\/index.php\/wp-json\/wp\/v2\/posts\/71904\/revisions"}],"wp:featuredmedia":[{"embeddable":true,"href":"https:\/\/maxradio923.com.ar\/index.php\/wp-json\/wp\/v2\/media\/71905"}],"wp:attachment":[{"href":"https:\/\/maxradio923.com.ar\/index.php\/wp-json\/wp\/v2\/media?parent=71904"}],"wp:term":[{"taxonomy":"category","embeddable":true,"href":"https:\/\/maxradio923.com.ar\/index.php\/wp-json\/wp\/v2\/categories?post=71904"},{"taxonomy":"post_tag","embeddable":true,"href":"https:\/\/maxradio923.com.ar\/index.php\/wp-json\/wp\/v2\/tags?post=71904"}],"curies":[{"name":"wp","href":"https:\/\/api.w.org\/{rel}","templated":true}]}}