{"id":71900,"date":"2026-01-14T15:08:02","date_gmt":"2026-01-14T18:08:02","guid":{"rendered":"https:\/\/maxradio923.com.ar\/index.php\/2026\/01\/14\/pedro-cachin-inicio-su-camino-como-entrenador-hoy-me-toca-ayudar-desde-otro-lugar\/"},"modified":"2026-01-14T15:08:02","modified_gmt":"2026-01-14T18:08:02","slug":"pedro-cachin-inicio-su-camino-como-entrenador-hoy-me-toca-ayudar-desde-otro-lugar","status":"publish","type":"post","link":"https:\/\/maxradio923.com.ar\/index.php\/2026\/01\/14\/pedro-cachin-inicio-su-camino-como-entrenador-hoy-me-toca-ayudar-desde-otro-lugar\/","title":{"rendered":"Pedro Cachin inici\u00f3 su camino como entrenador: \u201cHoy me toca ayudar desde otro lugar\u201d"},"content":{"rendered":"<p><\/p>\n<div xmlns:default=\"http:\/\/www.w3.org\/2000\/svg\">\n<div class=\"jwplayer-ctn\"><figcaption class=\"jwplayer-figcaption\">El tenista, que se retir\u00f3 del circuito profesional en 2025, se encuentra entrenando al espa\u00f1ol Nikolas S\u00e1nchez Izquierdo.<br \/>\nCr\u00e9dito: Prensa AAT<\/figcaption><\/div>\n<p class=\"paragraph\"><b>Pedro Cachin<\/b>, en noviembre de la temporada pasada, a sus 30 a\u00f1os, le puso punto final a m\u00e1s de 15 a\u00f1os de carrera profesional. Entre sus logros m\u00e1s destacados figuran la consagraci\u00f3n en el <b>ATP de Gstaad<\/b> y su paso por el equipo argentino de <b>Copa Davis<\/b>. Durante estos d\u00edas, en el <b>AAT Challenger edici\u00f3n TCA<\/b>, se conoci\u00f3 una nueva faceta del cordob\u00e9s:<b> la de entrenador del espa\u00f1ol<\/b> <b>Nikolas S\u00e1nchez Izquierdo<\/b>, con quien comenz\u00f3 a trabajar de manera m\u00e1s estable.<\/p>\n<p class=\"paragraph\">Al cierre del partido de la primera ronda, en el que su pupilo <b>S\u00e1nchez Izquierdo,<\/b> actual 305 del ranking mundial, logr\u00f3 avanzar a los octavos de final, el cordob\u00e9s mantuvo un di\u00e1logo con la ex tenista argentina <b>Guillermina Naya <\/b>para el canal de <i>YouTube<\/i> de la <b>AAT<\/b>: \u201cEstoy con Niko S\u00e1nchez Izquierdo. Desde el a\u00f1o pasado ya lo ven\u00eda ayudando algunas semanas y ahora empezamos a hacerlo tambi\u00e9n en torneos. Estoy muy contento porque tiene un potencial muy grande y est\u00e1 en una edad en la que se deja ayudar\u201d, explic\u00f3 Cachin sobre este nuevo rol.<\/p>\n<p class=\"paragraph\">Y admiti\u00f3: \u201cYo tambi\u00e9n, en un momento de mi carrera, necesit\u00e9 alguien que ya hubiera pasado por esas situaciones, por eso me llam\u00f3\u201d.<\/p>\n<p class=\"paragraph\">Lejos de extra\u00f1ar la competencia, el ex n\u00famero 50 del mundo disfruta la transici\u00f3n. \u201c<b>Me gusta mucho transmitir y ayudar. <\/b>Sea Nico u otro chico que se acerque con una consulta, intento dar una mano porque yo ya pas\u00e9 por eso. Es importante que el jugador tenga gente que empatice con \u00e9l y que le permita concentrarse solo en competir y jugar\u201d, remarc\u00f3.<\/p>\n<div class=\"visual__image\"><picture><source srcset=\"https:\/\/www.infobae.com\/resizer\/v2\/XQRH6Y6IKBAO7K7W6TMR566JHI.jpg?auth=371800dd3ce9eccd3754511a0218afe26cad3db1a12db375585841b8f809a1d9&amp;smart=true&amp;width=992&amp;height=558&amp;quality=85\" media=\"(min-width: 1000px)\"\/><source srcset=\"https:\/\/www.infobae.com\/resizer\/v2\/XQRH6Y6IKBAO7K7W6TMR566JHI.jpg?auth=371800dd3ce9eccd3754511a0218afe26cad3db1a12db375585841b8f809a1d9&amp;smart=true&amp;width=768&amp;height=432&amp;quality=85\" media=\"(min-width: 768px)\"\/><source srcset=\"https:\/\/www.infobae.com\/resizer\/v2\/XQRH6Y6IKBAO7K7W6TMR566JHI.jpg?auth=371800dd3ce9eccd3754511a0218afe26cad3db1a12db375585841b8f809a1d9&amp;smart=true&amp;width=577&amp;height=325&amp;quality=85\" media=\"(min-width: 580px)\"\/><source srcset=\"https:\/\/www.infobae.com\/resizer\/v2\/XQRH6Y6IKBAO7K7W6TMR566JHI.jpg?auth=371800dd3ce9eccd3754511a0218afe26cad3db1a12db375585841b8f809a1d9&amp;smart=true&amp;width=420&amp;height=236&amp;quality=85\" media=\"(min-width: 350px)\"\/><source srcset=\"https:\/\/www.infobae.com\/resizer\/v2\/XQRH6Y6IKBAO7K7W6TMR566JHI.jpg?auth=371800dd3ce9eccd3754511a0218afe26cad3db1a12db375585841b8f809a1d9&amp;smart=true&amp;width=350&amp;height=197&amp;quality=85\" media=\"(min-width: 80px)\"\/><img alt=\"Pedro Cachin, atento desde el\" class=\"global-image\" decoding=\"async\" fetchpriority=\"low\" height=\"1080\" loading=\"lazy\" src=\"https:\/\/www.infobae.com\/resizer\/v2\/XQRH6Y6IKBAO7K7W6TMR566JHI.jpg?auth=371800dd3ce9eccd3754511a0218afe26cad3db1a12db375585841b8f809a1d9&amp;smart=true&amp;width=350&amp;height=197&amp;quality=85\" width=\"1920\"\/><\/picture><figcaption class=\"article-figcaption-img\">Pedro Cachin, atento desde el banco, acompa\u00f1a a su pupilo Nikolas S\u00e1nchez Izquierdo durante un partido del AAT Challenger TCA (Cr\u00e9dito: Prensa AAT)<\/figcaption><\/div>\n<p class=\"paragraph\">Con la mirada puesta en la actualidad del tenis nacional, Cachin tambi\u00e9n se refiri\u00f3 al presente del equipo argentino y al valor de las competencias por equipos. \u201c<b>Siempre lo m\u00e1s importante es que todos tiremos para adelante, independientemente de qui\u00e9n represente al pa\u00eds.<\/b> Para el tenis argentino es fundamental construir desde la humildad, el trabajo y tener torneos como estos. Va mucho m\u00e1s all\u00e1 de una serie de Copa Davis\u201d, sostuvo.<\/p>\n<p><soccer-worldcup2026-cta-predict\/><link rel=\"stylesheet\" crossorigin=\"true\" href=\"https:\/\/storage.googleapis.com\/arc-buckets\/web-components\/soccer\/ctas\/predict.css\"\/>\n<p class=\"paragraph\">Desde su experiencia personal, dej\u00f3 un mensaje claro para quienes hoy tienen la chance de vestir la camiseta argentina. \u201cLos que viajan tienen que disfrutarlo. No sab\u00e9s cu\u00e1ndo puede volver a pasar.<b> Van a sentir una presi\u00f3n extra, pero hay que asumirla bien, dejar todo en la cancha y despu\u00e9s quedarse tranquilo con eso\u201d<\/b>, aconsej\u00f3.<\/p>\n<p class=\"paragraph\">Esa presi\u00f3n, lejos de ser una carga negativa, puede transformarse en un impulso. \u201c<b>Con Argentina sent\u00eds que hay un pa\u00eds detr\u00e1s mirando todo.<\/b> Eso genera una presi\u00f3n distinta, pero tambi\u00e9n te da un plus. A m\u00ed me pas\u00f3 tanto en la Copa Davis como cuando gan\u00e9 un ATP: no tuve nunca otra sensaci\u00f3n igual\u201d, record\u00f3.<\/p>\n<div class=\"visual__image\"><picture><source srcset=\"https:\/\/www.infobae.com\/resizer\/v2\/PIHSDY6275F4BFGRUCSCED64KA.jpg?auth=e1dff51dc3be4298f6dff230f9ca859d9e18a95297e0c2f55f897dba1c766c3a&amp;smart=true&amp;width=992&amp;height=558&amp;quality=85\" media=\"(min-width: 1000px)\"\/><source srcset=\"https:\/\/www.infobae.com\/resizer\/v2\/PIHSDY6275F4BFGRUCSCED64KA.jpg?auth=e1dff51dc3be4298f6dff230f9ca859d9e18a95297e0c2f55f897dba1c766c3a&amp;smart=true&amp;width=768&amp;height=432&amp;quality=85\" media=\"(min-width: 768px)\"\/><source srcset=\"https:\/\/www.infobae.com\/resizer\/v2\/PIHSDY6275F4BFGRUCSCED64KA.jpg?auth=e1dff51dc3be4298f6dff230f9ca859d9e18a95297e0c2f55f897dba1c766c3a&amp;smart=true&amp;width=577&amp;height=325&amp;quality=85\" media=\"(min-width: 580px)\"\/><source srcset=\"https:\/\/www.infobae.com\/resizer\/v2\/PIHSDY6275F4BFGRUCSCED64KA.jpg?auth=e1dff51dc3be4298f6dff230f9ca859d9e18a95297e0c2f55f897dba1c766c3a&amp;smart=true&amp;width=420&amp;height=236&amp;quality=85\" media=\"(min-width: 350px)\"\/><source srcset=\"https:\/\/www.infobae.com\/resizer\/v2\/PIHSDY6275F4BFGRUCSCED64KA.jpg?auth=e1dff51dc3be4298f6dff230f9ca859d9e18a95297e0c2f55f897dba1c766c3a&amp;smart=true&amp;width=350&amp;height=197&amp;quality=85\" media=\"(min-width: 80px)\"\/><img alt=\"Nikolas S\u00e1nchez Izquierdo, en acci\u00f3n\" class=\"global-image\" decoding=\"async\" fetchpriority=\"low\" height=\"1080\" loading=\"lazy\" src=\"https:\/\/www.infobae.com\/resizer\/v2\/PIHSDY6275F4BFGRUCSCED64KA.jpg?auth=e1dff51dc3be4298f6dff230f9ca859d9e18a95297e0c2f55f897dba1c766c3a&amp;smart=true&amp;width=350&amp;height=197&amp;quality=85\" width=\"1920\"\/><\/picture><figcaption class=\"article-figcaption-img\">Nikolas S\u00e1nchez Izquierdo, en acci\u00f3n durante su victoria en el AAT Challenger edici\u00f3n TCA (Cr\u00e9dito: Prensa AAT)<\/figcaption><\/div>\n<p class=\"paragraph\">Al repasar los momentos m\u00e1s importantes de su carrera, <b>Cachin<\/b> no dud\u00f3. \u201c<b>La Copa Davis, sin dudas. Tambi\u00e9n cuando gan\u00e9 mi primer ATP y entr\u00e9 al top 50<\/b>, que era uno de mis sue\u00f1os. Y el partido con Rafa Nadal en Madrid: sent\u00ed que pod\u00eda competir de igual a igual y disfrutarlo al mismo tiempo, jugu\u00e9 m\u00e1s de tres horas ante 14.000 personas y la pas\u00e9 incre\u00edble\u201d, sintetiz\u00f3.<\/p>\n<p class=\"paragraph\">Finalmente, analiz\u00f3 el presente del circuito y el crecimiento del semillero argentino. <b>\u201cSiempre da que hablar el tenis argentino. Hay una base muy fuerte en el top 100 y muchos chicos j\u00f3venes empujando desde atr\u00e1s.<\/b> Adem\u00e1s, entre el puesto 100 y 400 hay jugadores que pueden dar el salto en cualquier momento. Yo lo viv\u00ed: empec\u00e9 un a\u00f1o 240 y termin\u00e9 50. Estos jugadores salen de torneos como estos, por eso son tan importantes\u201d, concluy\u00f3.<\/p>\n<\/div>\n<p><script defer=\"\">try{!function(f,b,e,v,n,t,s) {if(f.fbq)return;n=f.fbq=function(){n.callMethod? n.callMethod.apply(n,arguments):n.queue.push(arguments)}; if(!f._fbq)f._fbq=n;n.push=n;n.loaded=!0;n.version='2.0'; n.queue=[];t=b.createElement(e);t.async=!0; t.src=v;s=b.getElementsByTagName(e)[0]; s.parentNode.insertBefore(t,s)}(window, document,'script', ' fbq('init', '336383993555320'); fbq('track', 'PageView'); fbq('track', 'ViewContent');}catch(error){console.log(\"Error al inicializar facebookPixelRawCodeScript:\",error);}<\/script><\/p>\n","protected":false},"excerpt":{"rendered":"<p>El tenista, que se retir\u00f3 del circuito profesional en 2025, se encuentra entrenando al espa\u00f1ol Nikolas S\u00e1nchez Izquierdo. Cr\u00e9dito: Prensa AAT Pedro Cachin, en noviembre de la temporada pasada, a sus 30 a\u00f1os, le puso punto final a m\u00e1s de 15 a\u00f1os de carrera profesional. Entre sus logros m\u00e1s destacados figuran la consagraci\u00f3n en el [&hellip;]<\/p>\n","protected":false},"author":2,"featured_media":71901,"comment_status":"","ping_status":"","sticky":false,"template":"","format":"standard","meta":{"footnotes":""},"categories":[2],"tags":[],"_links":{"self":[{"href":"https:\/\/maxradio923.com.ar\/index.php\/wp-json\/wp\/v2\/posts\/71900"}],"collection":[{"href":"https:\/\/maxradio923.com.ar\/index.php\/wp-json\/wp\/v2\/posts"}],"about":[{"href":"https:\/\/maxradio923.com.ar\/index.php\/wp-json\/wp\/v2\/types\/post"}],"author":[{"embeddable":true,"href":"https:\/\/maxradio923.com.ar\/index.php\/wp-json\/wp\/v2\/users\/2"}],"replies":[{"embeddable":true,"href":"https:\/\/maxradio923.com.ar\/index.php\/wp-json\/wp\/v2\/comments?post=71900"}],"version-history":[{"count":0,"href":"https:\/\/maxradio923.com.ar\/index.php\/wp-json\/wp\/v2\/posts\/71900\/revisions"}],"wp:featuredmedia":[{"embeddable":true,"href":"https:\/\/maxradio923.com.ar\/index.php\/wp-json\/wp\/v2\/media\/71901"}],"wp:attachment":[{"href":"https:\/\/maxradio923.com.ar\/index.php\/wp-json\/wp\/v2\/media?parent=71900"}],"wp:term":[{"taxonomy":"category","embeddable":true,"href":"https:\/\/maxradio923.com.ar\/index.php\/wp-json\/wp\/v2\/categories?post=71900"},{"taxonomy":"post_tag","embeddable":true,"href":"https:\/\/maxradio923.com.ar\/index.php\/wp-json\/wp\/v2\/tags?post=71900"}],"curies":[{"name":"wp","href":"https:\/\/api.w.org\/{rel}","templated":true}]}}