{"id":71898,"date":"2026-01-14T15:01:04","date_gmt":"2026-01-14T18:01:04","guid":{"rendered":"https:\/\/maxradio923.com.ar\/index.php\/2026\/01\/14\/un-camion-con-un-volquete-lleno-de-material-volco-en-una-colectora-de-la-avenida-general-paz\/"},"modified":"2026-01-14T15:01:04","modified_gmt":"2026-01-14T18:01:04","slug":"un-camion-con-un-volquete-lleno-de-material-volco-en-una-colectora-de-la-avenida-general-paz","status":"publish","type":"post","link":"https:\/\/maxradio923.com.ar\/index.php\/2026\/01\/14\/un-camion-con-un-volquete-lleno-de-material-volco-en-una-colectora-de-la-avenida-general-paz\/","title":{"rendered":"Un cami\u00f3n con un volquete lleno de material volc\u00f3 en una colectora de la avenida General Paz"},"content":{"rendered":"<p><\/p>\n<h2 class=\"article-subheadline text_align_left\">Ocurri\u00f3 este mediod\u00eda. El veh\u00edculo pesado choc\u00f3 contra un guardarrail y qued\u00f3 atravesado en esa arteria principal en el l\u00edmite de la Ciudad de Buenos Aires. El SAME se hizo presente con una aeronave. Pese a la magnitud del incidente no se reportaron heridos<\/h2>\n<p><\/p>\n<p class=\"paragraph\">Un <b>cami\u00f3n<\/b> con volquete cargado de material volc\u00f3 este mediod\u00eda tras un choque en la <b>colectora de la avenida General Paz<\/b>, sentido Riachuelo, en el l\u00edmite de la <b>Ciudad de Buenos Aires<\/b>. El incidente ocurri\u00f3 en una de las principales arterias viales de la capital y gener\u00f3 una r\u00e1pida intervenci\u00f3n de los servicios de emergencia. El veh\u00edculo pesado colision\u00f3 contra un guardarrail, lo que provoc\u00f3 su vuelco y su obstrucci\u00f3n total sobre la calzada. La magnitud del siniestro requiri\u00f3 la llegada inmediata de m\u00faltiples equipos de rescate, incluyendo al <b>Sistema de Atenci\u00f3n M\u00e9dica de Emergencias (SAME)<\/b> que despleg\u00f3 tanto su unidad a\u00e9rea como terrestre.<\/p>\n<p><\/p>\n<p class=\"paragraph\">El choque y posterior vuelco provocaron que el cami\u00f3n, de grandes dimensiones y cargado de escombros, quedara atravesado en la colectora, dificultando la tarea de los rescatistas. Seg\u00fan inform\u00f3 <i>Todo Noticias<\/i>, la presencia del volquete repleto increment\u00f3 el riesgo de un mayor da\u00f1o estructural tanto al veh\u00edculo como a la infraestructura vial. Fuentes de <b>Ausol<\/b> detallaron que se utiliz\u00f3 una gr\u00faa de gran porte para remover el cami\u00f3n y liberar la traza.<\/p>\n<p><\/p>\n<p class=\"paragraph\">Las im\u00e1genes evidenciaron la magnitud del despliegue: varias ambulancias, dotaciones de bomberos y efectivos policiales monitorearon el operativo. El SAME moviliz\u00f3 un helic\u00f3ptero sanitario que sobrevol\u00f3 la zona para facilitar la atenci\u00f3n urgente del herido. <\/p>\n<p><\/p>\n<p class=\"paragraph\">\u201cRecomendamos a los conductores circular con extrema precauci\u00f3n y buscar rutas alternativas\u201d, advirti\u00f3 <b>Autopistas del Sol (Ausol)<\/b> en su comunicado oficial. El cierre temporal de la rama de ingreso desde <b>Cabildo<\/b> hacia el Riachuelo y la presencia de veh\u00edculos de rescate obligaron a modificar los recorridos habituales de numerosos automovilistas, generando demoras y una congesti\u00f3n significativa en la zona norte de la Ciudad.<\/p>\n<p><\/p>\n<p class=\"paragraph\">El siniestro no solo afect\u00f3 la movilidad vehicular sino que tambi\u00e9n requiri\u00f3 la intervenci\u00f3n de personal especializado en la manipulaci\u00f3n y remoci\u00f3n de cargas peligrosas, dada la naturaleza del material transportado en el volquete. Los equipos de emergencia procedieron a asegurar el \u00e1rea y a verificar la estabilidad del cami\u00f3n antes de iniciar su remoci\u00f3n. Seg\u00fan los datos proporcionados por <b>Ausol<\/b>, la operaci\u00f3n de despeje permiti\u00f3 liberar el tr\u00e1nsito apenas pasadas las 14.30, en un r\u00e1pido operativo.<\/p>\n<p><\/p>\n<p class=\"paragraph\">Mientras tanto, personal de bomberos y emergencias se aboc\u00f3 a contener posibles riesgos adicionales, como derrames de combustible o desplazamiento de los escombros esparcidos sobre la calzada. El SAME, por su parte, mantuvo personal en alerta y listos para actuar ante cualquier complicaci\u00f3n derivada del accidente. La persona herida fue asistida en primer t\u00e9rmino por los rescatistas y, posteriormente, trasladada en una ambulancia terrestre para su atenci\u00f3n.<\/p>\n","protected":false},"excerpt":{"rendered":"<p>Ocurri\u00f3 este mediod\u00eda. El veh\u00edculo pesado choc\u00f3 contra un guardarrail y qued\u00f3 atravesado en esa arteria principal en el l\u00edmite de la Ciudad de Buenos Aires. El SAME se hizo presente con una aeronave. Pese a la magnitud del incidente no se reportaron heridos Un cami\u00f3n con volquete cargado de material volc\u00f3 este mediod\u00eda tras [&hellip;]<\/p>\n","protected":false},"author":2,"featured_media":71899,"comment_status":"","ping_status":"","sticky":false,"template":"","format":"standard","meta":{"footnotes":""},"categories":[12],"tags":[],"_links":{"self":[{"href":"https:\/\/maxradio923.com.ar\/index.php\/wp-json\/wp\/v2\/posts\/71898"}],"collection":[{"href":"https:\/\/maxradio923.com.ar\/index.php\/wp-json\/wp\/v2\/posts"}],"about":[{"href":"https:\/\/maxradio923.com.ar\/index.php\/wp-json\/wp\/v2\/types\/post"}],"author":[{"embeddable":true,"href":"https:\/\/maxradio923.com.ar\/index.php\/wp-json\/wp\/v2\/users\/2"}],"replies":[{"embeddable":true,"href":"https:\/\/maxradio923.com.ar\/index.php\/wp-json\/wp\/v2\/comments?post=71898"}],"version-history":[{"count":0,"href":"https:\/\/maxradio923.com.ar\/index.php\/wp-json\/wp\/v2\/posts\/71898\/revisions"}],"wp:featuredmedia":[{"embeddable":true,"href":"https:\/\/maxradio923.com.ar\/index.php\/wp-json\/wp\/v2\/media\/71899"}],"wp:attachment":[{"href":"https:\/\/maxradio923.com.ar\/index.php\/wp-json\/wp\/v2\/media?parent=71898"}],"wp:term":[{"taxonomy":"category","embeddable":true,"href":"https:\/\/maxradio923.com.ar\/index.php\/wp-json\/wp\/v2\/categories?post=71898"},{"taxonomy":"post_tag","embeddable":true,"href":"https:\/\/maxradio923.com.ar\/index.php\/wp-json\/wp\/v2\/tags?post=71898"}],"curies":[{"name":"wp","href":"https:\/\/api.w.org\/{rel}","templated":true}]}}