{"id":71896,"date":"2026-01-14T14:48:02","date_gmt":"2026-01-14T17:48:02","guid":{"rendered":"https:\/\/maxradio923.com.ar\/index.php\/2026\/01\/14\/el-regimen-de-iran-amenazo-con-atacar-bases-de-eeuu-en-la-region-si-interviene-en-defensa-de-las-manifestaciones\/"},"modified":"2026-01-14T14:48:02","modified_gmt":"2026-01-14T17:48:02","slug":"el-regimen-de-iran-amenazo-con-atacar-bases-de-eeuu-en-la-region-si-interviene-en-defensa-de-las-manifestaciones","status":"publish","type":"post","link":"https:\/\/maxradio923.com.ar\/index.php\/2026\/01\/14\/el-regimen-de-iran-amenazo-con-atacar-bases-de-eeuu-en-la-region-si-interviene-en-defensa-de-las-manifestaciones\/","title":{"rendered":"El r\u00e9gimen de Ir\u00e1n amenaz\u00f3 con atacar bases de EEUU en la regi\u00f3n si interviene en defensa de las manifestaciones"},"content":{"rendered":"<p><\/p>\n<div xmlns:default=\"http:\/\/www.w3.org\/2000\/svg\">\n<div class=\"visual__image image-initial-width\"><picture><source srcset=\"https:\/\/www.infobae.com\/resizer\/v2\/BDB2MCS5NFBETLTCQH5CUYN4OQ.jpg?auth=95cd6049c07c63f8f77bb6e274b55aab2449ed54b8f144fc98d8dc2137ccc484&amp;smart=true&amp;width=992&amp;height=650&amp;quality=85\" media=\"(min-width: 1000px)\"\/><source srcset=\"https:\/\/www.infobae.com\/resizer\/v2\/BDB2MCS5NFBETLTCQH5CUYN4OQ.jpg?auth=95cd6049c07c63f8f77bb6e274b55aab2449ed54b8f144fc98d8dc2137ccc484&amp;smart=true&amp;width=768&amp;height=503&amp;quality=85\" media=\"(min-width: 768px)\"\/><source srcset=\"https:\/\/www.infobae.com\/resizer\/v2\/BDB2MCS5NFBETLTCQH5CUYN4OQ.jpg?auth=95cd6049c07c63f8f77bb6e274b55aab2449ed54b8f144fc98d8dc2137ccc484&amp;smart=true&amp;width=577&amp;height=378&amp;quality=85\" media=\"(min-width: 580px)\"\/><source srcset=\"https:\/\/www.infobae.com\/resizer\/v2\/BDB2MCS5NFBETLTCQH5CUYN4OQ.jpg?auth=95cd6049c07c63f8f77bb6e274b55aab2449ed54b8f144fc98d8dc2137ccc484&amp;smart=true&amp;width=420&amp;height=275&amp;quality=85\" media=\"(min-width: 350px)\"\/><source srcset=\"https:\/\/www.infobae.com\/resizer\/v2\/BDB2MCS5NFBETLTCQH5CUYN4OQ.jpg?auth=95cd6049c07c63f8f77bb6e274b55aab2449ed54b8f144fc98d8dc2137ccc484&amp;smart=true&amp;width=350&amp;height=229&amp;quality=85\" media=\"(min-width: 80px)\"\/><img alt=\"Ir\u00e1n amenaz\u00f3 con atacar las\" class=\"global-image\" decoding=\"async\" fetchpriority=\"high\" height=\"1638\" loading=\"eager\" src=\"https:\/\/www.infobae.com\/resizer\/v2\/BDB2MCS5NFBETLTCQH5CUYN4OQ.jpg?auth=95cd6049c07c63f8f77bb6e274b55aab2449ed54b8f144fc98d8dc2137ccc484&amp;smart=true&amp;width=350&amp;height=229&amp;quality=85\" width=\"2499\"\/><\/picture><figcaption class=\"article-figcaption-img\">Ir\u00e1n amenaz\u00f3 con atacar las bases de EEUU si interviene en defensa de las manifestaciones contra el r\u00e9gimen (AP\/ARCHIVO)<\/figcaption><\/div>\n<p class=\"paragraph\">El <b>ministro de Defensa iran\u00ed<\/b>, <b>Aziz Nafizardeh<\/b>, advirti\u00f3 este mi\u00e9rcoles que <b>Ir\u00e1n<\/b> responder\u00eda con ataques a <b>bases estadounidenses<\/b> en la regi\u00f3n si <b>Estados Unidos<\/b> lleva a cabo una ofensiva contra el pa\u00eds persa, seg\u00fan recogi\u00f3 la agencia local <i>Mehr<\/i>. Nafizardeh especific\u00f3 que \u201ctodas las bases de Estados Unidos y las bases militares de otros pa\u00edses de la regi\u00f3n que ayuden a EEUU en ataques contra suelo iran\u00ed ser\u00e1n considerados objetivos leg\u00edtimos\u201d, y afirm\u00f3 que \u201cla respuesta iran\u00ed ser\u00e1 dolorosa para los enemigos\u201d en caso de una agresi\u00f3n.<\/p>\n<p class=\"paragraph\">Las declaraciones del responsable de Defensa llegan tras varias advertencias del <b>presidente estadounidense<\/b>, <b>Donald Trump<\/b>, quien ha manifestado en repetidas ocasiones su disposici\u00f3n a lanzar un ataque contra Ir\u00e1n en defensa de los miles de manifestantes que, desde hace dos semanas, protestan en diferentes ciudades de la rep\u00fablica isl\u00e1mica que han dejado centenares de muertos.<\/p>\n<div class=\"visual__image\"><picture><source srcset=\"https:\/\/www.infobae.com\/resizer\/v2\/DS3BH4ORSBAQ3BEICN2AKA754M.JPG?auth=e9b8c64f315129a264780e4bae5bfc807e6e9fa85bd6a1029340faa3a70d4063&amp;smart=true&amp;width=992&amp;height=661&amp;quality=85\" media=\"(min-width: 1000px)\"\/><source srcset=\"https:\/\/www.infobae.com\/resizer\/v2\/DS3BH4ORSBAQ3BEICN2AKA754M.JPG?auth=e9b8c64f315129a264780e4bae5bfc807e6e9fa85bd6a1029340faa3a70d4063&amp;smart=true&amp;width=768&amp;height=512&amp;quality=85\" media=\"(min-width: 768px)\"\/><source srcset=\"https:\/\/www.infobae.com\/resizer\/v2\/DS3BH4ORSBAQ3BEICN2AKA754M.JPG?auth=e9b8c64f315129a264780e4bae5bfc807e6e9fa85bd6a1029340faa3a70d4063&amp;smart=true&amp;width=577&amp;height=385&amp;quality=85\" media=\"(min-width: 580px)\"\/><source srcset=\"https:\/\/www.infobae.com\/resizer\/v2\/DS3BH4ORSBAQ3BEICN2AKA754M.JPG?auth=e9b8c64f315129a264780e4bae5bfc807e6e9fa85bd6a1029340faa3a70d4063&amp;smart=true&amp;width=420&amp;height=280&amp;quality=85\" media=\"(min-width: 350px)\"\/><source srcset=\"https:\/\/www.infobae.com\/resizer\/v2\/DS3BH4ORSBAQ3BEICN2AKA754M.JPG?auth=e9b8c64f315129a264780e4bae5bfc807e6e9fa85bd6a1029340faa3a70d4063&amp;smart=true&amp;width=350&amp;height=233&amp;quality=85\" media=\"(min-width: 80px)\"\/><img alt=\"Donald Trump prometi\u00f3 \u201cacciones muy\" class=\"global-image\" decoding=\"async\" fetchpriority=\"low\" height=\"3333\" loading=\"lazy\" src=\"https:\/\/www.infobae.com\/resizer\/v2\/DS3BH4ORSBAQ3BEICN2AKA754M.JPG?auth=e9b8c64f315129a264780e4bae5bfc807e6e9fa85bd6a1029340faa3a70d4063&amp;smart=true&amp;width=350&amp;height=233&amp;quality=85\" width=\"5000\"\/><\/picture><figcaption class=\"article-figcaption-img\">Donald Trump prometi\u00f3 \u201cacciones muy contundentes\u201d si el r\u00e9gimen de Ir\u00e1n comienza a ejecutar a los manifestantes detenidos<br \/>\n (REUTERS\/ARCHIVO)<\/figcaption><\/div>\n<p class=\"paragraph\">En este contexto, tres diplom\u00e1ticos afirmaron a la agencia <i>Reuters<\/i> que se recomend\u00f3 a algunos miembros del personal que abandonaran la <b>base a\u00e9rea militar estadounidense Al Udeid en Qatar<\/b> el mi\u00e9rcoles por la noche. La medida se tom\u00f3 en medio de advertencias de Washington sobre una posible intervenci\u00f3n para proteger a los manifestantes en Ir\u00e1n. La <b>embajada de Estados Unidos en Doha<\/b> no realiz\u00f3 comentarios inmediatos, y el <b>Ministerio de Asuntos Exteriores de Catar<\/b> tampoco respondi\u00f3 a las solicitudes de <i>Reuters<\/i> para confirmar la informaci\u00f3n.<\/p>\n<p class=\"paragraph\">El jefe del poder judicial de <b>Ir\u00e1n<\/b>, <b>Gholamhosein Mohseni Ejei<\/b>, asegur\u00f3 que los manifestantes arrestados durante la ola de protestas iniciada el 28 de diciembre tendr\u00e1n <b>juicios r\u00e1pidos<\/b>, seg\u00fan la televisi\u00f3n estatal. <\/p>\n<div class=\"visual__image\"><picture><source srcset=\"https:\/\/www.infobae.com\/resizer\/v2\/7FKQ2IKM3JHUFGSCA3HPNN2U2M.jpg?auth=4eb96f5dd322ff560bd4968baf7054b1fc931bb6e019bae032102ae8ceb50d2b&amp;smart=true&amp;width=992&amp;height=661&amp;quality=85\" media=\"(min-width: 1000px)\"\/><source srcset=\"https:\/\/www.infobae.com\/resizer\/v2\/7FKQ2IKM3JHUFGSCA3HPNN2U2M.jpg?auth=4eb96f5dd322ff560bd4968baf7054b1fc931bb6e019bae032102ae8ceb50d2b&amp;smart=true&amp;width=768&amp;height=512&amp;quality=85\" media=\"(min-width: 768px)\"\/><source srcset=\"https:\/\/www.infobae.com\/resizer\/v2\/7FKQ2IKM3JHUFGSCA3HPNN2U2M.jpg?auth=4eb96f5dd322ff560bd4968baf7054b1fc931bb6e019bae032102ae8ceb50d2b&amp;smart=true&amp;width=577&amp;height=385&amp;quality=85\" media=\"(min-width: 580px)\"\/><source srcset=\"https:\/\/www.infobae.com\/resizer\/v2\/7FKQ2IKM3JHUFGSCA3HPNN2U2M.jpg?auth=4eb96f5dd322ff560bd4968baf7054b1fc931bb6e019bae032102ae8ceb50d2b&amp;smart=true&amp;width=420&amp;height=280&amp;quality=85\" media=\"(min-width: 350px)\"\/><source srcset=\"https:\/\/www.infobae.com\/resizer\/v2\/7FKQ2IKM3JHUFGSCA3HPNN2U2M.jpg?auth=4eb96f5dd322ff560bd4968baf7054b1fc931bb6e019bae032102ae8ceb50d2b&amp;smart=true&amp;width=350&amp;height=233&amp;quality=85\" media=\"(min-width: 80px)\"\/><img alt=\"Pese a las detenciones y\" class=\"global-image\" decoding=\"async\" fetchpriority=\"low\" height=\"1666\" loading=\"lazy\" src=\"https:\/\/www.infobae.com\/resizer\/v2\/7FKQ2IKM3JHUFGSCA3HPNN2U2M.jpg?auth=4eb96f5dd322ff560bd4968baf7054b1fc931bb6e019bae032102ae8ceb50d2b&amp;smart=true&amp;width=350&amp;height=233&amp;quality=85\" width=\"2500\"\/><\/picture><figcaption class=\"article-figcaption-img\">Pese a las detenciones y asesinatos, las protestas contra el r\u00e9gimen de Ir\u00e1n no han cesado (AFP\/CAPTURAS)<\/figcaption><\/div>\n<p class=\"paragraph\">La promesa llega en <b>un contexto de represi\u00f3n<\/b> que, de acuerdo con organizaciones de derechos humanos, ha dejado desde cientos hasta varios miles de muertos en el pa\u00eds. El anuncio coincide con la creciente preocupaci\u00f3n internacional ante la posible ejecuci\u00f3n de <b>Erfan Soltani<\/b>, un manifestante condenado a muerte por el cargo de \u201cmoharebeh\u201d \u2014\u201cguerra contra Dios\u201d en la ley iran\u00ed\u2014.<\/p>\n<p class=\"paragraph\">Durante una visita a una prisi\u00f3n, <b>Mohseni Ejei<\/b> declar\u00f3: \u201c<b>Si alguien ha prendido fuego a una persona, la ha decapitado antes de quemar su cuerpo, debemos hacer nuestro trabajo r\u00e1pidament<\/b>e\u201d, seg\u00fan informaci\u00f3n divulgada por la televisi\u00f3n estatal iran\u00ed. Tambi\u00e9n indic\u00f3 que <b>los tribunales est\u00e1n acelerando los procesos judiciales<\/b> para quienes permanecen detenidos a ra\u00edz de las recientes protestas.<\/p>\n<div class=\"visual__image\"><picture><source srcset=\"https:\/\/www.infobae.com\/resizer\/v2\/FQUJXS35VVGD3EARHTH5SAXUCA.PNG?auth=49a0464eb7034eb4ca83aab9dbc245a43321a2e2c1bc183752bb192d855164b4&amp;smart=true&amp;width=992&amp;height=557&amp;quality=85\" media=\"(min-width: 1000px)\"\/><source srcset=\"https:\/\/www.infobae.com\/resizer\/v2\/FQUJXS35VVGD3EARHTH5SAXUCA.PNG?auth=49a0464eb7034eb4ca83aab9dbc245a43321a2e2c1bc183752bb192d855164b4&amp;smart=true&amp;width=768&amp;height=431&amp;quality=85\" media=\"(min-width: 768px)\"\/><source srcset=\"https:\/\/www.infobae.com\/resizer\/v2\/FQUJXS35VVGD3EARHTH5SAXUCA.PNG?auth=49a0464eb7034eb4ca83aab9dbc245a43321a2e2c1bc183752bb192d855164b4&amp;smart=true&amp;width=577&amp;height=324&amp;quality=85\" media=\"(min-width: 580px)\"\/><source srcset=\"https:\/\/www.infobae.com\/resizer\/v2\/FQUJXS35VVGD3EARHTH5SAXUCA.PNG?auth=49a0464eb7034eb4ca83aab9dbc245a43321a2e2c1bc183752bb192d855164b4&amp;smart=true&amp;width=420&amp;height=236&amp;quality=85\" media=\"(min-width: 350px)\"\/><source srcset=\"https:\/\/www.infobae.com\/resizer\/v2\/FQUJXS35VVGD3EARHTH5SAXUCA.PNG?auth=49a0464eb7034eb4ca83aab9dbc245a43321a2e2c1bc183752bb192d855164b4&amp;smart=true&amp;width=350&amp;height=197&amp;quality=85\" media=\"(min-width: 80px)\"\/><img alt=\"Las protestas en varias ciudades\" class=\"global-image\" decoding=\"async\" fetchpriority=\"low\" height=\"712\" loading=\"lazy\" src=\"https:\/\/www.infobae.com\/resizer\/v2\/FQUJXS35VVGD3EARHTH5SAXUCA.PNG?auth=49a0464eb7034eb4ca83aab9dbc245a43321a2e2c1bc183752bb192d855164b4&amp;smart=true&amp;width=350&amp;height=197&amp;quality=85\" width=\"1268\"\/><\/picture><figcaption class=\"article-figcaption-img\">Las protestas en varias ciudades de la rep\u00fablica isl\u00e1mica han dejado centenares de civiles muertos en las \u00faltimas dos semanas, de acuerdo a fuentes locales (Cr\u00e9dito: Vahid Online)<\/figcaption><\/div>\n<p class=\"paragraph\">Las cifras de v\u00edctimas mortales y detenidos han mostrado fuertes discrepancias entre las fuentes oficiales iran\u00edes y organizaciones independientes. El grupo <b>HRANA<\/b>, con sede en Estados Unidos, informa que ha verificado 2.403 muertes de manifestantes, adem\u00e1s de 147 personas vinculadas al gobierno, doce menores de edad y nueve civiles no relacionados con las protestas. En total, HRANA documenta <b>2.571 muertos<\/b> desde el inicio de la represi\u00f3n. Por su parte, <b>Iran Human Rights (IHR)<\/b>, con sede en Noruega, cifra en al menos 734 los fallecidos, pero advierte que el n\u00famero real podr\u00eda alcanzar varios miles.<\/p>\n<\/div>\n<p><script defer=\"\">try{!function(f,b,e,v,n,t,s) {if(f.fbq)return;n=f.fbq=function(){n.callMethod? n.callMethod.apply(n,arguments):n.queue.push(arguments)}; if(!f._fbq)f._fbq=n;n.push=n;n.loaded=!0;n.version='2.0'; n.queue=[];t=b.createElement(e);t.async=!0; t.src=v;s=b.getElementsByTagName(e)[0]; s.parentNode.insertBefore(t,s)}(window, document,'script', ' fbq('init', '336383993555320'); fbq('track', 'PageView'); fbq('track', 'ViewContent');}catch(error){console.log(\"Error al inicializar facebookPixelRawCodeScript:\",error);}<\/script><\/p>\n","protected":false},"excerpt":{"rendered":"<p>Ir\u00e1n amenaz\u00f3 con atacar las bases de EEUU si interviene en defensa de las manifestaciones contra el r\u00e9gimen (AP\/ARCHIVO) El ministro de Defensa iran\u00ed, Aziz Nafizardeh, advirti\u00f3 este mi\u00e9rcoles que Ir\u00e1n responder\u00eda con ataques a bases estadounidenses en la regi\u00f3n si Estados Unidos lleva a cabo una ofensiva contra el pa\u00eds persa, seg\u00fan recogi\u00f3 la [&hellip;]<\/p>\n","protected":false},"author":2,"featured_media":71897,"comment_status":"","ping_status":"","sticky":false,"template":"","format":"standard","meta":{"footnotes":""},"categories":[3],"tags":[],"_links":{"self":[{"href":"https:\/\/maxradio923.com.ar\/index.php\/wp-json\/wp\/v2\/posts\/71896"}],"collection":[{"href":"https:\/\/maxradio923.com.ar\/index.php\/wp-json\/wp\/v2\/posts"}],"about":[{"href":"https:\/\/maxradio923.com.ar\/index.php\/wp-json\/wp\/v2\/types\/post"}],"author":[{"embeddable":true,"href":"https:\/\/maxradio923.com.ar\/index.php\/wp-json\/wp\/v2\/users\/2"}],"replies":[{"embeddable":true,"href":"https:\/\/maxradio923.com.ar\/index.php\/wp-json\/wp\/v2\/comments?post=71896"}],"version-history":[{"count":0,"href":"https:\/\/maxradio923.com.ar\/index.php\/wp-json\/wp\/v2\/posts\/71896\/revisions"}],"wp:featuredmedia":[{"embeddable":true,"href":"https:\/\/maxradio923.com.ar\/index.php\/wp-json\/wp\/v2\/media\/71897"}],"wp:attachment":[{"href":"https:\/\/maxradio923.com.ar\/index.php\/wp-json\/wp\/v2\/media?parent=71896"}],"wp:term":[{"taxonomy":"category","embeddable":true,"href":"https:\/\/maxradio923.com.ar\/index.php\/wp-json\/wp\/v2\/categories?post=71896"},{"taxonomy":"post_tag","embeddable":true,"href":"https:\/\/maxradio923.com.ar\/index.php\/wp-json\/wp\/v2\/tags?post=71896"}],"curies":[{"name":"wp","href":"https:\/\/api.w.org\/{rel}","templated":true}]}}