{"id":71894,"date":"2026-01-14T14:45:07","date_gmt":"2026-01-14T17:45:07","guid":{"rendered":"https:\/\/maxradio923.com.ar\/index.php\/2026\/01\/14\/peter-gabriel-anuncia-un-nuevo-album-con-un-particular-calendario-de-estrenos\/"},"modified":"2026-01-14T14:45:07","modified_gmt":"2026-01-14T17:45:07","slug":"peter-gabriel-anuncia-un-nuevo-album-con-un-particular-calendario-de-estrenos","status":"publish","type":"post","link":"https:\/\/maxradio923.com.ar\/index.php\/2026\/01\/14\/peter-gabriel-anuncia-un-nuevo-album-con-un-particular-calendario-de-estrenos\/","title":{"rendered":"Peter Gabriel anuncia un nuevo \u00e1lbum con un particular calendario de estrenos"},"content":{"rendered":"<p><\/p>\n<h2 class=\"article-subheadline text_align_left\">La canci\u00f3n \u201cBeen Undone\u201d, primer single del disco \u2018o\/i\u2019, fue publicada a principios de enero en la primera luna llena del a\u00f1o y as\u00ed suceder\u00e1 con cada adelanto, de acuerdo a las fases lunares de 2026<\/h2>\n<p><\/p>\n<p class=\"paragraph\"><b>Peter Gabriel<\/b> eligi\u00f3 marcar el inicio de <b>2026<\/b> con una estrategia inusual en la industria musical: anunci\u00f3 el lanzamiento de una nueva canci\u00f3n de su pr\u00f3ximo \u00e1lbum, <b>o\/i<\/b>, en cada luna llena del a\u00f1o. Este ciclo se inaugur\u00f3 el s\u00e1bado 3 de enero con \u201cBeen Undone\u201d, estableciendo hitos mensuales para un artista que hist\u00f3ricamente evit\u00f3 comprometerse con calendarios r\u00edgidos. A trav\u00e9s de un mensaje publicado en sus redes sociales, Gabriel expuso el prop\u00f3sito detr\u00e1s de <i><b>o\/i<\/b><\/i>: \u201cMe alegra decir que esta noche, con la luna llena, vamos a comenzar otro a\u00f1o de lanzamientos en cada luna llena bajo el nombre de <i><b>o\/i<\/b><\/i>. Las canciones son una mezcla de pensamientos y sentimientos\u201d.<\/p>\n<p><\/p>\n<p class=\"paragraph\">Parte de este material, seg\u00fan Gabriel, formar\u00e1 parte del \u201cproyecto cerebral\u201d que viene explorando desde hace a\u00f1os: \u201cAlgunas de estas canciones formar\u00e1n parte del <b>proyecto cerebral<\/b> que he estado investigando durante varios a\u00f1os, y otras simplemente me hacen sentir feliz\u201d, asegur\u00f3. Cada tema del nuevo \u00e1lbum saldr\u00e1 acompa\u00f1ado de una propuesta visual y dos mezclas alternas \u2014\u201clado oscuro\u201d y \u201clado brillante\u201d\u2014 seg\u00fan un comunicado de prensa. As\u00ed, \u201cBeen Undone\u201d vio la luz como una versi\u00f3n Dark-Side Mix realizada por el productor estadounidense <b>Tchad Blake<\/b> y apareci\u00f3 junto a la obra <b>Ciclotrama 156 (Palindrome)<\/b> de la artista brasile\u00f1a <b>Janaina Mello Landini<\/b>.<\/p>\n<p><\/p>\n<p class=\"paragraph\">Sobre la elecci\u00f3n del primer arte, Gabriel explic\u00f3: \u201cLa primera obra es una pieza especial de <b>Janaina Mello Landini<\/b>. La manera en que toma la cuerda y la desenrolla recuerda a los fractales o troncos de \u00e1rbol, y se parece al cerebro en cierto modo, as\u00ed que veo muchos puntos de entrada\u201d. Tambi\u00e9n expres\u00f3 su entusiasmo por esta colaboraci\u00f3n: \u201cMe alegra que Janaina est\u00e9 dispuesta a participar y a ser parte del proceso. Usamos una de sus im\u00e1genes ya existentes este mes para inaugurar todo el ciclo, pero me emociona que ahora vaya a crear una pieza especialmente para la canci\u00f3n. Eso siempre introduce un poco m\u00e1s de emoci\u00f3n de mi parte, por ver qu\u00e9 se le ocurre. Les invito a que revisen su obra\u201d.<\/p>\n<p><\/p>\n<p class=\"paragraph\">Nacida en Minas Gerais y radicada en S\u00e3o Paulo,<b> Janaina Mello Landini<\/b> (S\u00e3o Gotardo, MG, 1974) re\u00fane su conocimiento de arquitectura, f\u00edsica y matem\u00e1ticas, junto con su percepci\u00f3n del tiempo, para crear obras que se desplazan a trav\u00e9s de m\u00faltiples escalas. Su investigaci\u00f3n ha dado como resultado las series <i><b>Ciclotramas<\/b><\/i>, realizadas con cuerdas que se deshacen en hilos m\u00ednimos, y <i><b>Labirintos Rizom\u00e1ticos<\/b><\/i>, obras de sat\u00e9n que construyen perspectivas multifocales, deshaciendo construcciones espaciales tradicionales.<\/p>\n<p><\/p>\n<p class=\"paragraph\">En los \u00faltimos a\u00f1os, ha expuesto su trabajo en Brasil, Francia, los Pa\u00edses Bajos, Estados Unidos y los Emiratos \u00c1rabes Unidos. Sus principales exposiciones institucionales han tenido lugar en el Palais de Tokyo en Par\u00eds (2016); en el Ch\u00e2teau de Chaumont-sur-Loire, Francia (2019); en la 13\u00aa Bienal del Mercosur (2022); as\u00ed como sus exposiciones individuales en Zipper Galeria de San Pablo en 2015, 2016, 2019, 2022 y 2024.<\/p>\n<p><\/p>\n<p class=\"paragraph\">Esta t\u00e9cnica de estrenar canciones mensualmente ya hab\u00eda sido utilizada por <b>Peter Gabrie<\/b>l en 2023 para presentar <i><b>i\/o<\/b><\/i>, generando una ventana de foco exclusiva para cada obra y brindando fechas concretas en el calendario de un creador notoriamente ajeno a los plazos. A pesar de la calidad de<b> <\/b><i><b>i\/o<\/b><\/i>, su impacto en la cultura pop result\u00f3 acotado al c\u00edrculo de seguidores leales del artista. Buena parte del p\u00fablico menor de 40 a\u00f1os solo asocia el nombre Gabriel a \u201cIn Your Eyes\u201d o \u201cSledgehammer\u201d, si acaso lo reconocen, fen\u00f3meno explicado tanto por la escasa periodicidad de \u00e1lbumes desde 1986 \u2014tres en casi 40 a\u00f1os\u2014 como por su visible falta de inter\u00e9s en alimentar o administrar su legado art\u00edstico.<\/p>\n","protected":false},"excerpt":{"rendered":"<p>La canci\u00f3n \u201cBeen Undone\u201d, primer single del disco \u2018o\/i\u2019, fue publicada a principios de enero en la primera luna llena del a\u00f1o y as\u00ed suceder\u00e1 con cada adelanto, de acuerdo a las fases lunares de 2026 Peter Gabriel eligi\u00f3 marcar el inicio de 2026 con una estrategia inusual en la industria musical: anunci\u00f3 el lanzamiento [&hellip;]<\/p>\n","protected":false},"author":2,"featured_media":71895,"comment_status":"","ping_status":"","sticky":false,"template":"","format":"standard","meta":{"footnotes":""},"categories":[12],"tags":[],"_links":{"self":[{"href":"https:\/\/maxradio923.com.ar\/index.php\/wp-json\/wp\/v2\/posts\/71894"}],"collection":[{"href":"https:\/\/maxradio923.com.ar\/index.php\/wp-json\/wp\/v2\/posts"}],"about":[{"href":"https:\/\/maxradio923.com.ar\/index.php\/wp-json\/wp\/v2\/types\/post"}],"author":[{"embeddable":true,"href":"https:\/\/maxradio923.com.ar\/index.php\/wp-json\/wp\/v2\/users\/2"}],"replies":[{"embeddable":true,"href":"https:\/\/maxradio923.com.ar\/index.php\/wp-json\/wp\/v2\/comments?post=71894"}],"version-history":[{"count":0,"href":"https:\/\/maxradio923.com.ar\/index.php\/wp-json\/wp\/v2\/posts\/71894\/revisions"}],"wp:featuredmedia":[{"embeddable":true,"href":"https:\/\/maxradio923.com.ar\/index.php\/wp-json\/wp\/v2\/media\/71895"}],"wp:attachment":[{"href":"https:\/\/maxradio923.com.ar\/index.php\/wp-json\/wp\/v2\/media?parent=71894"}],"wp:term":[{"taxonomy":"category","embeddable":true,"href":"https:\/\/maxradio923.com.ar\/index.php\/wp-json\/wp\/v2\/categories?post=71894"},{"taxonomy":"post_tag","embeddable":true,"href":"https:\/\/maxradio923.com.ar\/index.php\/wp-json\/wp\/v2\/tags?post=71894"}],"curies":[{"name":"wp","href":"https:\/\/api.w.org\/{rel}","templated":true}]}}