{"id":71892,"date":"2026-01-14T14:29:04","date_gmt":"2026-01-14T17:29:04","guid":{"rendered":"https:\/\/maxradio923.com.ar\/index.php\/2026\/01\/14\/el-gobierno-porteno-acordo-la-entrega-de-la-nueva-carcel-de-marcos-paz-y-anuncio-el-desalojo-de-la-prision-de-devoto\/"},"modified":"2026-01-14T14:29:04","modified_gmt":"2026-01-14T17:29:04","slug":"el-gobierno-porteno-acordo-la-entrega-de-la-nueva-carcel-de-marcos-paz-y-anuncio-el-desalojo-de-la-prision-de-devoto","status":"publish","type":"post","link":"https:\/\/maxradio923.com.ar\/index.php\/2026\/01\/14\/el-gobierno-porteno-acordo-la-entrega-de-la-nueva-carcel-de-marcos-paz-y-anuncio-el-desalojo-de-la-prision-de-devoto\/","title":{"rendered":"El gobierno porte\u00f1o acord\u00f3 la entrega de la nueva c\u00e1rcel de Marcos Paz y anunci\u00f3 el desalojo de la prisi\u00f3n de Devoto"},"content":{"rendered":"<p><\/p>\n<h2 class=\"article-subheadline text_align_left\">La obra en la localidad bonaerense comenz\u00f3 hace ocho a\u00f1os y est\u00e1 a cargo de CABA. Una vez finalizada, pasar\u00e1 a la \u00f3rbita de Naci\u00f3n<\/h2>\n<p><\/p>\n<p class=\"paragraph\">El Gobierno Nacional y la Ciudad de Buenos Aires acordaron la entrega de la <b>nueva c\u00e1rcel federal <\/b>que se est\u00e1 construyendo en Marcos Paz para el primer cuatrimestre de este a\u00f1o. Esta prisi\u00f3n, una vez finalizada, <b>ser\u00e1 transferida a la \u00f3rbita de la Naci\u00f3n<\/b>, como parte de una estrategia conjunta destinada a incrementar la capacidad de alojamiento en el Servicio Penitenciario Federal y a descomprimir las comisar\u00edas y alcaid\u00edas porte\u00f1as.<\/p>\n<p><\/p>\n<p class=\"paragraph\">Estos espacios permitir\u00e1n sumar <b>alojamiento permanente para hasta 400 detenidos<\/b>, lo que contribuir\u00e1 a fortalecer la capacidad operativa del sistema penitenciario y a descongestionar la situaci\u00f3n en las dependencias policiales de la Ciudad. <\/p>\n<p><\/p>\n<p class=\"paragraph\">El nuevo complejo penitenciario contar\u00e1 con<b> cuatro unidades<\/b>, un edificio de administraci\u00f3n, un sector destinado a programas y servicios para el comando de seguridad interna, un \u00e1rea de salud, salas de videoconferencia para internos y profesionales, \u00e1reas para visitas, un gimnasio y un sector educativo destinado a talleres de trabajo y capacitaci\u00f3n laboral. <\/p>\n<p><\/p>\n<p class=\"paragraph\">Adem\u00e1s, dispondr\u00e1 de un espacio para la distribuci\u00f3n de raciones alimentarias y un campus conformado por m\u00f3dulos de alojamiento divididos en cinco sectores independientes, que contar\u00e1n con canchas de f\u00fatbol y espacios para huertas.<\/p>\n<p><\/p>\n<p class=\"paragraph\">Seg\u00fan especificaron, el complejo fue dise\u00f1ado de acuerdo con los est\u00e1ndares t\u00e9cnicos, de seguridad, tratamiento penitenciario y habitabilidad previstos por la normativa vigente a nivel nacional e internacional.<\/p>\n<p><\/p>\n<p class=\"paragraph\">Este martes, el jefe de Gobierno porte\u00f1o, Jorge Macri, supervis\u00f3 el avance de las obras en el predio de 80 hect\u00e1reas del Centro Penitenciario Federal VII y destac\u00f3 que la c\u00e1rcel est\u00e1 en su etapa final de construcci\u00f3n. \u201cLa c\u00e1rcel de Marcos Paz est\u00e1 casi lista y se la vamos a entregar a la Naci\u00f3n, tal como lo hab\u00edamos acordado\u201d, dijo el alcalde porte\u00f1o. <\/p>\n","protected":false},"excerpt":{"rendered":"<p>La obra en la localidad bonaerense comenz\u00f3 hace ocho a\u00f1os y est\u00e1 a cargo de CABA. Una vez finalizada, pasar\u00e1 a la \u00f3rbita de Naci\u00f3n El Gobierno Nacional y la Ciudad de Buenos Aires acordaron la entrega de la nueva c\u00e1rcel federal que se est\u00e1 construyendo en Marcos Paz para el primer cuatrimestre de este [&hellip;]<\/p>\n","protected":false},"author":2,"featured_media":71893,"comment_status":"","ping_status":"","sticky":false,"template":"","format":"standard","meta":{"footnotes":""},"categories":[12],"tags":[],"_links":{"self":[{"href":"https:\/\/maxradio923.com.ar\/index.php\/wp-json\/wp\/v2\/posts\/71892"}],"collection":[{"href":"https:\/\/maxradio923.com.ar\/index.php\/wp-json\/wp\/v2\/posts"}],"about":[{"href":"https:\/\/maxradio923.com.ar\/index.php\/wp-json\/wp\/v2\/types\/post"}],"author":[{"embeddable":true,"href":"https:\/\/maxradio923.com.ar\/index.php\/wp-json\/wp\/v2\/users\/2"}],"replies":[{"embeddable":true,"href":"https:\/\/maxradio923.com.ar\/index.php\/wp-json\/wp\/v2\/comments?post=71892"}],"version-history":[{"count":0,"href":"https:\/\/maxradio923.com.ar\/index.php\/wp-json\/wp\/v2\/posts\/71892\/revisions"}],"wp:featuredmedia":[{"embeddable":true,"href":"https:\/\/maxradio923.com.ar\/index.php\/wp-json\/wp\/v2\/media\/71893"}],"wp:attachment":[{"href":"https:\/\/maxradio923.com.ar\/index.php\/wp-json\/wp\/v2\/media?parent=71892"}],"wp:term":[{"taxonomy":"category","embeddable":true,"href":"https:\/\/maxradio923.com.ar\/index.php\/wp-json\/wp\/v2\/categories?post=71892"},{"taxonomy":"post_tag","embeddable":true,"href":"https:\/\/maxradio923.com.ar\/index.php\/wp-json\/wp\/v2\/tags?post=71892"}],"curies":[{"name":"wp","href":"https:\/\/api.w.org\/{rel}","templated":true}]}}