{"id":71888,"date":"2026-01-14T14:17:04","date_gmt":"2026-01-14T17:17:04","guid":{"rendered":"https:\/\/maxradio923.com.ar\/index.php\/2026\/01\/14\/se-correra-la-segunda-edicion-del-tour-del-sol\/"},"modified":"2026-01-14T14:17:04","modified_gmt":"2026-01-14T17:17:04","slug":"se-correra-la-segunda-edicion-del-tour-del-sol","status":"publish","type":"post","link":"https:\/\/maxradio923.com.ar\/index.php\/2026\/01\/14\/se-correra-la-segunda-edicion-del-tour-del-sol\/","title":{"rendered":"se correr\u00e1 la segunda edici\u00f3n del Tour del Sol"},"content":{"rendered":"<p><\/p>\n<div>\n<p>En la sala de prensa Dante Pantuso, del Estadio Aldo Cantoni, se present\u00f3 oficialmente el <strong>Tour del Sol 2026<\/strong>, competencia de ciclismo amateur para categor\u00edas Libres y M\u00e1ster que se disputar\u00e1 desde el jueves 15 hasta el domingo 18 de enero.<\/p>\n<p>Se estima contar con la presencia de con la participaci\u00f3n de 300 ciclistas de San Juan, Buenos Aires, Mendoza, San Luis, Tucum\u00e1n y La Rioja.<\/p>\n<p>Esta carrera, que tocar\u00e1 diferentes puntos de la provincia, es organizada por la Asociaci\u00f3n Civil A Pedal San Juan y cuenta con apoyo del Gobierno de la provincia. Ser\u00e1n cuatro etapas transitando los departamentos Santa Luc\u00eda, Rivadavia, Sarmiento y Capital.<\/p>\n<p>En la presentaci\u00f3n estuvieron el <strong>ministro de Turismo, Cultura y Deporte, Guido Romero<\/strong>; <strong>presidente de la Agencia Deportes San Juan, Pablo Aubone<\/strong>; <strong>subsecretario de Alto Rendimiento, Eduardo Cerimedo<\/strong>; <strong>subsecretario de Deporte Social, Mauricio Lara<\/strong>; asesor de coordinaci\u00f3n de la prueba, <strong>H\u00e9ctor Lucero<\/strong>; director de la prueba, <strong>Mat\u00edas Recabarren<\/strong>; coordinador de la prueba, <strong>Carlos Vargas<\/strong>.<\/p>\n<p>El asesor de coordinaci\u00f3n de la prueba, <strong>H\u00e9ctor Lucero <\/strong>fue el primero en referirse al tema: \u201cAgradecer al gobernador Marcelo Orrego, quien siempre tiene un lugar para el ciclismo que realmente es importante para nosotros porque crear eventos de ciclismo genera oportunidades y el ciclismo social ha crecido bastante en la provincia, con una subsecretar\u00eda como es la de Deporte Social, a cargo de Mauricio Lara.<\/p>\n<p>El Tour del Sol, segunda edici\u00f3n, creada nada m\u00e1s y nada menos por un compa\u00f1ero de trabajo que fue quien dio el nombre, Eduardo Cerimedo, es una carrera que convoca m\u00e1s  de 300 ciclistas del pa\u00eds, que est\u00e1 creciendo con un equipo de dirigentes como es Mat\u00edas Recabarren, Juan Carlos Vargas y todos los chicos que est\u00e1n trabajando en este momento con las inscripciones.<\/p>\n<p>Agradecer a los municipios que siempre est\u00e1n, como es Santa Luc\u00eda, escenario de la primera etapa, con Juan Jos\u00e9 Orrego, un amigo que siempre est\u00e1 a disposici\u00f3n del deporte; a Sergio Miodowski, intendente de Rivadavia, que es donde va a ser la segunda etapa; la tercera etapa en Sarmiento, Alfredo Castro, que siempre est\u00e1 en todas las \u00e1reas de ciclismo, en todas las disciplinas de federado, de libre y m\u00e1ster, siempre est\u00e1 apoyando.<\/p>\n<p>Y el cierre en la Capital, con nuestra intendente Susana Laciar. As\u00ed que agradecer al gobernador, al ministro Guido Romero, a nuestro secretario de Deporte, Pablo Tabachnik y  a todo el equipo de la Secretar\u00eda de Deporte, que realmente siempre cuando se crea un evento de ciclismo est\u00e1n siempre acompa\u00f1ando en todas las competencias.<\/p>\n<p>Ministro de Turismo, Cultura y Deporte,<strong> Guido Romero<\/strong>: \u201cAgradecerle a todo el equipo de la Secretar\u00eda de Deporte, al presidente de la agencia, Pablo Aubone, al subsecretario de Alto Rendimiento, Eduardo Cerimedo, al subsecretario de Deporte Social, Mauricio Lara, y en ustedes a todos los directores y a todo el equipo que trabajan mucho y bien para que el deporte en San Juan siga creciendo en todas sus disciplinas.<\/p>\n<p>La verdad que felices de poder dar comienzo a esta segunda edici\u00f3n del Tour, recorriendo cuatro departamentos muy importantes de la provincia y en esto tambi\u00e9n me adhiero a lo que dijo Willy en relaci\u00f3n al agradecimiento a los intendentes, tanto de Santa Luc\u00eda, de Rivadavia, de Capital, como de Sarmiento, porque la verdad que hemos podido trabajar muy a gusto en conjunto con ellos para que esto sea una fiesta del deporte, una fiesta del ciclismo y todos sabemos lo que el ciclismo significa en la provincia de San Juan.<\/p>\n<p>Cuatro etapas que comienzan ma\u00f1ana y terminan el domingo con m\u00e1s de 300 ciclistas, categor\u00eda Master, B, C y D, libres y mujeres. Felices de poder darle continuidad a esta carrera que comenz\u00f3 el a\u00f1o pasado que fue trabajado por Eduardo Cerimedo y se trabaj\u00f3 para poder dar un espacio importante a todas estas categor\u00edas y que re\u00fane a tantos deportistas y a tantos ciclistas.<\/p>\n<p>Convencidos de que estamos empezando un a\u00f1o en el cual vamos a tener mucho deporte,  como fue el a\u00f1o pasado, con muchas actividades en las distintas esferas del deporte, federado, social, alto rendimiento, en las distintas disciplinas. As\u00ed que venimos con un a\u00f1o muy cargado y en esto, agradecerle al gobernador de la provincia Marcelo Orrego, quien siempre sostuvo que en su gesti\u00f3n el deporte es una pol\u00edtica de Estado; gracias por todo el apoyo que recibimos desde el minuto uno de la gesti\u00f3n.<\/p>\n<p>Vamos a trabajar fuerte para que cada vez haya m\u00e1s y mejor deporte en la provincia, en todas las disciplinas, en todas las esferas y sabiendo que el deporte nos otorga un mont\u00f3n de valores que son fundamentales, pero no solamente para el deporte, sino tambi\u00e9n para la vida. Entonces el hecho del sacrificio, del respeto a la autoridad, de trabajar en equipo y todas estas cosas que nos da el deporte y que nos sirve para la vida en general\u201d.<\/p>\n<p><strong>Recorrido<\/strong><\/p>\n<p>Primera etapa (15 de enero): Largada y llegada en Col\u00f3n y Tom\u00e1s Edison, Santa Luc\u00eda. Se pondr\u00e1 en marcha a las 15, transitando por Col\u00f3n hasta Benavidez, Marcelo T. de Alvear, Balcarce, Roque S\u00e1enz Pe\u00f1a, Dr. Ricardo Guti\u00e9rrez, Avenida Libertador General San Mart\u00edn, Col\u00f3n, finalizando en intersecci\u00f3n con Tom\u00e1s Edison.<\/p>\n<p>Segunda etapa (16 de enero): Largada (15 horas) y llegada en Avenida Libertador General San Mart\u00edn frente al Complejo forense. Transitaran por Av. Libertador, Gal\u00edndez, Ruta 60 hasta llegar al Dique de Ullum y regreso.<\/p>\n<p>Tercera etapa (17 de enero): Largada 16:30 horas desde Plaza de Media Agua, Sarmiento. Recorrer\u00e1n un circuito comprendido por calle Barboza, Ruta 40, Aranda, Bufano, Doncel y 25 de mayo. Luego de ese recorrido se transitar\u00e1 por Ruta 153, pasando por Los Berros y finalizando en Pedernal, a la altura del Dique Las Crucecitas.<\/p>\n<p>Cuarta etapa (18 de enero): Largada (8 horas) y llegada Avenida de Circunvalaci\u00f3n y Mendoza (sur). Transitar\u00e1 \u00edntegramente por Avenida de Circunvalaci\u00f3n.<\/p>\n<p>En todas las etapas la cantidad de kil\u00f3metros var\u00eda de acuerdo a la categor\u00eda.<\/p>\n<\/p><\/div>\n<p><script async defer crossorigin=\"anonymous\" src=\"https:\/\/connect.facebook.net\/es_ES\/sdk.js#xfbml=1&#038;version=v3.3\"><\/script><\/p>\n","protected":false},"excerpt":{"rendered":"<p>En la sala de prensa Dante Pantuso, del Estadio Aldo Cantoni, se present\u00f3 oficialmente el Tour del Sol 2026, competencia de ciclismo amateur para categor\u00edas Libres y M\u00e1ster que se disputar\u00e1 desde el jueves 15 hasta el domingo 18 de enero. Se estima contar con la presencia de con la participaci\u00f3n de 300 ciclistas de [&hellip;]<\/p>\n","protected":false},"author":2,"featured_media":71889,"comment_status":"","ping_status":"","sticky":false,"template":"","format":"standard","meta":{"footnotes":""},"categories":[8],"tags":[],"_links":{"self":[{"href":"https:\/\/maxradio923.com.ar\/index.php\/wp-json\/wp\/v2\/posts\/71888"}],"collection":[{"href":"https:\/\/maxradio923.com.ar\/index.php\/wp-json\/wp\/v2\/posts"}],"about":[{"href":"https:\/\/maxradio923.com.ar\/index.php\/wp-json\/wp\/v2\/types\/post"}],"author":[{"embeddable":true,"href":"https:\/\/maxradio923.com.ar\/index.php\/wp-json\/wp\/v2\/users\/2"}],"replies":[{"embeddable":true,"href":"https:\/\/maxradio923.com.ar\/index.php\/wp-json\/wp\/v2\/comments?post=71888"}],"version-history":[{"count":0,"href":"https:\/\/maxradio923.com.ar\/index.php\/wp-json\/wp\/v2\/posts\/71888\/revisions"}],"wp:featuredmedia":[{"embeddable":true,"href":"https:\/\/maxradio923.com.ar\/index.php\/wp-json\/wp\/v2\/media\/71889"}],"wp:attachment":[{"href":"https:\/\/maxradio923.com.ar\/index.php\/wp-json\/wp\/v2\/media?parent=71888"}],"wp:term":[{"taxonomy":"category","embeddable":true,"href":"https:\/\/maxradio923.com.ar\/index.php\/wp-json\/wp\/v2\/categories?post=71888"},{"taxonomy":"post_tag","embeddable":true,"href":"https:\/\/maxradio923.com.ar\/index.php\/wp-json\/wp\/v2\/tags?post=71888"}],"curies":[{"name":"wp","href":"https:\/\/api.w.org\/{rel}","templated":true}]}}