{"id":71886,"date":"2026-01-14T14:15:05","date_gmt":"2026-01-14T17:15:05","guid":{"rendered":"https:\/\/maxradio923.com.ar\/index.php\/2026\/01\/14\/francia-registra-mas-muertes-que-nacimientos-por-primera-vez-desde-la-segunda-guerra-mundial\/"},"modified":"2026-01-14T14:15:05","modified_gmt":"2026-01-14T17:15:05","slug":"francia-registra-mas-muertes-que-nacimientos-por-primera-vez-desde-la-segunda-guerra-mundial","status":"publish","type":"post","link":"https:\/\/maxradio923.com.ar\/index.php\/2026\/01\/14\/francia-registra-mas-muertes-que-nacimientos-por-primera-vez-desde-la-segunda-guerra-mundial\/","title":{"rendered":"Francia registra m\u00e1s muertes que nacimientos por primera vez desde la Segunda Guerra Mundial"},"content":{"rendered":"<p><\/p>\n<div xmlns:default=\"http:\/\/www.w3.org\/2000\/svg\">\n<div class=\"visual__image image-initial-width\"><picture><source srcset=\"https:\/\/www.infobae.com\/resizer\/v2\/TI6LDIABSFD2DHFWQCZACWU22E.png?auth=480ee50103572e036b755786f463677af1e1ea8a83e98fa80e130ec8d93dd894&amp;smart=true&amp;width=992&amp;height=661&amp;quality=85\" media=\"(min-width: 1000px)\"\/><source srcset=\"https:\/\/www.infobae.com\/resizer\/v2\/TI6LDIABSFD2DHFWQCZACWU22E.png?auth=480ee50103572e036b755786f463677af1e1ea8a83e98fa80e130ec8d93dd894&amp;smart=true&amp;width=768&amp;height=512&amp;quality=85\" media=\"(min-width: 768px)\"\/><source srcset=\"https:\/\/www.infobae.com\/resizer\/v2\/TI6LDIABSFD2DHFWQCZACWU22E.png?auth=480ee50103572e036b755786f463677af1e1ea8a83e98fa80e130ec8d93dd894&amp;smart=true&amp;width=577&amp;height=385&amp;quality=85\" media=\"(min-width: 580px)\"\/><source srcset=\"https:\/\/www.infobae.com\/resizer\/v2\/TI6LDIABSFD2DHFWQCZACWU22E.png?auth=480ee50103572e036b755786f463677af1e1ea8a83e98fa80e130ec8d93dd894&amp;smart=true&amp;width=420&amp;height=280&amp;quality=85\" media=\"(min-width: 350px)\"\/><source srcset=\"https:\/\/www.infobae.com\/resizer\/v2\/TI6LDIABSFD2DHFWQCZACWU22E.png?auth=480ee50103572e036b755786f463677af1e1ea8a83e98fa80e130ec8d93dd894&amp;smart=true&amp;width=350&amp;height=233&amp;quality=85\" media=\"(min-width: 80px)\"\/><img alt=\"El descenso de la natalidad\" class=\"global-image\" decoding=\"async\" fetchpriority=\"high\" height=\"1024\" loading=\"eager\" src=\"https:\/\/www.infobae.com\/resizer\/v2\/TI6LDIABSFD2DHFWQCZACWU22E.png?auth=480ee50103572e036b755786f463677af1e1ea8a83e98fa80e130ec8d93dd894&amp;smart=true&amp;width=350&amp;height=233&amp;quality=85\" width=\"1536\"\/><\/picture><figcaption class=\"article-figcaption-img\">El descenso de la natalidad francesa marca la cifra m\u00e1s baja de nacimientos desde 1942, seg\u00fan el INSEE (Imagen Ilustrativa Infobae)<\/figcaption><\/div>\n<p class=\"paragraph\">En 2025, y por primera vez desde la finalizaci\u00f3n de la <b>Segunda Guerra Mundial<\/b>, hace m\u00e1s de ocho decadas, <i><b>Francia<\/b><\/i><b> <\/b>report\u00f3 un n\u00famero mayor de muertes que de nacimientos, seg\u00fan datos oficiales publicados este martes por el Instituto Nacional de Estad\u00edstica y de Estudios Econ\u00f3micos (<b>INSEE<\/b>).<\/p>\n<p class=\"paragraph\">Este hito demogr\u00e1fico marca un giro hist\u00f3rico y erosiona la tradicional ventaja de Francia sobre otros pa\u00edses de la <i><b>Uni\u00f3n Europea<\/b><\/i> en t\u00e9rminos de crecimiento poblacional.<\/p>\n<p class=\"paragraph\">Durante 2025, <b>INSEE<\/b> registr\u00f3 un total de 651.000 muertes y 645.000 nacimientos, lo que representa el menor n\u00famero de nacimientos desde 1942. Esta diferencia refleja una tendencia que<b> se ha acentuado desde la pandemia de COVID-19<\/b>, con una ca\u00edda sostenida en la natalidad y una poblaci\u00f3n cada vez m\u00e1s envejecida. <\/p>\n<p class=\"paragraph\">Desde 2011, el n\u00famero anual de nacimientos ha<b> descendido un 23,6%<\/b>, una reducci\u00f3n que, seg\u00fan el dem\u00f3grafo Gilles Le Minez, \u201ces uno de los hechos m\u00e1s llamativos de los \u00faltimos a\u00f1os\u201d.<\/p>\n<p class=\"paragraph\">El descenso de la natalidad afecta incluso a la franja de edad m\u00e1s f\u00e9rtil, entre 25 y 34 a\u00f1os, tradicionalmente el motor de los nacimientos en Francia. Le Minez subray\u00f3: \u201cLa <b>velocidad a la que han disminuido los nacimientos<\/b> en los \u00faltimos a\u00f1os es uno de los hechos m\u00e1s destacados\u201d.<\/p>\n<p class=\"paragraph\">La tasa de fecundidad descendi\u00f3 en 2025 hasta <b>1,56 hijos por mujer<\/b>, su nivel m\u00e1s bajo desde la Primera Guerra Mundial y muy por debajo del 1,8 previsto en las proyecciones del consejo asesor de pensiones. En 2023, Francia ocupaba el segundo lugar en la Uni\u00f3n Europea con una tasa de fecundidad de 1,65, solo superada por Bulgaria con 1,81.<\/p>\n<div class=\"visual__image\"><picture><source srcset=\"https:\/\/www.infobae.com\/resizer\/v2\/KQ7SM2XOK5HJHCLNNX35BX625E.jpg?auth=7aca659082411cd8353dd61f6c3f055497c931a5952230cfd5af08b72be49c91&amp;smart=true&amp;width=992&amp;height=496&amp;quality=85\" media=\"(min-width: 1000px)\"\/><source srcset=\"https:\/\/www.infobae.com\/resizer\/v2\/KQ7SM2XOK5HJHCLNNX35BX625E.jpg?auth=7aca659082411cd8353dd61f6c3f055497c931a5952230cfd5af08b72be49c91&amp;smart=true&amp;width=768&amp;height=384&amp;quality=85\" media=\"(min-width: 768px)\"\/><source srcset=\"https:\/\/www.infobae.com\/resizer\/v2\/KQ7SM2XOK5HJHCLNNX35BX625E.jpg?auth=7aca659082411cd8353dd61f6c3f055497c931a5952230cfd5af08b72be49c91&amp;smart=true&amp;width=577&amp;height=289&amp;quality=85\" media=\"(min-width: 580px)\"\/><source srcset=\"https:\/\/www.infobae.com\/resizer\/v2\/KQ7SM2XOK5HJHCLNNX35BX625E.jpg?auth=7aca659082411cd8353dd61f6c3f055497c931a5952230cfd5af08b72be49c91&amp;smart=true&amp;width=420&amp;height=210&amp;quality=85\" media=\"(min-width: 350px)\"\/><source srcset=\"https:\/\/www.infobae.com\/resizer\/v2\/KQ7SM2XOK5HJHCLNNX35BX625E.jpg?auth=7aca659082411cd8353dd61f6c3f055497c931a5952230cfd5af08b72be49c91&amp;smart=true&amp;width=350&amp;height=175&amp;quality=85\" media=\"(min-width: 80px)\"\/><img alt=\"La tasa de fecundidad en\" class=\"global-image\" decoding=\"async\" fetchpriority=\"low\" height=\"600\" loading=\"lazy\" src=\"https:\/\/www.infobae.com\/resizer\/v2\/KQ7SM2XOK5HJHCLNNX35BX625E.jpg?auth=7aca659082411cd8353dd61f6c3f055497c931a5952230cfd5af08b72be49c91&amp;smart=true&amp;width=350&amp;height=175&amp;quality=85\" width=\"1200\"\/><\/picture><figcaption class=\"article-figcaption-img\">La tasa de fecundidad en Francia cae a 1,56 hijos por mujer en 2025, muy por debajo de las proyecciones oficiales (Imagen Ilustrativa Infobae)<\/figcaption><\/div>\n<p class=\"paragraph\">El <b>cambio demogr\u00e1fico<\/b> tiene consecuencias directas sobre la econom\u00eda y las pol\u00edticas sociales. El descenso de la natalidad y el aumento de la longevidad presionan el sistema de pensiones y el gasto p\u00fablico. La Oficina Nacional de Auditor\u00eda P\u00fablica advirti\u00f3 el mes pasado que este nuevo escenario obligar\u00e1 a <b>incrementar el gasto p\u00fablico hasta niveles similares a los registrados durante la pandemia<\/b>, al tiempo que se reduce la base impositiva.<\/p>\n<p class=\"paragraph\">El economista <b>Philippe Crevel<\/b>, del Think Tank <i>Cercle d\u2019Epargne<\/i>, explic\u00f3: \u201cCon la jubilaci\u00f3n de las grandes generaciones nacidas en los a\u00f1os 60, las tensiones en el mercado laboral y los problemas de fuerza de trabajo <b>aumentar\u00e1n r\u00e1pidamente en los pr\u00f3ximos a\u00f1os<\/b>\u201d.<\/p>\n<p class=\"paragraph\">La propia estructura de la poblaci\u00f3n est\u00e1 cambiando: la esperanza de vida alcanz\u00f3 m\u00e1ximos hist\u00f3ricos en 2025, con <b>85,9 a\u00f1os para las mujeres<\/b> y 80,3 para los hombres. Adem\u00e1s, el porcentaje de personas mayores de 65 a\u00f1os lleg\u00f3 al <b>22%<\/b>, igualando pr\u00e1cticamente la proporci\u00f3n de menores de 20 a\u00f1os.<\/p>\n<p class=\"paragraph\">A pesar de que las muertes superaron a los nacimientos, la poblaci\u00f3n francesa creci\u00f3 ligeramente hasta los <b>69,1 millones<\/b> de habitantes, impulsada por un saldo migratorio neto estimado por INSEE en 176.000 personas.<\/p>\n<p class=\"paragraph\">Ante la gravedad de las cifras, el presidente <b>Emmanuel Macron<\/b> pronunci\u00f3 en enero de 2024 un discurso en el que llam\u00f3 a un \u201crearme demogr\u00e1fico\u201d. Entre las medidas anunciadas se encuentra la creaci\u00f3n de un plan nacional contra la infertilidad y la modificaci\u00f3n del sistema de licencias parentales. La nueva licencia, de hasta dos meses por progenitor, <b>entrar\u00e1 en vigor en julio de 2026<\/b> y ser\u00e1 retroactiva para los padres de hijos nacidos a partir del 1 de enero de ese a\u00f1o.<\/p>\n<p class=\"paragraph\">Organizaciones de planificaci\u00f3n familiar han elogiado la iniciativa, aunque advierten que <b>no existen garant\u00edas de que estas reformas logren revertir la tendencia<\/b>. Diversos factores inciden en la decisi\u00f3n de tener hijos: la conciliaci\u00f3n entre vida laboral y familiar, la disponibilidad de servicios de atenci\u00f3n a la infancia, la estabilidad en el empleo y el acceso a una vivienda adecuada.<\/p>\n<p class=\"paragraph\">La soci\u00f3loga <b>Laura Toulemon<\/b> afirm\u00f3: \u201cLas mujeres <b>son cada vez m\u00e1s conscientes del alto precio que pagan por la maternidad<\/b>. Su tolerancia frente a la carga de tener hijos es menor, incluso entre los adultos j\u00f3venes, que no quieren ser discriminados\u201d.<\/p>\n<p class=\"paragraph\">El contexto social y laboral actual, sumado a la percepci\u00f3n de que la maternidad puede suponer una penalizaci\u00f3n profesional, ha llevado a muchas personas j\u00f3venes a postergar o renunciar a la idea de formar una familia numerosa. Sin un cambio estructural en las <b>pol\u00edticas p\u00fablicas y en la percepci\u00f3n social de la maternidad y la paternidad<\/b>, la tendencia demogr\u00e1fica<b> podr\u00eda continuar agrav\u00e1ndose en los pr\u00f3ximos a\u00f1os.<\/b><\/p>\n<\/div>\n<p><script defer=\"\">try{!function(f,b,e,v,n,t,s) {if(f.fbq)return;n=f.fbq=function(){n.callMethod? n.callMethod.apply(n,arguments):n.queue.push(arguments)}; if(!f._fbq)f._fbq=n;n.push=n;n.loaded=!0;n.version='2.0'; n.queue=[];t=b.createElement(e);t.async=!0; t.src=v;s=b.getElementsByTagName(e)[0]; s.parentNode.insertBefore(t,s)}(window, document,'script', ' fbq('init', '336383993555320'); fbq('track', 'PageView'); fbq('track', 'ViewContent');}catch(error){console.log(\"Error al inicializar facebookPixelRawCodeScript:\",error);}<\/script><\/p>\n","protected":false},"excerpt":{"rendered":"<p>El descenso de la natalidad francesa marca la cifra m\u00e1s baja de nacimientos desde 1942, seg\u00fan el INSEE (Imagen Ilustrativa Infobae) En 2025, y por primera vez desde la finalizaci\u00f3n de la Segunda Guerra Mundial, hace m\u00e1s de ocho decadas, Francia report\u00f3 un n\u00famero mayor de muertes que de nacimientos, seg\u00fan datos oficiales publicados este [&hellip;]<\/p>\n","protected":false},"author":2,"featured_media":71887,"comment_status":"","ping_status":"","sticky":false,"template":"","format":"standard","meta":{"footnotes":""},"categories":[3],"tags":[],"_links":{"self":[{"href":"https:\/\/maxradio923.com.ar\/index.php\/wp-json\/wp\/v2\/posts\/71886"}],"collection":[{"href":"https:\/\/maxradio923.com.ar\/index.php\/wp-json\/wp\/v2\/posts"}],"about":[{"href":"https:\/\/maxradio923.com.ar\/index.php\/wp-json\/wp\/v2\/types\/post"}],"author":[{"embeddable":true,"href":"https:\/\/maxradio923.com.ar\/index.php\/wp-json\/wp\/v2\/users\/2"}],"replies":[{"embeddable":true,"href":"https:\/\/maxradio923.com.ar\/index.php\/wp-json\/wp\/v2\/comments?post=71886"}],"version-history":[{"count":0,"href":"https:\/\/maxradio923.com.ar\/index.php\/wp-json\/wp\/v2\/posts\/71886\/revisions"}],"wp:featuredmedia":[{"embeddable":true,"href":"https:\/\/maxradio923.com.ar\/index.php\/wp-json\/wp\/v2\/media\/71887"}],"wp:attachment":[{"href":"https:\/\/maxradio923.com.ar\/index.php\/wp-json\/wp\/v2\/media?parent=71886"}],"wp:term":[{"taxonomy":"category","embeddable":true,"href":"https:\/\/maxradio923.com.ar\/index.php\/wp-json\/wp\/v2\/categories?post=71886"},{"taxonomy":"post_tag","embeddable":true,"href":"https:\/\/maxradio923.com.ar\/index.php\/wp-json\/wp\/v2\/tags?post=71886"}],"curies":[{"name":"wp","href":"https:\/\/api.w.org\/{rel}","templated":true}]}}