{"id":71882,"date":"2026-01-14T14:04:02","date_gmt":"2026-01-14T17:04:02","guid":{"rendered":"https:\/\/maxradio923.com.ar\/index.php\/2026\/01\/14\/ricardo-centurion-se-hizo-la-revision-medica-y-sello-su-regreso-a-un-club-del-futbol-argentino-feliz-por-esta-oportunidad\/"},"modified":"2026-01-14T14:04:02","modified_gmt":"2026-01-14T17:04:02","slug":"ricardo-centurion-se-hizo-la-revision-medica-y-sello-su-regreso-a-un-club-del-futbol-argentino-feliz-por-esta-oportunidad","status":"publish","type":"post","link":"https:\/\/maxradio923.com.ar\/index.php\/2026\/01\/14\/ricardo-centurion-se-hizo-la-revision-medica-y-sello-su-regreso-a-un-club-del-futbol-argentino-feliz-por-esta-oportunidad\/","title":{"rendered":"Ricardo Centuri\u00f3n se hizo\u00a0la revisi\u00f3n m\u00e9dica y sell\u00f3 su regreso a un club del f\u00fatbol argentino: \u201cFeliz por esta oportunidad\u201d"},"content":{"rendered":"<p><\/p>\n<div xmlns:default=\"http:\/\/www.w3.org\/2000\/svg\">\n<p class=\"paragraph\"><b>Ricardo Centuri\u00f3n <\/b>se realiz\u00f3 la revisi\u00f3n m\u00e9dica y se convertir\u00e1 en nuevo refuerzo de <b>Racing de C\u00f3rdoba<\/b>, equipo que milita en la Primera B Nacional, la segunda categor\u00eda del f\u00fatbol argentino. El jugador de <b>32 a\u00f1os<\/b>, de \u00faltimo paso por<b> Oriente Petrolero<\/b>, confirm\u00f3 su retorno al pa\u00eds luego de una temporada en Bolivia. <\/p>\n<p class=\"paragraph\">En sus primeras declaraciones antes de ingresar al centro m\u00e9dico de la ciudad cordobesa, <b>Centuri\u00f3n <\/b>se sac\u00f3 algunas fotos con los hinchas que se acercaron al lugar y expres\u00f3 ante los medios: <b>\u201cEstoy con felicidad y muy contento\u201d<\/b>. Luego, el futbolista surgido de las inferiores de <b>Racing Club <\/b>de Avellaneda ingres\u00f3 a la cl\u00ednica acompa\u00f1ado de los directivos de su nuevo equipo. <\/p>\n<p class=\"paragraph\"><b>\u201cMe siento contento, feliz por esta oportunidad, vamos a intentar darle al club la mayor alegr\u00eda y lograr los objetivos que tenemos. Eleg\u00ed a Racing porque fue el que propuso y el que quiso. Ac\u00e1 estoy\u201d<\/b>, expres\u00f3 Centuri\u00f3n tras salir del centro m\u00e9dico, quien brindar\u00e1 una conferencia de prensa m\u00e1s tarde en la sede del club de Nueva Italia. <\/p>\n<p class=\"paragraph\"><i>*Ricky Centuri\u00f3n se hizo la revisi\u00f3n m\u00e9dica en C\u00f3rdoba<\/i><\/p>\n<p class=\"paragraph\">La dirigencia de <b>Racing de C\u00f3rdoba<\/b> decidi\u00f3 avanzar en los \u00faltimos d\u00edas en la contrataci\u00f3n de <b>Centuri\u00f3n<\/b> como <b>parte de una estrategia para sumar futbolistas experimentados para pelear por el ascenso, aunque la propuesta econ\u00f3mica fue adaptada a la realidad de la Primera Nacional<\/b>. El directivo de la instituci\u00f3n cordobesa, <b>Manuel P\u00e9rez<\/b>, detall\u00f3 al medio <i>Cadena 3: <\/i>\u201cCuando vi que estaba la posibilidad, le bajamos la propuesta y quedamos en charlar mano a mano con Ricky\u201d. Tambi\u00e9n se\u00f1al\u00f3 que ser\u00eda \u201cun impacto fuerte para la categor\u00eda\u201d.<\/p>\n<p><soccer-worldcup2026-cta-predict\/><link rel=\"stylesheet\" crossorigin=\"true\" href=\"https:\/\/storage.googleapis.com\/arc-buckets\/web-components\/soccer\/ctas\/predict.css\"\/>\n<p class=\"paragraph\">La carrera de <b>Centuri\u00f3n<\/b> tuvo puntos altos al comienzo cuando debut\u00f3 en <b>Racing <\/b>en <b>2011<\/b>. Con el correr de los partidos, el habilidoso mediocampista ofensivo explot\u00f3 y <b>fue campe\u00f3n<\/b> en sus dos ciclos con la <i>Academia <\/i>(2014 y 2018). En la instituci\u00f3n de Avellaneda complet\u00f3 un total de <b>93 partidos, con 19 goles y 14 asistencias<\/b>. <\/p>\n<p class=\"paragraph\">Luego, el futbolista fue transferido al <b>Genoa <\/b>y <b>San Pablo<\/b>, donde cumpli\u00f3 dos temporadas en esos clubes. Pas\u00f3 a <b>Boca Juniors<\/b> en 2016, donde pudo festejar un t\u00edtulo con Guillermo Barros Schelotto como entrenador. El pr\u00f3ximo paso de <i>Ricky <\/i>fue<b> San Luis<\/b> de <b>M\u00e9xico<\/b>, donde apenas jug\u00f3 12 partidos y su regreso a la Argentina fue con la camiseta de <b>V\u00e9lez<\/b>, que compr\u00f3 parte de su pase en 2020. Con el cuadro de Liniers particip\u00f3 de <b>62 encuentros<\/b>, marc\u00f3<b> 8 goles<\/b> y dio<b> 6 asistencias<\/b>. <\/p>\n<p class=\"paragraph\">En una de sus \u00faltimas entrevistas, Centuri\u00f3n puntualiz\u00f3 sobre sus sentimientos por la entidad <i>xeneize<\/i>: <b>\u201cYo soy <\/b><i><b>Bostero <\/b><\/i><b>mal, enfermo de Boca. Cuando jug\u00e1s ah\u00ed, am\u00e1s el color y la instituci\u00f3n. Me quedaba hasta las 3 o 4 de la tarde cur\u00e1ndome lesiones o tomando mate, no me quer\u00eda ir\u201d<\/b>. Y revel\u00f3 sobre su relaci\u00f3n con <b>Juan Rom\u00e1n Riquelme<\/b>: \u201cHabl\u00e1bamos siempre, cuando hab\u00eda un partido decisivo, le mandaba un mensaje. Ahora cambi\u00e9 el n\u00famero y se me perdi\u00f3. No ten\u00edamos una amistad, pero siempre habl\u00e1bamos y \u00e9l me ten\u00eda mucho cari\u00f1o. Es m\u00e1s, fui a la casa por Javi Garc\u00eda, que estaba en Racing, porque me quer\u00eda conocer. Jugamos un fulbito y la pasamos de 10. <b>Hablar con Rom\u00e1n de f\u00fatbol es un orgasmo\u201d<\/b>.<\/p>\n<p class=\"paragraph\">A partir de su tercera temporada con el <i>Fort\u00edn<\/i>, el rendimiento de <b>Centuri\u00f3n <\/b>comenz\u00f3 a decaer estrepitosamente y sus problemas extra futbol\u00edsticos comenzaron a florecer, por lo que termin\u00f3 con una desvinculaci\u00f3n y pr\u00e9stamos poco fruct\u00edferos por <b>San Lorenzo<\/b> y <b>Barracas Central<\/b>. En 2025 surgi\u00f3 la chance de relanzar su carrera en <b>Oriente Petrolero <\/b>de <b>Bolivia <\/b>y, tras una temporada en Santa Cruz de la Sierra, el jugador jug\u00f3 31 partidos, con 9 tantos y 7 asistencias. <\/p>\n<\/div>\n<p><script defer=\"\">try{!function(f,b,e,v,n,t,s) {if(f.fbq)return;n=f.fbq=function(){n.callMethod? n.callMethod.apply(n,arguments):n.queue.push(arguments)}; if(!f._fbq)f._fbq=n;n.push=n;n.loaded=!0;n.version='2.0'; n.queue=[];t=b.createElement(e);t.async=!0; t.src=v;s=b.getElementsByTagName(e)[0]; s.parentNode.insertBefore(t,s)}(window, document,'script', ' fbq('init', '336383993555320'); fbq('track', 'PageView'); fbq('track', 'ViewContent');}catch(error){console.log(\"Error al inicializar facebookPixelRawCodeScript:\",error);}<\/script><\/p>\n","protected":false},"excerpt":{"rendered":"<p>Ricardo Centuri\u00f3n se realiz\u00f3 la revisi\u00f3n m\u00e9dica y se convertir\u00e1 en nuevo refuerzo de Racing de C\u00f3rdoba, equipo que milita en la Primera B Nacional, la segunda categor\u00eda del f\u00fatbol argentino. El jugador de 32 a\u00f1os, de \u00faltimo paso por Oriente Petrolero, confirm\u00f3 su retorno al pa\u00eds luego de una temporada en Bolivia. En sus [&hellip;]<\/p>\n","protected":false},"author":2,"featured_media":71883,"comment_status":"","ping_status":"","sticky":false,"template":"","format":"standard","meta":{"footnotes":""},"categories":[2],"tags":[],"_links":{"self":[{"href":"https:\/\/maxradio923.com.ar\/index.php\/wp-json\/wp\/v2\/posts\/71882"}],"collection":[{"href":"https:\/\/maxradio923.com.ar\/index.php\/wp-json\/wp\/v2\/posts"}],"about":[{"href":"https:\/\/maxradio923.com.ar\/index.php\/wp-json\/wp\/v2\/types\/post"}],"author":[{"embeddable":true,"href":"https:\/\/maxradio923.com.ar\/index.php\/wp-json\/wp\/v2\/users\/2"}],"replies":[{"embeddable":true,"href":"https:\/\/maxradio923.com.ar\/index.php\/wp-json\/wp\/v2\/comments?post=71882"}],"version-history":[{"count":0,"href":"https:\/\/maxradio923.com.ar\/index.php\/wp-json\/wp\/v2\/posts\/71882\/revisions"}],"wp:featuredmedia":[{"embeddable":true,"href":"https:\/\/maxradio923.com.ar\/index.php\/wp-json\/wp\/v2\/media\/71883"}],"wp:attachment":[{"href":"https:\/\/maxradio923.com.ar\/index.php\/wp-json\/wp\/v2\/media?parent=71882"}],"wp:term":[{"taxonomy":"category","embeddable":true,"href":"https:\/\/maxradio923.com.ar\/index.php\/wp-json\/wp\/v2\/categories?post=71882"},{"taxonomy":"post_tag","embeddable":true,"href":"https:\/\/maxradio923.com.ar\/index.php\/wp-json\/wp\/v2\/tags?post=71882"}],"curies":[{"name":"wp","href":"https:\/\/api.w.org\/{rel}","templated":true}]}}