{"id":71880,"date":"2026-01-14T13:57:03","date_gmt":"2026-01-14T16:57:03","guid":{"rendered":"https:\/\/maxradio923.com.ar\/index.php\/2026\/01\/14\/el-gobierno-volvio-a-recomendar-a-los-argentinos-que-no-viajen-a-iran-en-medio-de-la-escalada-de-la-violencia-del-regimen\/"},"modified":"2026-01-14T13:57:03","modified_gmt":"2026-01-14T16:57:03","slug":"el-gobierno-volvio-a-recomendar-a-los-argentinos-que-no-viajen-a-iran-en-medio-de-la-escalada-de-la-violencia-del-regimen","status":"publish","type":"post","link":"https:\/\/maxradio923.com.ar\/index.php\/2026\/01\/14\/el-gobierno-volvio-a-recomendar-a-los-argentinos-que-no-viajen-a-iran-en-medio-de-la-escalada-de-la-violencia-del-regimen\/","title":{"rendered":"El Gobierno volvi\u00f3 a recomendar a los argentinos que no viajen a Ir\u00e1n en medio de la escalada de la violencia del r\u00e9gimen"},"content":{"rendered":"<p><\/p>\n<h2 class=\"article-subheadline text_align_left\">El canciller Pablo Quirno volvi\u00f3 a difundir una alerta consular. A su vez, la senadora Patricia Bullrich critic\u00f3 \u201cel silencio ensordecedor de muchos organismos internacionales\u201d y asegur\u00f3: \u201cEspero que las soluciones lleguen pronto y traigan libertad\u201d<\/h2>\n<p><\/p>\n<p class=\"paragraph\">El <b>Gobierno argentino<\/b> ratific\u00f3 en las \u00faltimas horas la recomendaci\u00f3n dirigida a sus ciudadanos para que eviten viajar a <b>Ir\u00e1n<\/b> ante el agravamiento de la situaci\u00f3n social y pol\u00edtica en ese pa\u00eds. El canciller Pablo <b>Quirno<\/b> actualiz\u00f3 la alerta consultar que hab\u00eda sido emitida a principios de mes, en sinton\u00eda con la creciente tensi\u00f3n en la regi\u00f3n y la amenaza del presidente de Estados Unidos, Donald <b>Trump<\/b>, de hacer pagar \u201c<b>un alto precio<\/b>\u201d a los responsables de la violenta represi\u00f3n a las protestas contra el r\u00e9gimen y la respuesta iran\u00ed de una r\u00e9plica \u201c<b>atroz<\/b>\u201d por parte de Teher\u00e1n.<\/p>\n<p><\/p>\n<p class=\"paragraph\">La crisis comenz\u00f3 en <b>Teher\u00e1n<\/b>, donde comerciantes decidieron cerrar sus locales en rechazo a la depreciaci\u00f3n del rial y al incremento sostenido de la inflaci\u00f3n, antes de extenderse a universidades y otras ciudades del pa\u00eds. Con el correr de los d\u00edas, las protestas ganaron fuerza. En su comunicado, la <b>Canciller\u00eda argentina<\/b> incluy\u00f3 un canal de contacto para quienes requieran asistencia consular,<i> diare@mrecic.gov.ar<\/i>, el correo electr\u00f3nico de la Direcci\u00f3n de Asuntos de Argentinos en el Exterior.<\/p>\n<p><\/p>\n<p class=\"paragraph\">El <b>Departamento de Estado de Estados Unidos<\/b> afirm\u00f3 este mi\u00e9rcoles que el uso de la fuerza por parte del gobierno iran\u00ed contra manifestantes desarmados es una se\u00f1al de \u201c<b>miedo y cobard\u00eda<\/b>\u201d en lugar de fortaleza. A trav\u00e9s de su cuenta oficial en persa en la plataforma X, la diplomacia estadounidense se\u00f1al\u00f3 que el \u201cverdadero poder\u201d reside en los ciudadanos que enfrentan la brutalidad del r\u00e9gimen, en un mensaje que busca respaldar la legitimidad de las movilizaciones contra el l\u00edder supremo, <b>Ali Jamene\u00ed<\/b>.<\/p>\n<p><\/p>\n<p class=\"paragraph\">La <b>ola de represi\u00f3n y violencia <\/b>ha llevado a <b>Estados Unidos, Canad\u00e1, Alemania, Australia, Jap\u00f3n, Taiw\u00e1n, Nueva Zelanda y Singapur <\/b>a emitir alertas urgentes para que sus ciudadanos abandonen el pa\u00eds lo antes posible. En la regi\u00f3n, por ejemplo, pa\u00edses como Chile condenaron en las \u00faltimas horas \u201cla represi\u00f3n del r\u00e9gimen de Ir\u00e1n que provoc\u00f3 la muerte de cientos de personas en ese pa\u00eds\u201d.<\/p>\n<p><\/p>\n<p class=\"paragraph\">En esta l\u00ednea, la presidenta del Parlamento Europeo, <b>Roberta Metsola, <\/b>afirm\u00f3 este mi\u00e9rcoles que <b>los d\u00edas de los reg\u00edmenes dictatoriales est\u00e1n contados <\/b>y pronostic\u00f3 que estos llegar\u00e1n a su fin durante 2026, al tiempo que inst\u00f3 a la Uni\u00f3n Europea a intensificar la presi\u00f3n sobre Ir\u00e1n por la represi\u00f3n contra manifestantes. En una entrevista con el medio <i>Euronews<\/i>, Metsola asegur\u00f3 que el liderazgo iran\u00ed se encuentra \u201cen las \u00faltimas\u201d<b> <\/b>y exhort\u00f3 a los Estados miembros a actuar con celeridad para castigar la violencia estatal en el pa\u00eds persa.<\/p>\n<p><\/p>\n<p class=\"paragraph\">Desde el oficialismo nacional, la senadora y exministra de Seguridad,<b> Patricia Bullrich<\/b>, se\u00f1al\u00f3 en sus redes. \u201cEn pocos d\u00edas, el r\u00e9gimen de Ir\u00e1n asesin\u00f3 a m\u00e1s de 12.000 personas por manifestarse y lleva m\u00e1s de 120 horas con las comunicaciones totalmente apagadas para que no circulen im\u00e1genes de la violencia. Mientras tanto, en las calles hay mujeres que se animan a pelear por derechos b\u00e1sicos y una sociedad entera que pide libertad\u201d.<\/p>\n","protected":false},"excerpt":{"rendered":"<p>El canciller Pablo Quirno volvi\u00f3 a difundir una alerta consular. A su vez, la senadora Patricia Bullrich critic\u00f3 \u201cel silencio ensordecedor de muchos organismos internacionales\u201d y asegur\u00f3: \u201cEspero que las soluciones lleguen pronto y traigan libertad\u201d El Gobierno argentino ratific\u00f3 en las \u00faltimas horas la recomendaci\u00f3n dirigida a sus ciudadanos para que eviten viajar a [&hellip;]<\/p>\n","protected":false},"author":2,"featured_media":71881,"comment_status":"","ping_status":"","sticky":false,"template":"","format":"standard","meta":{"footnotes":""},"categories":[12],"tags":[],"_links":{"self":[{"href":"https:\/\/maxradio923.com.ar\/index.php\/wp-json\/wp\/v2\/posts\/71880"}],"collection":[{"href":"https:\/\/maxradio923.com.ar\/index.php\/wp-json\/wp\/v2\/posts"}],"about":[{"href":"https:\/\/maxradio923.com.ar\/index.php\/wp-json\/wp\/v2\/types\/post"}],"author":[{"embeddable":true,"href":"https:\/\/maxradio923.com.ar\/index.php\/wp-json\/wp\/v2\/users\/2"}],"replies":[{"embeddable":true,"href":"https:\/\/maxradio923.com.ar\/index.php\/wp-json\/wp\/v2\/comments?post=71880"}],"version-history":[{"count":0,"href":"https:\/\/maxradio923.com.ar\/index.php\/wp-json\/wp\/v2\/posts\/71880\/revisions"}],"wp:featuredmedia":[{"embeddable":true,"href":"https:\/\/maxradio923.com.ar\/index.php\/wp-json\/wp\/v2\/media\/71881"}],"wp:attachment":[{"href":"https:\/\/maxradio923.com.ar\/index.php\/wp-json\/wp\/v2\/media?parent=71880"}],"wp:term":[{"taxonomy":"category","embeddable":true,"href":"https:\/\/maxradio923.com.ar\/index.php\/wp-json\/wp\/v2\/categories?post=71880"},{"taxonomy":"post_tag","embeddable":true,"href":"https:\/\/maxradio923.com.ar\/index.php\/wp-json\/wp\/v2\/tags?post=71880"}],"curies":[{"name":"wp","href":"https:\/\/api.w.org\/{rel}","templated":true}]}}