{"id":71878,"date":"2026-01-14T13:44:05","date_gmt":"2026-01-14T16:44:05","guid":{"rendered":"https:\/\/maxradio923.com.ar\/index.php\/2026\/01\/14\/egipto-anuncio-un-acuerdo-para-el-comite-de-tecnocratas-palestinos-que-administrara-gaza-bajo-el-plan-de-trump\/"},"modified":"2026-01-14T13:44:05","modified_gmt":"2026-01-14T16:44:05","slug":"egipto-anuncio-un-acuerdo-para-el-comite-de-tecnocratas-palestinos-que-administrara-gaza-bajo-el-plan-de-trump","status":"publish","type":"post","link":"https:\/\/maxradio923.com.ar\/index.php\/2026\/01\/14\/egipto-anuncio-un-acuerdo-para-el-comite-de-tecnocratas-palestinos-que-administrara-gaza-bajo-el-plan-de-trump\/","title":{"rendered":"Egipto anunci\u00f3 un acuerdo para el comit\u00e9 de tecn\u00f3cratas palestinos que administrar\u00e1 Gaza bajo el plan de Trump"},"content":{"rendered":"<p><\/p>\n<div xmlns:default=\"http:\/\/www.w3.org\/2000\/svg\">\n<div class=\"visual__image image-initial-width\"><picture><source srcset=\"https:\/\/www.infobae.com\/resizer\/v2\/4UYSDSFKCBESFGFBIJ5ZXKV26M.jpg?auth=10de73bf7f6e6797714b5838a7cd413b83c66cb68dbab0f829c8e500162bbdda&amp;smart=true&amp;width=992&amp;height=661&amp;quality=85\" media=\"(min-width: 1000px)\"\/><source srcset=\"https:\/\/www.infobae.com\/resizer\/v2\/4UYSDSFKCBESFGFBIJ5ZXKV26M.jpg?auth=10de73bf7f6e6797714b5838a7cd413b83c66cb68dbab0f829c8e500162bbdda&amp;smart=true&amp;width=768&amp;height=512&amp;quality=85\" media=\"(min-width: 768px)\"\/><source srcset=\"https:\/\/www.infobae.com\/resizer\/v2\/4UYSDSFKCBESFGFBIJ5ZXKV26M.jpg?auth=10de73bf7f6e6797714b5838a7cd413b83c66cb68dbab0f829c8e500162bbdda&amp;smart=true&amp;width=577&amp;height=385&amp;quality=85\" media=\"(min-width: 580px)\"\/><source srcset=\"https:\/\/www.infobae.com\/resizer\/v2\/4UYSDSFKCBESFGFBIJ5ZXKV26M.jpg?auth=10de73bf7f6e6797714b5838a7cd413b83c66cb68dbab0f829c8e500162bbdda&amp;smart=true&amp;width=420&amp;height=280&amp;quality=85\" media=\"(min-width: 350px)\"\/><source srcset=\"https:\/\/www.infobae.com\/resizer\/v2\/4UYSDSFKCBESFGFBIJ5ZXKV26M.jpg?auth=10de73bf7f6e6797714b5838a7cd413b83c66cb68dbab0f829c8e500162bbdda&amp;smart=true&amp;width=350&amp;height=233&amp;quality=85\" media=\"(min-width: 80px)\"\/><img alt=\"Egipto anunci\u00f3 un acuerdo de\" class=\"global-image\" decoding=\"async\" fetchpriority=\"high\" height=\"1280\" loading=\"eager\" src=\"https:\/\/www.infobae.com\/resizer\/v2\/4UYSDSFKCBESFGFBIJ5ZXKV26M.jpg?auth=10de73bf7f6e6797714b5838a7cd413b83c66cb68dbab0f829c8e500162bbdda&amp;smart=true&amp;width=350&amp;height=233&amp;quality=85\" width=\"1920\"\/><\/picture><figcaption class=\"article-figcaption-img\">Egipto anunci\u00f3 un acuerdo de todas las partes para la formaci\u00f3n de un comit\u00e9 palestino para la gobernanza de Gaza (Europa Press)<\/figcaption><\/div>\n<p class=\"paragraph\">El <b>gobierno egipcio<\/b> anunci\u00f3 este mi\u00e9rcoles que se logr\u00f3 un \u201c<b>consenso<\/b>\u201d sobre los nombres de los miembros del comit\u00e9 de<b> tecn\u00f3cratas palestinos<\/b> de 15 personas encargado de administrar la <b>Franja de Gaza<\/b>, seg\u00fan el plan del presidente estadounidense <b>Donald Trump<\/b>. <\/p>\n<p class=\"paragraph\">\u201cEsperamos que tras este acuerdo, el comit\u00e9 sea anunciado pronto (&#8230;) y luego desplegado para gestionar la vida cotidiana y los servicios esenciales\u201d, dijo el ministro de Relaciones Exteriores egipcio, <b>Badr Abdelatty<\/b>, tras las negociaciones en El Cairo.<\/p>\n<p class=\"paragraph\">El anunci\u00f3 lleg\u00f3 luego de que el <b>Foro de Familias de Rehenes y Desaparecidos<\/b>, que aglutina a los allegados de la mayor\u00eda de cautivos en Gaza desde octubre de 2023, pidieron que <b>no se avance a la segunda fase del plan de alto el fuego<\/b> en la Franja mientras siga all\u00ed el <b>cuerpo del \u00faltimo cautivo<\/b>, el polic\u00eda <b>Ran Gvili<\/b>.<\/p>\n<p class=\"paragraph\">En un comunicado, las familias citan informaciones seg\u00fan las cuales el presidente estadounidense, <b>Donald Trump<\/b>, se dispone a anunciar el paso a la siguiente fase del alto el fuego, que comportar\u00eda la formaci\u00f3n de un <b>gobierno de transici\u00f3n sin Hamas<\/b>, la <b>retirada de las tropas israel\u00edes<\/b> y el <b>desarme del grupo islamista<\/b>.<\/p>\n<div class=\"visual__image\"><picture><source srcset=\"https:\/\/www.infobae.com\/resizer\/v2\/AXQISNVZVZG47FS2BQEW75GVEQ.JPG?auth=325d8d35437f8f05efe4fe13f0c97a06d72b53ac56094d9d88d61ec6d1a8b87c&amp;smart=true&amp;width=992&amp;height=661&amp;quality=85\" media=\"(min-width: 1000px)\"\/><source srcset=\"https:\/\/www.infobae.com\/resizer\/v2\/AXQISNVZVZG47FS2BQEW75GVEQ.JPG?auth=325d8d35437f8f05efe4fe13f0c97a06d72b53ac56094d9d88d61ec6d1a8b87c&amp;smart=true&amp;width=768&amp;height=512&amp;quality=85\" media=\"(min-width: 768px)\"\/><source srcset=\"https:\/\/www.infobae.com\/resizer\/v2\/AXQISNVZVZG47FS2BQEW75GVEQ.JPG?auth=325d8d35437f8f05efe4fe13f0c97a06d72b53ac56094d9d88d61ec6d1a8b87c&amp;smart=true&amp;width=577&amp;height=385&amp;quality=85\" media=\"(min-width: 580px)\"\/><source srcset=\"https:\/\/www.infobae.com\/resizer\/v2\/AXQISNVZVZG47FS2BQEW75GVEQ.JPG?auth=325d8d35437f8f05efe4fe13f0c97a06d72b53ac56094d9d88d61ec6d1a8b87c&amp;smart=true&amp;width=420&amp;height=280&amp;quality=85\" media=\"(min-width: 350px)\"\/><source srcset=\"https:\/\/www.infobae.com\/resizer\/v2\/AXQISNVZVZG47FS2BQEW75GVEQ.JPG?auth=325d8d35437f8f05efe4fe13f0c97a06d72b53ac56094d9d88d61ec6d1a8b87c&amp;smart=true&amp;width=350&amp;height=233&amp;quality=85\" media=\"(min-width: 80px)\"\/><img alt=\"Palestinos desplazados en Gaza (REUTERS\/Dawoud\" class=\"global-image\" decoding=\"async\" fetchpriority=\"low\" height=\"3667\" loading=\"lazy\" src=\"https:\/\/www.infobae.com\/resizer\/v2\/AXQISNVZVZG47FS2BQEW75GVEQ.JPG?auth=325d8d35437f8f05efe4fe13f0c97a06d72b53ac56094d9d88d61ec6d1a8b87c&amp;smart=true&amp;width=350&amp;height=233&amp;quality=85\" width=\"5500\"\/><\/picture><figcaption class=\"article-figcaption-img\">Palestinos desplazados en Gaza (REUTERS\/Dawoud Abu Alkas)<\/figcaption><\/div>\n<p class=\"paragraph\">En un comunicado, el Foro de Familias inst\u00f3 al primer ministro israel\u00ed, <b>Benjam\u00edn Netanyahu<\/b>, a no proceder a la fase dos \u201chasta que Ran sea devuelto a casa\u201d.<\/p>\n<p class=\"paragraph\">\u201c<b>Avanzar a la fase dos ahora, mientras no se hayan agotado los esfuerzos para asegurar el regreso de Ran, podr\u00eda condenar a Ran a la desaparici\u00f3n permanente<\/b>\u201d, dice la nota, que insiste en que hasta que su cuerpo no sea devuelto \u201cIsrael no podr\u00e1 cerrar su herida m\u00e1s profunda ni iniciar el proceso de recuperaci\u00f3n que tanto necesita\u201d.<\/p>\n<p class=\"paragraph\">El alto el fuego en vigor desde el 10 de octubre entre Hamas e Israel se encuentra a\u00fan en su <b>primera fase<\/b>, que comprende la liberaci\u00f3n de los 48 rehenes vivos y muertos en Gaza, a falta de que se entregue el cuerpo del \u00faltimo de estos cautivos, pero las conversaciones para la segunda est\u00e1n en marcha desde hace semanas.<\/p>\n<p class=\"paragraph\">Hamas ha denunciado la dificultad de hallar los restos del polic\u00eda israel\u00ed alegando las monta\u00f1as de escombros que asolan la Franja y la escasez de maquinaria para ello.<\/p>\n<\/div>\n<p><script defer=\"\">try{!function(f,b,e,v,n,t,s) {if(f.fbq)return;n=f.fbq=function(){n.callMethod? n.callMethod.apply(n,arguments):n.queue.push(arguments)}; if(!f._fbq)f._fbq=n;n.push=n;n.loaded=!0;n.version='2.0'; n.queue=[];t=b.createElement(e);t.async=!0; t.src=v;s=b.getElementsByTagName(e)[0]; s.parentNode.insertBefore(t,s)}(window, document,'script', ' fbq('init', '336383993555320'); fbq('track', 'PageView'); fbq('track', 'ViewContent');}catch(error){console.log(\"Error al inicializar facebookPixelRawCodeScript:\",error);}<\/script><\/p>\n","protected":false},"excerpt":{"rendered":"<p>Egipto anunci\u00f3 un acuerdo de todas las partes para la formaci\u00f3n de un comit\u00e9 palestino para la gobernanza de Gaza (Europa Press) El gobierno egipcio anunci\u00f3 este mi\u00e9rcoles que se logr\u00f3 un \u201cconsenso\u201d sobre los nombres de los miembros del comit\u00e9 de tecn\u00f3cratas palestinos de 15 personas encargado de administrar la Franja de Gaza, seg\u00fan [&hellip;]<\/p>\n","protected":false},"author":2,"featured_media":71879,"comment_status":"","ping_status":"","sticky":false,"template":"","format":"standard","meta":{"footnotes":""},"categories":[3],"tags":[],"_links":{"self":[{"href":"https:\/\/maxradio923.com.ar\/index.php\/wp-json\/wp\/v2\/posts\/71878"}],"collection":[{"href":"https:\/\/maxradio923.com.ar\/index.php\/wp-json\/wp\/v2\/posts"}],"about":[{"href":"https:\/\/maxradio923.com.ar\/index.php\/wp-json\/wp\/v2\/types\/post"}],"author":[{"embeddable":true,"href":"https:\/\/maxradio923.com.ar\/index.php\/wp-json\/wp\/v2\/users\/2"}],"replies":[{"embeddable":true,"href":"https:\/\/maxradio923.com.ar\/index.php\/wp-json\/wp\/v2\/comments?post=71878"}],"version-history":[{"count":0,"href":"https:\/\/maxradio923.com.ar\/index.php\/wp-json\/wp\/v2\/posts\/71878\/revisions"}],"wp:featuredmedia":[{"embeddable":true,"href":"https:\/\/maxradio923.com.ar\/index.php\/wp-json\/wp\/v2\/media\/71879"}],"wp:attachment":[{"href":"https:\/\/maxradio923.com.ar\/index.php\/wp-json\/wp\/v2\/media?parent=71878"}],"wp:term":[{"taxonomy":"category","embeddable":true,"href":"https:\/\/maxradio923.com.ar\/index.php\/wp-json\/wp\/v2\/categories?post=71878"},{"taxonomy":"post_tag","embeddable":true,"href":"https:\/\/maxradio923.com.ar\/index.php\/wp-json\/wp\/v2\/tags?post=71878"}],"curies":[{"name":"wp","href":"https:\/\/api.w.org\/{rel}","templated":true}]}}