{"id":71876,"date":"2026-01-14T13:43:05","date_gmt":"2026-01-14T16:43:05","guid":{"rendered":"https:\/\/maxradio923.com.ar\/index.php\/2026\/01\/14\/escalofriante-caida-en-el-rally-dakar-salio-despedido-de-su-moto-sufrio-una-grave-lesion-y-debio-ser-trasladado-en-helicoptero-en-un-dia-accidentado\/"},"modified":"2026-01-14T13:43:05","modified_gmt":"2026-01-14T16:43:05","slug":"escalofriante-caida-en-el-rally-dakar-salio-despedido-de-su-moto-sufrio-una-grave-lesion-y-debio-ser-trasladado-en-helicoptero-en-un-dia-accidentado","status":"publish","type":"post","link":"https:\/\/maxradio923.com.ar\/index.php\/2026\/01\/14\/escalofriante-caida-en-el-rally-dakar-salio-despedido-de-su-moto-sufrio-una-grave-lesion-y-debio-ser-trasladado-en-helicoptero-en-un-dia-accidentado\/","title":{"rendered":"Escalofriante ca\u00edda en el Rally Dakar: sali\u00f3 despedido de su moto, sufri\u00f3 una grave lesi\u00f3n y debi\u00f3 ser trasladado en helic\u00f3ptero en un d\u00eda accidentado"},"content":{"rendered":"<p><\/p>\n<div xmlns:default=\"http:\/\/www.w3.org\/2000\/svg\">\n<div class=\"jwplayer-ctn\"><figcaption class=\"jwplayer-figcaption\">Arnau Lled\u00f3 se lesion\u00f3 el tobillo tras una ca\u00edda brutal y abandon\u00f3 el Rally Dakar<\/figcaption><\/div>\n<p class=\"paragraph\"><i>(Enviado especial a Arabia Saudita)<\/i> El <b>Rally Dakar<\/b> tuvo un punto de inflexi\u00f3n en la etapa 10 con un brutal accidente que modific\u00f3 por completo el panorama de la pelea por el t\u00edtulo 2026 en motociclismo, que ahora tendr\u00e1 un mano a mano entre el argentino <b>Luciano Benavides<\/b> y el actual l\u00edder, el norteamericano <b>Ricky Brabec<\/b> en la recta final. El escenario se decant\u00f3 en esta puja entre dos corredores tras una dolorosa ca\u00edda de <b>Daniel Sanders<\/b>, quien era l\u00edder hasta esta jornada y sufri\u00f3 una lesi\u00f3n.<\/p>\n<p class=\"paragraph\">Aunque si de accidentes espeluznantes hablamos hay que puntualizar en primera instancia en la figura del espa\u00f1ol <b>Arnau Lled\u00f3<\/b>. La cuenta oficial del Dakar difundi\u00f3 el video que gener\u00f3 enorme preocupaci\u00f3n: el n\u00famero 78\u00b0 <b>sali\u00f3 despedido de su veh\u00edculo<\/b> tras tomar mal una duna, cay\u00f3 y qued\u00f3 tendido en el suelo. Fue asistido inicialmente por su compatriota Edgar Canet \u2013quien hab\u00eda protagonizado una curiosa imagen manejando sin rueda d\u00edas atr\u00e1s\u2013 y luego fue atendido por los m\u00e9dicos, quienes decidieron evacuarlo en el helic\u00f3ptero de la competencia tras inmovilizar su pierna izquierda. El piloto y navegante <b>David Castera<\/b>, actual director del Rally Dakar, fue uno de los que ayud\u00f3 a trasladarlo en el lugar. <\/p>\n<p class=\"paragraph\">\u201cLled\u00f3 Arnau abandon\u00f3 la especial y fue trasladado en helic\u00f3ptero para recibir tratamiento en su <b>tobillo izquierdo<\/b>\u201d, informaron. \u201cUna fuerte ca\u00edda. <b>Un tobillo roto<\/b>. Pero una verdadera mentalidad guerrera. Toda la Familia Dakar te desea una pronta recuperaci\u00f3n\u201d, explicaron en otro de los posteos con los videos de lo ocurrido.<\/p>\n<p class=\"paragraph\">El debutante Arnau, de 23 a\u00f1os, hab\u00eda arribado a la 10\u00aa etapa ubicado en la 19\u00aa colocaci\u00f3n con Pedreg\u00e1 Team a 5 horas, 12 minutos y 23 segundos del l\u00edder en ese momento, Sanders. En el inicio de los 420 kil\u00f3metros a recorrer pautados para este mi\u00e9rcoles, el espa\u00f1ol qued\u00f3 envuelto en uno de los accidentes m\u00e1s brutales de la actual edici\u00f3n del exigente Rally Dakar.<\/p>\n<p class=\"paragraph\">Si bien no hay oficializaci\u00f3n, <b>Infobae <\/b>pudo saber que lo del espa\u00f1ol ser\u00eda una<b> lesi\u00f3n en el hueso del tal\u00f3n izquierdo<\/b> aunque ya est\u00e1 en viaje a <b>Barcelona<\/b>, donde ser\u00eda atendido en las pr\u00f3ximas horas para evaluar si debe ser operado m\u00e1s all\u00e1 de que <b>est\u00e1 fuera de peligro<\/b>. Arnau fue <b>rescatado en el helic\u00f3ptero y fue trasladado inmediatamente al aeropuerto de Bisha<\/b>, ciudad donde se llev\u00f3 a cabo esta etapa. De all\u00ed viaj\u00f3 a <b>Riad<\/b>, donde se subi\u00f3 a un avi\u00f3n para regresar a su <b>pa\u00eds<\/b>. La lesi\u00f3n \u2013se tratar\u00eda de una fractura\u2013 se habr\u00eda producido porque golpe\u00f3 el tal\u00f3n contra el piso tras la brutal ca\u00edda que captaron las c\u00e1maras del Rally Dakar. El diario catal\u00e1n <i>Mundo Deportivo<\/i> detall\u00f3 que la ca\u00edda ocurri\u00f3 <b>650 metros despu\u00e9s de la salida<\/b> de meta.<\/p>\n<p><soccer-worldcup2026-cta-predict\/><link rel=\"stylesheet\" crossorigin=\"true\" href=\"https:\/\/storage.googleapis.com\/arc-buckets\/web-components\/soccer\/ctas\/predict.css\"\/>\n<div class=\"visual__image\"><picture><source srcset=\"https:\/\/www.infobae.com\/resizer\/v2\/6JFDRMGHBVFGFN6KVKK5NIMGHU.jpg?auth=0dcf7b6d51d0bf4cdb66bec9656a2c9b52bd5269c9fd8275af2e1ee26379f8d6&amp;smart=true&amp;width=992&amp;height=1240&amp;quality=85\" media=\"(min-width: 1000px)\"\/><source srcset=\"https:\/\/www.infobae.com\/resizer\/v2\/6JFDRMGHBVFGFN6KVKK5NIMGHU.jpg?auth=0dcf7b6d51d0bf4cdb66bec9656a2c9b52bd5269c9fd8275af2e1ee26379f8d6&amp;smart=true&amp;width=768&amp;height=960&amp;quality=85\" media=\"(min-width: 768px)\"\/><source srcset=\"https:\/\/www.infobae.com\/resizer\/v2\/6JFDRMGHBVFGFN6KVKK5NIMGHU.jpg?auth=0dcf7b6d51d0bf4cdb66bec9656a2c9b52bd5269c9fd8275af2e1ee26379f8d6&amp;smart=true&amp;width=577&amp;height=721&amp;quality=85\" media=\"(min-width: 580px)\"\/><source srcset=\"https:\/\/www.infobae.com\/resizer\/v2\/6JFDRMGHBVFGFN6KVKK5NIMGHU.jpg?auth=0dcf7b6d51d0bf4cdb66bec9656a2c9b52bd5269c9fd8275af2e1ee26379f8d6&amp;smart=true&amp;width=420&amp;height=525&amp;quality=85\" media=\"(min-width: 350px)\"\/><source srcset=\"https:\/\/www.infobae.com\/resizer\/v2\/6JFDRMGHBVFGFN6KVKK5NIMGHU.jpg?auth=0dcf7b6d51d0bf4cdb66bec9656a2c9b52bd5269c9fd8275af2e1ee26379f8d6&amp;smart=true&amp;width=350&amp;height=438&amp;quality=85\" media=\"(min-width: 80px)\"\/><img alt=\"Arnau Lled\u00f3 fue asistido por\" class=\"global-image\" decoding=\"async\" fetchpriority=\"low\" height=\"2048\" loading=\"lazy\" src=\"https:\/\/www.infobae.com\/resizer\/v2\/6JFDRMGHBVFGFN6KVKK5NIMGHU.jpg?auth=0dcf7b6d51d0bf4cdb66bec9656a2c9b52bd5269c9fd8275af2e1ee26379f8d6&amp;smart=true&amp;width=350&amp;height=438&amp;quality=85\" width=\"1638\"\/><\/picture><figcaption class=\"article-figcaption-img\">Arnau Lled\u00f3 fue asistido por David Castera (de buzo gris), director del Rally Dakar<\/figcaption><\/div>\n<p class=\"paragraph\">\u201cArnau Lled\u00f3 ha sufrido una ca\u00edda en los primeros kil\u00f3metros de Etapa y debe abandonar el Dakar 2026. El piloto se encuentra bien, aunque ha sufrido lesiones en la pierna.<b> En las pr\u00f3ximas horas se le realizar\u00e1n las pruebas m\u00e9dicas necesarias para obtener un diagn\u00f3stico concreto y valorar los siguientes pasos<\/b>. Hasta el momento del abandono, Arnau estaba firmando un gran Dakar, demostrando regularidad, velocidad e inteligencia sobre la moto, gestionando cada etapa con madurez y determinaci\u00f3n. Le deseamos una pronta y completa recuperaci\u00f3n. Estamos seguros de que volver\u00e1 m\u00e1s fuerte\u201d, inform\u00f3 su equipo.<\/p>\n<p class=\"paragraph\">Las motocicletas en el Dakar <b>pueden alcanzar hasta los 160 kil\u00f3metros por hora<\/b>, teniendo en cuenta que est\u00e1n limitadas por reglamento. Esta categor\u00eda es considerada la m\u00e1s peligrosa del certamen y un doloroso dato respalda esta apreciaci\u00f3n, ya que han muerto 24 corredores de esta divisional entre 1979 y 2025.<\/p>\n<p class=\"paragraph\">Arnau carga con una de las tantas historias de superaci\u00f3n en esta cita: <b>trabaj\u00f3 dos a\u00f1os como alba\u00f1il ayudando a su padre<\/b> y logr\u00f3 llegar al Dakar para buscar una actuaci\u00f3n que le permitiera dar el salto definitivo al deporte profesional. \u201cEn febrero de 2025 decid\u00ed dedicarme \u00fanicamente a la moto. Pese a ello, he ido a ayudar a mi padre alg\u00fan d\u00eda, pero el 80% de mi tiempo lo he centrado en mi sue\u00f1o. Espero que despu\u00e9s de este Dakar me salgan cosas. <b>Si no es as\u00ed, volver\u00e9 a trabajar con mi padre, y yo encantado, pero me gustar\u00eda much\u00edsimo que saliera bien y poder seguir muchos a\u00f1os m\u00e1s<\/b>. Creo que he llegado al Dakar para quedarme y creo que vamos por buen camino\u201d, le hab\u00eda contado al diario catal\u00e1n <i>Mundo Deportivo <\/i>antes del inicio de la cita en Arabia Saudita.<\/p>\n<div class=\"jwplayer-ctn\"><figcaption class=\"jwplayer-figcaption\">Daniel Sanders cay\u00f3, sufri\u00f3 una lesi\u00f3n y qued\u00f3 lejos de la pelea por el t\u00edtulo<\/figcaption><\/div>\n<p class=\"paragraph\">El otro accidente que marc\u00f3 la competencia tuvo a la figura de <b>Sanders <\/b>en el centro de la escena. El australiano desembarc\u00f3 a la <b>10\u00aa fase como puntero del certamen<\/b> de motocicletas con su KTM, aventajando por<b> 6 minutos y 24 segundos<\/b> al escolta <b>Ricky Brabec<\/b>, y por <b>7 minutos y 5 segundos<\/b> al argentino <b>Benavides<\/b>, por entonces tercero.<\/p>\n<p class=\"paragraph\">El australiano de 31 a\u00f1os, que registra participaciones en el Dakar desde 2019 y viene de ser el campe\u00f3n de la \u00faltima edici\u00f3n, sufri\u00f3 una <b>dura ca\u00edda que lo afect\u00f3 en la zona del hombro<\/b>. El video que difundi\u00f3 la cuenta oficial del Rally muestra una imagen que resumen el esp\u00edritu del evento: <b>Brabec, su principal competidor, fue quien se detuvo para asistirlo<\/b>. Luego le devolvieron 1 minuto y 37 segundos por esa detenci\u00f3n para ayudar a su colega.<\/p>\n<p class=\"paragraph\">Si bien el franc\u00e9s <b>Adrien Van Beveren<\/b> fue el ganador, Sanders logr\u00f3 cruzar la meta de la etapa 10 en el <b>16\u00b0 lugar a 27 minutos y 50 segundos del l\u00edder<\/b>. Eso empuj\u00f3 al australiano hasta la <b>cuarta posici\u00f3n de la General, a 17 minutos y 37 segundos<\/b> del flamante puntero Brabec.<\/p>\n<p class=\"paragraph\">Al terminar el d\u00eda, el australiano dej\u00f3 un relato estremecedor que grafica los esfuerzos de los deportistas en el Dakar: \u201c<b>Por desgracia, creo que me he roto varios huesos, la clav\u00edcula y el estern\u00f3n otra vez<\/b>. Ha sido muy duro. No puedo levantar el brazo as\u00ed que <b>me agarro al manillar y noto como el hueso se me clava en la piel, no es agradable<\/b>. S\u00ed, duele mucho, pero te hace m\u00e1s fuerte\u201d, seg\u00fan replic\u00f3 <i>Marca<\/i>.<\/p>\n<p class=\"paragraph\"><b>\u201cUna l\u00e1stima lo que pas\u00f3 con Daniel, que se comi\u00f3 una duna que yo tambi\u00e9n me la com\u00ed, pero por suerte no me ca\u00ed en esa. No s\u00e9 si se habr\u00e1 roto la clav\u00edcula o algo\u201d<\/b>, relat\u00f3 el argentino Benavides a este medio sobre lo sucedido con su compa\u00f1ero de la escuder\u00eda Red Bull KTM.<\/p>\n<p class=\"paragraph\">Seg\u00fan pudo saber <b>Infobae<\/b>, el australiano tiene la <b>decisi\u00f3n de continuar en carrera a pesar de los dolores que acus\u00f3 en la zona de la clav\u00edcula<\/b>. No se le realizaron estudios por el momento, por lo que no se pudo confirmar cu\u00e1l es el diagn\u00f3stico de su lesi\u00f3n y, si no se modifica el panorama, intentar\u00e1 cerrar su participaci\u00f3n a pesar de que el dolor le pondr\u00e1 mayores complicaciones para hacer una actuaci\u00f3n competitiva.<\/p>\n<p class=\"paragraph\">\u201cAhora lo importante es terminar y sobrevivir al Dakar. Por desgracia, he defraudado al equipo y a m\u00ed mismo. Vamos a evaluar las cosas con el equipo y si m\u00e9dicamente es seguro continuar, a m\u00ed me gustar\u00eda terminar la prueba\u201d, reconoci\u00f3.<\/p>\n<p class=\"paragraph\">Ricky, con su Honda, qued\u00f3 segundo a 3 minutos y 49 segundos del due\u00f1o de la jornada Van Beveren. Benavides lleg\u00f3 tercero a 4 minutos y 4 segundos de la cima. En ese contexto, con tres etapas por delante, <b>Brabec es puntero con 56 segundos de diferencia sobre el argentino<\/b>.<\/p>\n<\/div>\n<p><script defer=\"\">try{!function(f,b,e,v,n,t,s) {if(f.fbq)return;n=f.fbq=function(){n.callMethod? n.callMethod.apply(n,arguments):n.queue.push(arguments)}; if(!f._fbq)f._fbq=n;n.push=n;n.loaded=!0;n.version='2.0'; n.queue=[];t=b.createElement(e);t.async=!0; t.src=v;s=b.getElementsByTagName(e)[0]; s.parentNode.insertBefore(t,s)}(window, document,'script', ' fbq('init', '336383993555320'); fbq('track', 'PageView'); fbq('track', 'ViewContent');}catch(error){console.log(\"Error al inicializar facebookPixelRawCodeScript:\",error);}<\/script><\/p>\n","protected":false},"excerpt":{"rendered":"<p>Arnau Lled\u00f3 se lesion\u00f3 el tobillo tras una ca\u00edda brutal y abandon\u00f3 el Rally Dakar (Enviado especial a Arabia Saudita) El Rally Dakar tuvo un punto de inflexi\u00f3n en la etapa 10 con un brutal accidente que modific\u00f3 por completo el panorama de la pelea por el t\u00edtulo 2026 en motociclismo, que ahora tendr\u00e1 un [&hellip;]<\/p>\n","protected":false},"author":2,"featured_media":71877,"comment_status":"","ping_status":"","sticky":false,"template":"","format":"standard","meta":{"footnotes":""},"categories":[2],"tags":[],"_links":{"self":[{"href":"https:\/\/maxradio923.com.ar\/index.php\/wp-json\/wp\/v2\/posts\/71876"}],"collection":[{"href":"https:\/\/maxradio923.com.ar\/index.php\/wp-json\/wp\/v2\/posts"}],"about":[{"href":"https:\/\/maxradio923.com.ar\/index.php\/wp-json\/wp\/v2\/types\/post"}],"author":[{"embeddable":true,"href":"https:\/\/maxradio923.com.ar\/index.php\/wp-json\/wp\/v2\/users\/2"}],"replies":[{"embeddable":true,"href":"https:\/\/maxradio923.com.ar\/index.php\/wp-json\/wp\/v2\/comments?post=71876"}],"version-history":[{"count":0,"href":"https:\/\/maxradio923.com.ar\/index.php\/wp-json\/wp\/v2\/posts\/71876\/revisions"}],"wp:featuredmedia":[{"embeddable":true,"href":"https:\/\/maxradio923.com.ar\/index.php\/wp-json\/wp\/v2\/media\/71877"}],"wp:attachment":[{"href":"https:\/\/maxradio923.com.ar\/index.php\/wp-json\/wp\/v2\/media?parent=71876"}],"wp:term":[{"taxonomy":"category","embeddable":true,"href":"https:\/\/maxradio923.com.ar\/index.php\/wp-json\/wp\/v2\/categories?post=71876"},{"taxonomy":"post_tag","embeddable":true,"href":"https:\/\/maxradio923.com.ar\/index.php\/wp-json\/wp\/v2\/tags?post=71876"}],"curies":[{"name":"wp","href":"https:\/\/api.w.org\/{rel}","templated":true}]}}