{"id":71872,"date":"2026-01-14T13:25:09","date_gmt":"2026-01-14T16:25:09","guid":{"rendered":"https:\/\/maxradio923.com.ar\/index.php\/2026\/01\/14\/camioneros-de-corrientes-en-desafio-a-la-justicia-un-aliado-de-moyano-se-proclamo-ganador-en-elecciones-suspendidas\/"},"modified":"2026-01-14T13:25:09","modified_gmt":"2026-01-14T16:25:09","slug":"camioneros-de-corrientes-en-desafio-a-la-justicia-un-aliado-de-moyano-se-proclamo-ganador-en-elecciones-suspendidas","status":"publish","type":"post","link":"https:\/\/maxradio923.com.ar\/index.php\/2026\/01\/14\/camioneros-de-corrientes-en-desafio-a-la-justicia-un-aliado-de-moyano-se-proclamo-ganador-en-elecciones-suspendidas\/","title":{"rendered":"Camioneros de Corrientes: en desaf\u00edo a la Justicia, un aliado de Moyano se proclam\u00f3 ganador en elecciones suspendidas"},"content":{"rendered":"<p><\/p>\n<h2 class=\"article-subheadline text_align_left\">Angel D\u00edaz realiz\u00f3 los comicios provinciales en el gremio pese al fallo judicial que los hab\u00eda frenado por haber proscripto a la lista opositora. Hizo lo mismo con una sentencia que orden\u00f3 la reinstalaci\u00f3n del titular del sindicato<\/h2>\n<p><\/p>\n<p class=\"paragraph\">En abierto desaf\u00edo a la Justicia, el <b>Sindicato de Camioneros de Corrientes<\/b> realiz\u00f3 las elecciones de autoridades <b>sin la participaci\u00f3n de la lista opositora<\/b> y dio como ganador a <b>\u00c1ngel \u201cWallas\u201d D\u00edaz,<\/b> su titular interino y aliado provincial de <b>Hugo Moyano.<\/b><\/p>\n<p><\/p>\n<p class=\"paragraph\">Ahora, los abogados de la n\u00f3mina opositora <b>impugnaron <\/b>la elecci\u00f3n que se hizo igual pese a la suspensi\u00f3n judicial y se abri\u00f3 as\u00ed una<b> instancia compleja<\/b> para la pretensi\u00f3n de D\u00edaz de quedarse al frente del gremio hasta 2029.<\/p>\n<p><\/p>\n<p class=\"paragraph\">Esta suspensi\u00f3n de los comicios se sum\u00f3 a otras dispuestas por la Justicia en <b>Santa Fe <\/b>y en <b>San Luis, <\/b>donde tambi\u00e9n los fallos hicieron lugar a reclamos de opositores a dirigentes moyanistas que denunciaron <b>impedimentos ilegales para competir.<\/b><\/p>\n<p><\/p>\n<p class=\"paragraph\">En realidad, D\u00edaz tambi\u00e9n hab\u00eda<b> incumplido otra sentencia judicial<\/b> cuando el 3 de octubre pasado <b>se neg\u00f3 a reinstalar<\/b> en su cargo al titular del Sindicato de Camioneros de Corrientes, <b>Emilio Rotela,<\/b> como orden\u00f3 el Juzgado Federal de Primera Instancia de Corrientes al considerar que su apartamiento obedeci\u00f3 a decisiones <b>\u201cmanifiestamente arbitrarias e ileg\u00edtimas\u201d.<\/b><\/p>\n<p><\/p>\n<p class=\"paragraph\">A mediados de mayo de 2025, Rotela fue <b>desplazado <\/b>de la jefatura del sindicato por <b>D\u00edaz y <\/b>por el secretario Gremial, <b>Mario Alberto Blanco, <\/b>luego de que aquel los involucr\u00f3 en una denuncia ante la Justicia por <b>malversaci\u00f3n de fondos<\/b> de la organizaci\u00f3n.<\/p>\n<p><\/p>\n<p class=\"paragraph\">\u201cWallas\u201d D\u00edaz no s\u00f3lo <b>no hizo efectiva la reinstalaci\u00f3n de Rotela<\/b> sino que <b>fij\u00f3 unilateralmente la fecha de los comicios<\/b> <b>sindicales <\/b>para el 11 de enero, e incluso avanz\u00f3 en la designaci\u00f3n de la junta electoral <b>sin notificar ni permitir la participaci\u00f3n de la lista opositora.<\/b><\/p>\n","protected":false},"excerpt":{"rendered":"<p>Angel D\u00edaz realiz\u00f3 los comicios provinciales en el gremio pese al fallo judicial que los hab\u00eda frenado por haber proscripto a la lista opositora. Hizo lo mismo con una sentencia que orden\u00f3 la reinstalaci\u00f3n del titular del sindicato En abierto desaf\u00edo a la Justicia, el Sindicato de Camioneros de Corrientes realiz\u00f3 las elecciones de autoridades [&hellip;]<\/p>\n","protected":false},"author":2,"featured_media":71873,"comment_status":"","ping_status":"","sticky":false,"template":"","format":"standard","meta":{"footnotes":""},"categories":[12],"tags":[],"_links":{"self":[{"href":"https:\/\/maxradio923.com.ar\/index.php\/wp-json\/wp\/v2\/posts\/71872"}],"collection":[{"href":"https:\/\/maxradio923.com.ar\/index.php\/wp-json\/wp\/v2\/posts"}],"about":[{"href":"https:\/\/maxradio923.com.ar\/index.php\/wp-json\/wp\/v2\/types\/post"}],"author":[{"embeddable":true,"href":"https:\/\/maxradio923.com.ar\/index.php\/wp-json\/wp\/v2\/users\/2"}],"replies":[{"embeddable":true,"href":"https:\/\/maxradio923.com.ar\/index.php\/wp-json\/wp\/v2\/comments?post=71872"}],"version-history":[{"count":0,"href":"https:\/\/maxradio923.com.ar\/index.php\/wp-json\/wp\/v2\/posts\/71872\/revisions"}],"wp:featuredmedia":[{"embeddable":true,"href":"https:\/\/maxradio923.com.ar\/index.php\/wp-json\/wp\/v2\/media\/71873"}],"wp:attachment":[{"href":"https:\/\/maxradio923.com.ar\/index.php\/wp-json\/wp\/v2\/media?parent=71872"}],"wp:term":[{"taxonomy":"category","embeddable":true,"href":"https:\/\/maxradio923.com.ar\/index.php\/wp-json\/wp\/v2\/categories?post=71872"},{"taxonomy":"post_tag","embeddable":true,"href":"https:\/\/maxradio923.com.ar\/index.php\/wp-json\/wp\/v2\/tags?post=71872"}],"curies":[{"name":"wp","href":"https:\/\/api.w.org\/{rel}","templated":true}]}}