{"id":71864,"date":"2026-01-14T13:00:03","date_gmt":"2026-01-14T16:00:03","guid":{"rendered":"https:\/\/maxradio923.com.ar\/index.php\/2026\/01\/14\/una-estrella-del-real-madrid-estallo-tras-la-destitucion-de-xabi-alonso-no-crean-todo-lo-que-leen\/"},"modified":"2026-01-14T13:00:03","modified_gmt":"2026-01-14T16:00:03","slug":"una-estrella-del-real-madrid-estallo-tras-la-destitucion-de-xabi-alonso-no-crean-todo-lo-que-leen","status":"publish","type":"post","link":"https:\/\/maxradio923.com.ar\/index.php\/2026\/01\/14\/una-estrella-del-real-madrid-estallo-tras-la-destitucion-de-xabi-alonso-no-crean-todo-lo-que-leen\/","title":{"rendered":"Una estrella del Real Madrid estall\u00f3 tras la destituci\u00f3n de Xabi Alonso: \u201cNo crean todo lo que leen\u201d"},"content":{"rendered":"<p><\/p>\n<div xmlns:default=\"http:\/\/www.w3.org\/2000\/svg\">\n<div class=\"visual__image image-initial-width\"><picture><source srcset=\"https:\/\/www.infobae.com\/resizer\/v2\/MMNV6MJGNNCWZFYUER4YB47XLI.jpg?auth=decbfbae23de2c847325d8606dc6189642ff54bb7c582d68a5e5c3c9ac3514b0&amp;smart=true&amp;width=992&amp;height=558&amp;quality=85\" media=\"(min-width: 1000px)\"\/><source srcset=\"https:\/\/www.infobae.com\/resizer\/v2\/MMNV6MJGNNCWZFYUER4YB47XLI.jpg?auth=decbfbae23de2c847325d8606dc6189642ff54bb7c582d68a5e5c3c9ac3514b0&amp;smart=true&amp;width=768&amp;height=432&amp;quality=85\" media=\"(min-width: 768px)\"\/><source srcset=\"https:\/\/www.infobae.com\/resizer\/v2\/MMNV6MJGNNCWZFYUER4YB47XLI.jpg?auth=decbfbae23de2c847325d8606dc6189642ff54bb7c582d68a5e5c3c9ac3514b0&amp;smart=true&amp;width=577&amp;height=325&amp;quality=85\" media=\"(min-width: 580px)\"\/><source srcset=\"https:\/\/www.infobae.com\/resizer\/v2\/MMNV6MJGNNCWZFYUER4YB47XLI.jpg?auth=decbfbae23de2c847325d8606dc6189642ff54bb7c582d68a5e5c3c9ac3514b0&amp;smart=true&amp;width=420&amp;height=236&amp;quality=85\" media=\"(min-width: 350px)\"\/><source srcset=\"https:\/\/www.infobae.com\/resizer\/v2\/MMNV6MJGNNCWZFYUER4YB47XLI.jpg?auth=decbfbae23de2c847325d8606dc6189642ff54bb7c582d68a5e5c3c9ac3514b0&amp;smart=true&amp;width=350&amp;height=197&amp;quality=85\" media=\"(min-width: 80px)\"\/><img alt=\"Bellingham se pronunci\u00f3 tras la\" class=\"global-image\" decoding=\"async\" fetchpriority=\"high\" height=\"1080\" loading=\"eager\" src=\"https:\/\/www.infobae.com\/resizer\/v2\/MMNV6MJGNNCWZFYUER4YB47XLI.jpg?auth=decbfbae23de2c847325d8606dc6189642ff54bb7c582d68a5e5c3c9ac3514b0&amp;smart=true&amp;width=350&amp;height=197&amp;quality=85\" width=\"1920\"\/><\/picture><figcaption class=\"article-figcaption-img\">Bellingham se pronunci\u00f3 tras la salida de Xabi Alonso del Real Madrid <\/figcaption><\/div>\n<p class=\"paragraph\">El centrocampista <b>Jude Bellingham <\/b>ha utilizado su canal oficial, la aplicaci\u00f3n <i>JB5<\/i>, para responder de manera directa a los rumores que lo vinculaban con un supuesto conflicto con el \u2013ahora\u2013 ex entrenador del Real Madrid, <b>Xabi Alonso<\/b>. El ingl\u00e9s de 22 a\u00f1os calific\u00f3 de <b>\u201cun mont\u00f3n de mierda\u201d las versiones que lo se\u00f1alaban como responsable <\/b>de una campa\u00f1a interna contra el t\u00e9cnico vasco.<\/p>\n<p class=\"paragraph\">El mensaje publicado por <b>Jude Bellingham<\/b> ha buscado disipar las especulaciones surgidas tras la salida de <b>Xabi Alonso<\/b> del Real Madrid, ocurrida el lunes despu\u00e9s de apenas media temporada al frente del equipo. Diversos medios espa\u00f1oles informaron que la relaci\u00f3n entre parte del plantel y el entrenador se hab\u00eda deteriorado, atribuyendo a figuras como <b>Bellingham<\/b> y <b>Vinicius Junior<\/b> un papel activo en la decisi\u00f3n del club. Frente a este escenario, el jugador ingl\u00e9s decidi\u00f3 pronunciarse p\u00fablicamente para aclarar su postura.<\/p>\n<p class=\"paragraph\">En su comunicado, <b>Bellingham<\/b> expres\u00f3: \u201cHasta ahora he dejado pasar demasiadas de estas cosas, siempre esperando que la verdad saliera a la luz a su debido tiempo. <b>Pero, sinceramente&#8230; qu\u00e9 mont\u00f3n de mierda\u201d.<\/b> A continuaci\u00f3n, manifest\u00f3 su rechazo a la din\u00e1mica de rumores que, seg\u00fan describi\u00f3, afecta el ambiente en el vestuario madridista: \u201cSiento verdadera l\u00e1stima por la gente que se aferra a cada palabra de estos payasos y sus \u2018fuentes\u2019.<b> No crean todo lo que leen<\/b>; de vez en cuando, este grupo de gente necesita rendir cuentas por difundir este tipo de desinformaci\u00f3n da\u00f1ina por clics y para a\u00f1adir controversia\u201d, replicaron el comunicado los medios espa\u00f1oles <i>AS <\/i>y <i>Sport, <\/i>entre otros.<\/p>\n<div class=\"visual__image\"><picture><source srcset=\"https:\/\/www.infobae.com\/resizer\/v2\/FRREJU5RLJGPXLDYVPHHV2U6OQ.JPG?auth=c1b03f8fde2daa145a20c512eb5d3b6bead3998efe55377ce4845c80ac93c634&amp;smart=true&amp;width=992&amp;height=700&amp;quality=85\" media=\"(min-width: 1000px)\"\/><source srcset=\"https:\/\/www.infobae.com\/resizer\/v2\/FRREJU5RLJGPXLDYVPHHV2U6OQ.JPG?auth=c1b03f8fde2daa145a20c512eb5d3b6bead3998efe55377ce4845c80ac93c634&amp;smart=true&amp;width=768&amp;height=542&amp;quality=85\" media=\"(min-width: 768px)\"\/><source srcset=\"https:\/\/www.infobae.com\/resizer\/v2\/FRREJU5RLJGPXLDYVPHHV2U6OQ.JPG?auth=c1b03f8fde2daa145a20c512eb5d3b6bead3998efe55377ce4845c80ac93c634&amp;smart=true&amp;width=577&amp;height=407&amp;quality=85\" media=\"(min-width: 580px)\"\/><source srcset=\"https:\/\/www.infobae.com\/resizer\/v2\/FRREJU5RLJGPXLDYVPHHV2U6OQ.JPG?auth=c1b03f8fde2daa145a20c512eb5d3b6bead3998efe55377ce4845c80ac93c634&amp;smart=true&amp;width=420&amp;height=296&amp;quality=85\" media=\"(min-width: 350px)\"\/><source srcset=\"https:\/\/www.infobae.com\/resizer\/v2\/FRREJU5RLJGPXLDYVPHHV2U6OQ.JPG?auth=c1b03f8fde2daa145a20c512eb5d3b6bead3998efe55377ce4845c80ac93c634&amp;smart=true&amp;width=350&amp;height=247&amp;quality=85\" media=\"(min-width: 80px)\"\/><img alt=\"El t\u00e9cnico abandon\u00f3 el Real\" class=\"global-image\" decoding=\"async\" fetchpriority=\"low\" height=\"2126\" loading=\"lazy\" src=\"https:\/\/www.infobae.com\/resizer\/v2\/FRREJU5RLJGPXLDYVPHHV2U6OQ.JPG?auth=c1b03f8fde2daa145a20c512eb5d3b6bead3998efe55377ce4845c80ac93c634&amp;smart=true&amp;width=350&amp;height=247&amp;quality=85\" width=\"3013\"\/><\/picture><figcaption class=\"article-figcaption-img\">El t\u00e9cnico abandon\u00f3 el Real Madrid tras la \u00faltima derrota ante Barcelona (Reuters)<\/figcaption><\/div>\n<p class=\"paragraph\"><b>Real Madrid<\/b> se encuentra en un momento de transici\u00f3n tras la salida de <b>Xabi Alonso<\/b>, quien solo pudo completar 34 partidos como t\u00e9cnico principal del club. El propio entrenador reconoci\u00f3 a trav\u00e9s de sus redes sociales que<b> la experiencia no tuvo el desenlace esperado.<\/b> En su mensaje de despedida, Alonso agradeci\u00f3 a la instituci\u00f3n, a los jugadores y a la afici\u00f3n por el apoyo recibido: <b>\u201cConcluye esta etapa profesional y no ha salido como nos hubiera gustado. <\/b>Entrenar al Real Madrid ha sido un honor y una responsabilidad. Agradezco al club, a los jugadores y sobre todo a la afici\u00f3n y al madridismo su confianza y apoyo. Me voy con respeto, gratitud y el orgullo de haberlo hecho lo mejor posible\u201d.<\/p>\n<p class=\"paragraph\">La reacci\u00f3n de <b>Bellingham<\/b> coincidi\u00f3 con un clima de tensi\u00f3n alimentado por cr\u00edticas a la actitud de algunos jugadores dentro y fuera del campo, especialmente luego de<b> la reciente derrota en la final de la Supercopa<\/b> de Espa\u00f1a frente al FC Barcelona, que termin\u00f3 3-2 a favor del conjunto catal\u00e1n.<\/p>\n<p><soccer-worldcup2026-cta-predict\/><link rel=\"stylesheet\" crossorigin=\"true\" href=\"https:\/\/storage.googleapis.com\/arc-buckets\/web-components\/soccer\/ctas\/predict.css\"\/>\n<p class=\"paragraph\">En paralelo a su declaraci\u00f3n, Bellingham public\u00f3 en su cuenta oficial de <i>Instagram <\/i><b>dos im\u00e1genes junto a Xabi Alonso<\/b> acompa\u00f1adas de un mensaje de agradecimiento: <b>\u201cGracias, mister, ha sido un placer. <\/b>Todo lo mejor para el futuro\u201d. Esta despedida se sum\u00f3 a las palabras de otros miembros del plantel como <b>\u00c9der Militao<\/b> y <b>Brahim D\u00edaz<\/b>, quienes tambi\u00e9n utilizaron sus redes sociales para enviar mensajes al entrenador cesado.<\/p>\n<div class=\"visual__image\"><picture><source srcset=\"https:\/\/www.infobae.com\/resizer\/v2\/UJEWTZMHRNBD5ACLGTFV65N7L4.jpg?auth=d427ab21cef7eb33a71b4726c193b387d1d516b9d2274fbcc66b4801e6687733&amp;smart=true&amp;width=992&amp;height=1763&amp;quality=85\" media=\"(min-width: 1000px)\"\/><source srcset=\"https:\/\/www.infobae.com\/resizer\/v2\/UJEWTZMHRNBD5ACLGTFV65N7L4.jpg?auth=d427ab21cef7eb33a71b4726c193b387d1d516b9d2274fbcc66b4801e6687733&amp;smart=true&amp;width=768&amp;height=1365&amp;quality=85\" media=\"(min-width: 768px)\"\/><source srcset=\"https:\/\/www.infobae.com\/resizer\/v2\/UJEWTZMHRNBD5ACLGTFV65N7L4.jpg?auth=d427ab21cef7eb33a71b4726c193b387d1d516b9d2274fbcc66b4801e6687733&amp;smart=true&amp;width=577&amp;height=1025&amp;quality=85\" media=\"(min-width: 580px)\"\/><source srcset=\"https:\/\/www.infobae.com\/resizer\/v2\/UJEWTZMHRNBD5ACLGTFV65N7L4.jpg?auth=d427ab21cef7eb33a71b4726c193b387d1d516b9d2274fbcc66b4801e6687733&amp;smart=true&amp;width=420&amp;height=746&amp;quality=85\" media=\"(min-width: 350px)\"\/><source srcset=\"https:\/\/www.infobae.com\/resizer\/v2\/UJEWTZMHRNBD5ACLGTFV65N7L4.jpg?auth=d427ab21cef7eb33a71b4726c193b387d1d516b9d2274fbcc66b4801e6687733&amp;smart=true&amp;width=350&amp;height=622&amp;quality=85\" media=\"(min-width: 80px)\"\/><img alt=\"\" class=\"global-image\" decoding=\"async\" fetchpriority=\"low\" height=\"853\" loading=\"lazy\" src=\"https:\/\/www.infobae.com\/resizer\/v2\/UJEWTZMHRNBD5ACLGTFV65N7L4.jpg?auth=d427ab21cef7eb33a71b4726c193b387d1d516b9d2274fbcc66b4801e6687733&amp;smart=true&amp;width=350&amp;height=622&amp;quality=85\" width=\"480\"\/><\/picture><\/div>\n<p class=\"paragraph\">El futbolista ingl\u00e9s ha disputado<b> 29 partidos<\/b> bajo la direcci\u00f3n del t\u00e9cnico vasco, en los que sum\u00f3<b> seis goles y cinco asistencias<\/b>. La decisi\u00f3n de romper el silencio y pronunciarse p\u00fablicamente ha sido interpretada por los medios como <b>un intento de frenar la escalada de especulaciones<\/b> y proteger su imagen en un entorno marcado por la presi\u00f3n medi\u00e1tica.<\/p>\n<p class=\"paragraph\">Antes del inicio de la Supercopa, Jude habl\u00f3 con la prensa y le preguntaron por el futuro de Xabi Alonso: \u201cEn el vestuario estamos todos unidos, el cuerpo t\u00e9cnico y los jugadores. A veces hay altibajos, pero tenemos que ver d\u00f3nde estamos ahora: en unas semifinales de la Supercopa, a cuatro puntos del l\u00edder en Liga y entre los ocho primeros de la Champions. Ning\u00fan desastre, para m\u00ed. Siendo el Real Madrid se exagera todo cuando las cosas no est\u00e1n del todo bien, pero queremos estar mejor. Esas decisiones se toman muy por encima de m\u00ed\u201d, respondi\u00f3 por entonces seg\u00fan detall\u00f3 <i>Marca<\/i>.<\/p>\n<p class=\"paragraph\">Cabe destacar que <b>Vinicius Junior<\/b>, <b>Trent Alexander-Arnold<\/b>, <b>Ferland Mendy<\/b> y <b>Franco Mastantuono<\/b> son los \u00fanicos de la plantilla principal que, hasta el momento, <b>no han hecho p\u00fablica ninguna despedida al ex entrenador<\/b>. El club, que hab\u00eda apostado por <b>Alonso<\/b> con un contrato de tres temporadas, se enfrenta ahora al reto de recomponer su proyecto deportivo con <b>\u00c1lvaro Arbeloa<\/b> a la cabeza tras una primera vuelta marcada por los altibajos y la presi\u00f3n medi\u00e1tica.<\/p>\n<\/div>\n<p><script defer=\"\">try{!function(f,b,e,v,n,t,s) {if(f.fbq)return;n=f.fbq=function(){n.callMethod? n.callMethod.apply(n,arguments):n.queue.push(arguments)}; if(!f._fbq)f._fbq=n;n.push=n;n.loaded=!0;n.version='2.0'; n.queue=[];t=b.createElement(e);t.async=!0; t.src=v;s=b.getElementsByTagName(e)[0]; s.parentNode.insertBefore(t,s)}(window, document,'script', ' fbq('init', '336383993555320'); fbq('track', 'PageView'); fbq('track', 'ViewContent');}catch(error){console.log(\"Error al inicializar facebookPixelRawCodeScript:\",error);}<\/script><\/p>\n","protected":false},"excerpt":{"rendered":"<p>Bellingham se pronunci\u00f3 tras la salida de Xabi Alonso del Real Madrid El centrocampista Jude Bellingham ha utilizado su canal oficial, la aplicaci\u00f3n JB5, para responder de manera directa a los rumores que lo vinculaban con un supuesto conflicto con el \u2013ahora\u2013 ex entrenador del Real Madrid, Xabi Alonso. El ingl\u00e9s de 22 a\u00f1os calific\u00f3 [&hellip;]<\/p>\n","protected":false},"author":2,"featured_media":71865,"comment_status":"","ping_status":"","sticky":false,"template":"","format":"standard","meta":{"footnotes":""},"categories":[2],"tags":[],"_links":{"self":[{"href":"https:\/\/maxradio923.com.ar\/index.php\/wp-json\/wp\/v2\/posts\/71864"}],"collection":[{"href":"https:\/\/maxradio923.com.ar\/index.php\/wp-json\/wp\/v2\/posts"}],"about":[{"href":"https:\/\/maxradio923.com.ar\/index.php\/wp-json\/wp\/v2\/types\/post"}],"author":[{"embeddable":true,"href":"https:\/\/maxradio923.com.ar\/index.php\/wp-json\/wp\/v2\/users\/2"}],"replies":[{"embeddable":true,"href":"https:\/\/maxradio923.com.ar\/index.php\/wp-json\/wp\/v2\/comments?post=71864"}],"version-history":[{"count":0,"href":"https:\/\/maxradio923.com.ar\/index.php\/wp-json\/wp\/v2\/posts\/71864\/revisions"}],"wp:featuredmedia":[{"embeddable":true,"href":"https:\/\/maxradio923.com.ar\/index.php\/wp-json\/wp\/v2\/media\/71865"}],"wp:attachment":[{"href":"https:\/\/maxradio923.com.ar\/index.php\/wp-json\/wp\/v2\/media?parent=71864"}],"wp:term":[{"taxonomy":"category","embeddable":true,"href":"https:\/\/maxradio923.com.ar\/index.php\/wp-json\/wp\/v2\/categories?post=71864"},{"taxonomy":"post_tag","embeddable":true,"href":"https:\/\/maxradio923.com.ar\/index.php\/wp-json\/wp\/v2\/tags?post=71864"}],"curies":[{"name":"wp","href":"https:\/\/api.w.org\/{rel}","templated":true}]}}