{"id":71850,"date":"2026-01-14T12:15:04","date_gmt":"2026-01-14T15:15:04","guid":{"rendered":"https:\/\/maxradio923.com.ar\/index.php\/2026\/01\/14\/conmocion-por-la-misteriosa-muerte-de-una-estrella-del-deporte-olimpico-no-es-realista-lo-que-paso\/"},"modified":"2026-01-14T12:15:04","modified_gmt":"2026-01-14T15:15:04","slug":"conmocion-por-la-misteriosa-muerte-de-una-estrella-del-deporte-olimpico-no-es-realista-lo-que-paso","status":"publish","type":"post","link":"https:\/\/maxradio923.com.ar\/index.php\/2026\/01\/14\/conmocion-por-la-misteriosa-muerte-de-una-estrella-del-deporte-olimpico-no-es-realista-lo-que-paso\/","title":{"rendered":"Conmoci\u00f3n por la misteriosa muerte de una estrella del deporte ol\u00edmpico: \u201cNo es realista lo que pas\u00f3\u201d"},"content":{"rendered":"<p><\/p>\n<div xmlns:default=\"http:\/\/www.w3.org\/2000\/svg\">\n<div class=\"visual__image image-initial-width\"><picture><source srcset=\"https:\/\/www.infobae.com\/resizer\/v2\/K5S4UL24WJCB3FISSC542TD3CU.jpg?auth=56f32bf8d567cf65fc272cfe5ad8b8c5df138de11a0972b317d36081050e2763&amp;smart=true&amp;width=992&amp;height=558&amp;quality=85\" media=\"(min-width: 1000px)\"\/><source srcset=\"https:\/\/www.infobae.com\/resizer\/v2\/K5S4UL24WJCB3FISSC542TD3CU.jpg?auth=56f32bf8d567cf65fc272cfe5ad8b8c5df138de11a0972b317d36081050e2763&amp;smart=true&amp;width=768&amp;height=432&amp;quality=85\" media=\"(min-width: 768px)\"\/><source srcset=\"https:\/\/www.infobae.com\/resizer\/v2\/K5S4UL24WJCB3FISSC542TD3CU.jpg?auth=56f32bf8d567cf65fc272cfe5ad8b8c5df138de11a0972b317d36081050e2763&amp;smart=true&amp;width=577&amp;height=325&amp;quality=85\" media=\"(min-width: 580px)\"\/><source srcset=\"https:\/\/www.infobae.com\/resizer\/v2\/K5S4UL24WJCB3FISSC542TD3CU.jpg?auth=56f32bf8d567cf65fc272cfe5ad8b8c5df138de11a0972b317d36081050e2763&amp;smart=true&amp;width=420&amp;height=236&amp;quality=85\" media=\"(min-width: 350px)\"\/><source srcset=\"https:\/\/www.infobae.com\/resizer\/v2\/K5S4UL24WJCB3FISSC542TD3CU.jpg?auth=56f32bf8d567cf65fc272cfe5ad8b8c5df138de11a0972b317d36081050e2763&amp;smart=true&amp;width=350&amp;height=197&amp;quality=85\" media=\"(min-width: 80px)\"\/><img alt=\"El ex deportista fue hallado\" class=\"global-image\" decoding=\"async\" fetchpriority=\"high\" height=\"1080\" loading=\"eager\" src=\"https:\/\/www.infobae.com\/resizer\/v2\/K5S4UL24WJCB3FISSC542TD3CU.jpg?auth=56f32bf8d567cf65fc272cfe5ad8b8c5df138de11a0972b317d36081050e2763&amp;smart=true&amp;width=350&amp;height=197&amp;quality=85\" width=\"1920\"\/><\/picture><figcaption class=\"article-figcaption-img\">El ex deportista fue hallado sin vida en su casa <\/figcaption><\/div>\n<p class=\"paragraph\">El mundo deportivo de <b>Hungr\u00eda<\/b> enfrenta conmoci\u00f3n tras conocerse que <b>Mikl\u00f3s Dud\u00e1s<\/b>, ex campe\u00f3n mundial y ol\u00edmpico de kayak, <b>fue hallado sin vida <\/b>en su domicilio de <b>Budapest<\/b> en circunstancias que las autoridades calificaron como misteriosas. La noticia, difundida inicialmente por <i>Blikk<\/i>, se\u00f1al\u00f3 que la muerte del deportista de 34 a\u00f1os<b> permanece rodeada de interrogantes<\/b>, mientras la polic\u00eda local investiga posibles hechos de violencia.<\/p>\n<p class=\"paragraph\">De acuerdo con informaci\u00f3n publicada por el medio h\u00fangaro, <b>Mikl\u00f3s Dud\u00e1s<\/b> fue encontrado muerto el lunes 5 de enero en su apartamento, ubicado en el distrito 18 de la capital h\u00fangara. El acceso a la vivienda, que estaba cerrada, se realiz\u00f3 con la ayuda de un cerrajero. En los primeros informes, <b>la polic\u00eda descart\u00f3 la presencia de indicios delictivos<\/b> en el lugar. Sin embargo, el Departamento de Protecci\u00f3n de la Vida de la Polic\u00eda de <b>Budapest<\/b> orden\u00f3 poco despu\u00e9s una investigaci\u00f3n formal por <b>sospecha de agresi\u00f3n con resultado de muerte.<\/b><\/p>\n<p class=\"paragraph\">El caso tom\u00f3 un giro relevante tras la autopsia. Los forenses detectaron <b>lesiones en el cuerpo del deportista<\/b> que, seg\u00fan los expertos, podr\u00edan constituir la base para una investigaci\u00f3n penal. El doctor G\u00e9za Szeles, especialista consultado por <i>Blikk<\/i>, explic\u00f3 que en una muerte ocurrida en un apartamento cerrado <b>\u201cla naturaleza, ubicaci\u00f3n y n\u00famero de lesiones suelen indicar si se trat\u00f3 de un accidente o de un abuso\u201d<\/b>. Szeles agreg\u00f3 que \u201csi se sospecha de un delito, el curso de la autopsia cambia y se suman m\u00e1s peritos al proceso\u201d.<\/p>\n<div class=\"visual__image\"><picture><source srcset=\"https:\/\/www.infobae.com\/resizer\/v2\/JVTHXH3INZA2FL52JZGOT34JZM.jpg?auth=0e369083418d7ee98c42146ffa3b1ba67a09d8806e11c398f57bc54ac9f6a06a&amp;smart=true&amp;width=992&amp;height=643&amp;quality=85\" media=\"(min-width: 1000px)\"\/><source srcset=\"https:\/\/www.infobae.com\/resizer\/v2\/JVTHXH3INZA2FL52JZGOT34JZM.jpg?auth=0e369083418d7ee98c42146ffa3b1ba67a09d8806e11c398f57bc54ac9f6a06a&amp;smart=true&amp;width=768&amp;height=498&amp;quality=85\" media=\"(min-width: 768px)\"\/><source srcset=\"https:\/\/www.infobae.com\/resizer\/v2\/JVTHXH3INZA2FL52JZGOT34JZM.jpg?auth=0e369083418d7ee98c42146ffa3b1ba67a09d8806e11c398f57bc54ac9f6a06a&amp;smart=true&amp;width=577&amp;height=374&amp;quality=85\" media=\"(min-width: 580px)\"\/><source srcset=\"https:\/\/www.infobae.com\/resizer\/v2\/JVTHXH3INZA2FL52JZGOT34JZM.jpg?auth=0e369083418d7ee98c42146ffa3b1ba67a09d8806e11c398f57bc54ac9f6a06a&amp;smart=true&amp;width=420&amp;height=272&amp;quality=85\" media=\"(min-width: 350px)\"\/><source srcset=\"https:\/\/www.infobae.com\/resizer\/v2\/JVTHXH3INZA2FL52JZGOT34JZM.jpg?auth=0e369083418d7ee98c42146ffa3b1ba67a09d8806e11c398f57bc54ac9f6a06a&amp;smart=true&amp;width=350&amp;height=227&amp;quality=85\" media=\"(min-width: 80px)\"\/><img alt=\"Tuvo un desempe\u00f1o destacado en\" class=\"global-image\" decoding=\"async\" fetchpriority=\"low\" height=\"1244\" loading=\"lazy\" src=\"https:\/\/www.infobae.com\/resizer\/v2\/JVTHXH3INZA2FL52JZGOT34JZM.jpg?auth=0e369083418d7ee98c42146ffa3b1ba67a09d8806e11c398f57bc54ac9f6a06a&amp;smart=true&amp;width=350&amp;height=227&amp;quality=85\" width=\"1920\"\/><\/picture><figcaption class=\"article-figcaption-img\">Tuvo un desempe\u00f1o destacado en los Juegos Ol\u00edmpicos de Londres <\/figcaption><\/div>\n<p class=\"paragraph\">En los d\u00edas previos a la muerte de <b>Dud\u00e1s<\/b>, surgi\u00f3 un testimonio que aument\u00f3 las dudas sobre lo ocurrido. Un trabajador de la residencia donde viv\u00eda el deportista declar\u00f3 a la prensa h\u00fangara que <b>vio al kayakista en la escalera del edificio con una herida sangrante en la cabeza<\/b> y en estado de confusi\u00f3n. El empleado relat\u00f3 que, al preguntarle por su estado, <b>Dud\u00e1s<\/b> respondi\u00f3: \u201cMe ca\u00ed\u201d, y cerr\u00f3 la puerta. Seg\u00fan <i>Blikk<\/i>, la polic\u00eda cit\u00f3 al trabajador a declarar y existen registros audiovisuales que confirmar\u00edan el encuentro.<\/p>\n<p class=\"paragraph\">Por su parte, el ex compa\u00f1ero de equipo de Dud\u00e1s, Attila Katus, expres\u00f3 su desconcierto en una entrevista con el medio <i>Ripost<\/i>: <b>\u201cEs como una pel\u00edcula&#8230; simplemente no es realista lo que pas\u00f3. No puedo dejar de verla\u201d<\/b>. Katus subray\u00f3 que nunca percibi\u00f3 a Dud\u00e1s como una persona con problemas: \u201cA veces jug\u00e1bamos al f\u00fatbol; era una persona m\u00e1s tranquila y sensible que la media. Lo percib\u00eda como una persona bondadosa\u201d.<\/p>\n<p><soccer-worldcup2026-cta-predict\/><link rel=\"stylesheet\" crossorigin=\"true\" href=\"https:\/\/storage.googleapis.com\/arc-buckets\/web-components\/soccer\/ctas\/predict.css\"\/>\n<p class=\"paragraph\">Mikl\u00f3s Dud\u00e1s alcanz\u00f3 notoriedad internacional tras competir en los <b>Juegos Ol\u00edmpicos de Londres 2012<\/b>, donde finaliz\u00f3 sexto en la prueba de 200 metros K-1.<b> En 2014, logr\u00f3 el oro en el Campeonato Mundial de Mosc\u00fa<\/b> como parte del equipo de relevos 4&#215;200 metros. Su carrera incluy\u00f3 adem\u00e1s <b>dos medallas de bronce <\/b>en campeonatos mundiales y distinciones europeas. Sin embargo, <b>en 2015 fue despojado del oro <\/b>obtenido en los Juegos Europeos tras <b>detectarse una sustancia prohibida<\/b> en su organismo, lo que deriv\u00f3 en <b>una suspensi\u00f3n de 36 meses<\/b> y su posterior retiro en 2021.<\/p>\n<div class=\"visual__image\"><picture><source srcset=\"https:\/\/www.infobae.com\/resizer\/v2\/CR26EG7GTRB6PJHKP4XHRW4NH4.jpg?auth=64a116dab8b3ea5e4da2c1b7491760d1271ba8f9e85347ba2378352296eb7c05&amp;smart=true&amp;width=992&amp;height=1323&amp;quality=85\" media=\"(min-width: 1000px)\"\/><source srcset=\"https:\/\/www.infobae.com\/resizer\/v2\/CR26EG7GTRB6PJHKP4XHRW4NH4.jpg?auth=64a116dab8b3ea5e4da2c1b7491760d1271ba8f9e85347ba2378352296eb7c05&amp;smart=true&amp;width=768&amp;height=1024&amp;quality=85\" media=\"(min-width: 768px)\"\/><source srcset=\"https:\/\/www.infobae.com\/resizer\/v2\/CR26EG7GTRB6PJHKP4XHRW4NH4.jpg?auth=64a116dab8b3ea5e4da2c1b7491760d1271ba8f9e85347ba2378352296eb7c05&amp;smart=true&amp;width=577&amp;height=769&amp;quality=85\" media=\"(min-width: 580px)\"\/><source srcset=\"https:\/\/www.infobae.com\/resizer\/v2\/CR26EG7GTRB6PJHKP4XHRW4NH4.jpg?auth=64a116dab8b3ea5e4da2c1b7491760d1271ba8f9e85347ba2378352296eb7c05&amp;smart=true&amp;width=420&amp;height=560&amp;quality=85\" media=\"(min-width: 350px)\"\/><source srcset=\"https:\/\/www.infobae.com\/resizer\/v2\/CR26EG7GTRB6PJHKP4XHRW4NH4.jpg?auth=64a116dab8b3ea5e4da2c1b7491760d1271ba8f9e85347ba2378352296eb7c05&amp;smart=true&amp;width=350&amp;height=467&amp;quality=85\" media=\"(min-width: 80px)\"\/><img alt=\"Su pareja lo habr\u00eda encontrado\" class=\"global-image\" decoding=\"async\" fetchpriority=\"low\" height=\"2560\" loading=\"lazy\" src=\"https:\/\/www.infobae.com\/resizer\/v2\/CR26EG7GTRB6PJHKP4XHRW4NH4.jpg?auth=64a116dab8b3ea5e4da2c1b7491760d1271ba8f9e85347ba2378352296eb7c05&amp;smart=true&amp;width=350&amp;height=467&amp;quality=85\" width=\"1920\"\/><\/picture><figcaption class=\"article-figcaption-img\">Su pareja lo habr\u00eda encontrado sin vida <\/figcaption><\/div>\n<p class=\"paragraph\">El reporte de <i>Blikk<\/i> a\u00f1adi\u00f3 un elemento humano a la tragedia: el perro de <b>Dud\u00e1s<\/b>, llamado Baba, <b>permaneci\u00f3 junto a su due\u00f1o tras la muerte durante varias horas<\/b>. <\/p>\n<p class=\"paragraph\">La situaci\u00f3n familiar tras el hallazgo del cuerpo refleja el impacto de la tragedia. De acuerdo con <i>Blikk<\/i>, <b>Ivett Szigligeti<\/b>, madre de los dos hijos de Dud\u00e1s, Nara y Milo, se encuentra <b>aislada y devastada<\/b> desde el incidente, sin contacto telef\u00f3nico con amigos o familiares. <\/p>\n<p class=\"paragraph\">Tal como detall\u00f3 el medio h\u00fangaro, Szigligeti lleg\u00f3 al apartamento presa del p\u00e1nico <b>despu\u00e9s de varios d\u00edas sin poder comunicarse con el deportista.<\/b> Al no lograr entrar, recurri\u00f3 a un cerrajero y <b>estuvo presente cuando las autoridades encontraron el cuerpo<\/b>. Personas del entorno de la familia afirman que Szigligeti <b>permanece en estado de shock <\/b>y apenas es vista por los vecinos.<\/p>\n<p class=\"paragraph\">La relaci\u00f3n entre Dud\u00e1s y Szigligeti <b>estuvo marcada por altibajos<\/b>, rupturas y reconciliaciones a lo largo de 11 a\u00f1os, aunque nunca se casaron. En 2019 se comprometieron e incluso comenzaron a usar anillos de boda. Si bien en los \u00faltimos tiempos viv\u00edan separados,<b> antes del fallecimiento hab\u00edan resuelto sus diferencias<\/b>, motivados por la enfermedad del padre de Dud\u00e1s.<\/p>\n<div class=\"visual__image\"><picture><source srcset=\"https:\/\/www.infobae.com\/resizer\/v2\/DUDUFK6OVJH53GUJBAXFQNZCNU.jpg?auth=422f451676e6f5bed9226ab20b66fcdc980c32e352a1f64f6447551eb41775b7&amp;smart=true&amp;width=992&amp;height=1323&amp;quality=85\" media=\"(min-width: 1000px)\"\/><source srcset=\"https:\/\/www.infobae.com\/resizer\/v2\/DUDUFK6OVJH53GUJBAXFQNZCNU.jpg?auth=422f451676e6f5bed9226ab20b66fcdc980c32e352a1f64f6447551eb41775b7&amp;smart=true&amp;width=768&amp;height=1024&amp;quality=85\" media=\"(min-width: 768px)\"\/><source srcset=\"https:\/\/www.infobae.com\/resizer\/v2\/DUDUFK6OVJH53GUJBAXFQNZCNU.jpg?auth=422f451676e6f5bed9226ab20b66fcdc980c32e352a1f64f6447551eb41775b7&amp;smart=true&amp;width=577&amp;height=769&amp;quality=85\" media=\"(min-width: 580px)\"\/><source srcset=\"https:\/\/www.infobae.com\/resizer\/v2\/DUDUFK6OVJH53GUJBAXFQNZCNU.jpg?auth=422f451676e6f5bed9226ab20b66fcdc980c32e352a1f64f6447551eb41775b7&amp;smart=true&amp;width=420&amp;height=560&amp;quality=85\" media=\"(min-width: 350px)\"\/><source srcset=\"https:\/\/www.infobae.com\/resizer\/v2\/DUDUFK6OVJH53GUJBAXFQNZCNU.jpg?auth=422f451676e6f5bed9226ab20b66fcdc980c32e352a1f64f6447551eb41775b7&amp;smart=true&amp;width=350&amp;height=467&amp;quality=85\" media=\"(min-width: 80px)\"\/><img alt=\"Dud\u00e1s era padre de dos\" class=\"global-image\" decoding=\"async\" fetchpriority=\"low\" height=\"2560\" loading=\"lazy\" src=\"https:\/\/www.infobae.com\/resizer\/v2\/DUDUFK6OVJH53GUJBAXFQNZCNU.jpg?auth=422f451676e6f5bed9226ab20b66fcdc980c32e352a1f64f6447551eb41775b7&amp;smart=true&amp;width=350&amp;height=467&amp;quality=85\" width=\"1920\"\/><\/picture><figcaption class=\"article-figcaption-img\">Dud\u00e1s era padre de dos ni\u00f1os <\/figcaption><\/div>\n<p class=\"paragraph\">El ex kayakista deja dos hijos: <b>Nara<\/b>, nacida en 2019, y <b>Mil\u00f3<\/b>, en 2022. De acuerdo con declaraciones de la madre de <b>Dud\u00e1s<\/b> al diario <i>Bors<\/i>, solo <b>Ivett Szigligeti<\/b> y su hija mayor conocen la noticia del fallecimiento. El peque\u00f1o Mil\u00f3 a\u00fan no ha sido informado. \u201cLa pobre Ivett est\u00e1 en shock, igual que yo. <b>Tuvo que decirles a los ni\u00f1os que hab\u00edan perdido a su padre<\/b>. El peque\u00f1o Mil\u00f3 es demasiado peque\u00f1o para entender nada de esto. Pero a Nara hab\u00eda que dec\u00edrselo; extra\u00f1aba mucho a su padre, quien la adoraba;<b> hab\u00eda un verdadero amor paterno entre ellos.<\/b> Su madre le dijo que su padre se hab\u00eda dormido y no despertaba. <b>Nara se sent\u00f3 en un rinc\u00f3n y llor\u00f3 durante horas. <\/b>El a\u00f1o pasado tambi\u00e9n perdi\u00f3 a su abuelo, ahora a su padre, y solo han pasado seis a\u00f1os\u201d, relat\u00f3.<\/p>\n<p class=\"paragraph\">Actualmente, <b>la investigaci\u00f3n se desarrolla contra un autor del cu\u00e1l no se ha revelado su identidad<\/b>, y las autoridades de Hungr\u00eda analizan todas las pruebas disponibles. La situaci\u00f3n legal podr\u00eda agravarse si se confirma la hip\u00f3tesis de agresi\u00f3n, ya que, seg\u00fan <i>Blikk<\/i>, <b>el responsable podr\u00eda enfrentar varios a\u00f1os de prisi\u00f3n.<\/b><\/p>\n<\/div>\n<p><script defer=\"\">try{!function(f,b,e,v,n,t,s) {if(f.fbq)return;n=f.fbq=function(){n.callMethod? n.callMethod.apply(n,arguments):n.queue.push(arguments)}; if(!f._fbq)f._fbq=n;n.push=n;n.loaded=!0;n.version='2.0'; n.queue=[];t=b.createElement(e);t.async=!0; t.src=v;s=b.getElementsByTagName(e)[0]; s.parentNode.insertBefore(t,s)}(window, document,'script', ' fbq('init', '336383993555320'); fbq('track', 'PageView'); fbq('track', 'ViewContent');}catch(error){console.log(\"Error al inicializar facebookPixelRawCodeScript:\",error);}<\/script><\/p>\n","protected":false},"excerpt":{"rendered":"<p>El ex deportista fue hallado sin vida en su casa El mundo deportivo de Hungr\u00eda enfrenta conmoci\u00f3n tras conocerse que Mikl\u00f3s Dud\u00e1s, ex campe\u00f3n mundial y ol\u00edmpico de kayak, fue hallado sin vida en su domicilio de Budapest en circunstancias que las autoridades calificaron como misteriosas. La noticia, difundida inicialmente por Blikk, se\u00f1al\u00f3 que la [&hellip;]<\/p>\n","protected":false},"author":2,"featured_media":71851,"comment_status":"","ping_status":"","sticky":false,"template":"","format":"standard","meta":{"footnotes":""},"categories":[2],"tags":[],"_links":{"self":[{"href":"https:\/\/maxradio923.com.ar\/index.php\/wp-json\/wp\/v2\/posts\/71850"}],"collection":[{"href":"https:\/\/maxradio923.com.ar\/index.php\/wp-json\/wp\/v2\/posts"}],"about":[{"href":"https:\/\/maxradio923.com.ar\/index.php\/wp-json\/wp\/v2\/types\/post"}],"author":[{"embeddable":true,"href":"https:\/\/maxradio923.com.ar\/index.php\/wp-json\/wp\/v2\/users\/2"}],"replies":[{"embeddable":true,"href":"https:\/\/maxradio923.com.ar\/index.php\/wp-json\/wp\/v2\/comments?post=71850"}],"version-history":[{"count":0,"href":"https:\/\/maxradio923.com.ar\/index.php\/wp-json\/wp\/v2\/posts\/71850\/revisions"}],"wp:featuredmedia":[{"embeddable":true,"href":"https:\/\/maxradio923.com.ar\/index.php\/wp-json\/wp\/v2\/media\/71851"}],"wp:attachment":[{"href":"https:\/\/maxradio923.com.ar\/index.php\/wp-json\/wp\/v2\/media?parent=71850"}],"wp:term":[{"taxonomy":"category","embeddable":true,"href":"https:\/\/maxradio923.com.ar\/index.php\/wp-json\/wp\/v2\/categories?post=71850"},{"taxonomy":"post_tag","embeddable":true,"href":"https:\/\/maxradio923.com.ar\/index.php\/wp-json\/wp\/v2\/tags?post=71850"}],"curies":[{"name":"wp","href":"https:\/\/api.w.org\/{rel}","templated":true}]}}