{"id":71846,"date":"2026-01-14T12:03:04","date_gmt":"2026-01-14T15:03:04","guid":{"rendered":"https:\/\/maxradio923.com.ar\/index.php\/2026\/01\/14\/el-empleo-formal-privado-cayo-a-niveles-minimos-desde-2022-en-la-argentina-segun-un-estudio-privado\/"},"modified":"2026-01-14T12:03:04","modified_gmt":"2026-01-14T15:03:04","slug":"el-empleo-formal-privado-cayo-a-niveles-minimos-desde-2022-en-la-argentina-segun-un-estudio-privado","status":"publish","type":"post","link":"https:\/\/maxradio923.com.ar\/index.php\/2026\/01\/14\/el-empleo-formal-privado-cayo-a-niveles-minimos-desde-2022-en-la-argentina-segun-un-estudio-privado\/","title":{"rendered":"El empleo formal privado cay\u00f3 a niveles m\u00ednimos desde 2022 en la Argentina, seg\u00fan un estudio privado"},"content":{"rendered":"<p><\/p>\n<h2 class=\"article-subheadline text_align_left\">Entre noviembre de 2023 y octubre de 2025, el sector privado perdi\u00f3 casi 177.000 puestos de trabajo<\/h2>\n<p><\/p>\n<p class=\"paragraph\">Con<b> 6,19 millones<\/b> de asalariados registrados, el empleo en el sector privado est\u00e1 en su nivel m\u00e1s bajo desde junio de 2022. Seg\u00fan un relevamiento de la Consultora Politikon Chaco que realiz\u00f3 en base a datos de la Secretar\u00eda de Trabajo, Empleo y Seguridad Social, el nivel de ocupaci\u00f3n formal privada cay\u00f3 <b>2,8%<\/b> en octubre.<\/p>\n<p><\/p>\n<p class=\"paragraph\">La consultora calcul\u00f3 que, desde el inicio de la gesti\u00f3n de Javier Milei hasta octubre del a\u00f1o pasado, ya se perdieron m\u00e1s de <b>176.908 puestos de trabajo<\/b> en el sector privado formal. Resalt\u00f3, adem\u00e1s, que el volumen actual de empleo es el m\u00e1s bajo desde mediados de 2022 y tambi\u00e9n el menor registro de la actual gesti\u00f3n.<\/p>\n<p><\/p>\n<p class=\"paragraph\">La comparaci\u00f3n interanual tampoco ofrece se\u00f1ales de recuperaci\u00f3n. En relaci\u00f3n con octubre de 2024, el empleo privado formal retrocedi\u00f3 <b>0,9%<\/b>, lo que implica una p\u00e9rdida de <b>58.196 <\/b>puestos en doce meses.<\/p>\n<p><\/p>\n<p class=\"paragraph\">Si bien la baja del empleo afect\u00f3 con m\u00e1s intensidad a algunas industrias, el an\u00e1lisis por sectores muestra un escenario mayormente <b>negativo<\/b>. <\/p>\n<p><\/p>\n<p class=\"paragraph\">En octubre, solo la pesca registr\u00f3 una suba mensual, con un crecimiento del 1,8% que se tradujo en la creaci\u00f3n de <b>262 empleos.<\/b> Otros rubros, como ense\u00f1anza, electricidad, gas y agua, y servicios sociales y de salud, se mantuvieron pr\u00e1cticamente sin cambios.<\/p>\n<p><\/p>\n<p class=\"paragraph\">En contraste, diez sectores presentaron ca\u00eddas, con bajas m\u00e1s pronunciadas en la industria manufacturera (-0,6%), la construcci\u00f3n (-0,5%) y la explotaci\u00f3n de minas y canteras (-0,5%). La <b>construcci\u00f3n<\/b>, adem\u00e1s, sigue siendo el sector m\u00e1s golpeado desde el cambio de gobierno, con una ca\u00edda acumulada del <b>15,1%<\/b> en comparaci\u00f3n con noviembre de 2023.<\/p>\n","protected":false},"excerpt":{"rendered":"<p>Entre noviembre de 2023 y octubre de 2025, el sector privado perdi\u00f3 casi 177.000 puestos de trabajo Con 6,19 millones de asalariados registrados, el empleo en el sector privado est\u00e1 en su nivel m\u00e1s bajo desde junio de 2022. Seg\u00fan un relevamiento de la Consultora Politikon Chaco que realiz\u00f3 en base a datos de la [&hellip;]<\/p>\n","protected":false},"author":2,"featured_media":71847,"comment_status":"","ping_status":"","sticky":false,"template":"","format":"standard","meta":{"footnotes":""},"categories":[12],"tags":[],"_links":{"self":[{"href":"https:\/\/maxradio923.com.ar\/index.php\/wp-json\/wp\/v2\/posts\/71846"}],"collection":[{"href":"https:\/\/maxradio923.com.ar\/index.php\/wp-json\/wp\/v2\/posts"}],"about":[{"href":"https:\/\/maxradio923.com.ar\/index.php\/wp-json\/wp\/v2\/types\/post"}],"author":[{"embeddable":true,"href":"https:\/\/maxradio923.com.ar\/index.php\/wp-json\/wp\/v2\/users\/2"}],"replies":[{"embeddable":true,"href":"https:\/\/maxradio923.com.ar\/index.php\/wp-json\/wp\/v2\/comments?post=71846"}],"version-history":[{"count":0,"href":"https:\/\/maxradio923.com.ar\/index.php\/wp-json\/wp\/v2\/posts\/71846\/revisions"}],"wp:featuredmedia":[{"embeddable":true,"href":"https:\/\/maxradio923.com.ar\/index.php\/wp-json\/wp\/v2\/media\/71847"}],"wp:attachment":[{"href":"https:\/\/maxradio923.com.ar\/index.php\/wp-json\/wp\/v2\/media?parent=71846"}],"wp:term":[{"taxonomy":"category","embeddable":true,"href":"https:\/\/maxradio923.com.ar\/index.php\/wp-json\/wp\/v2\/categories?post=71846"},{"taxonomy":"post_tag","embeddable":true,"href":"https:\/\/maxradio923.com.ar\/index.php\/wp-json\/wp\/v2\/tags?post=71846"}],"curies":[{"name":"wp","href":"https:\/\/api.w.org\/{rel}","templated":true}]}}