{"id":71841,"date":"2026-01-14T11:38:03","date_gmt":"2026-01-14T14:38:03","guid":{"rendered":"https:\/\/maxradio923.com.ar\/index.php\/2026\/01\/14\/la-hermana-de-kim-jong-un-exigio-disculpas-a-corea-del-sur-por-la-supuesta-incursion-de-dron\/"},"modified":"2026-01-14T11:38:03","modified_gmt":"2026-01-14T14:38:03","slug":"la-hermana-de-kim-jong-un-exigio-disculpas-a-corea-del-sur-por-la-supuesta-incursion-de-dron","status":"publish","type":"post","link":"https:\/\/maxradio923.com.ar\/index.php\/2026\/01\/14\/la-hermana-de-kim-jong-un-exigio-disculpas-a-corea-del-sur-por-la-supuesta-incursion-de-dron\/","title":{"rendered":"La hermana de Kim Jong-un exigi\u00f3 disculpas a Corea del Sur por la supuesta incursi\u00f3n de dron"},"content":{"rendered":"<p><\/p>\n<div xmlns:default=\"http:\/\/www.w3.org\/2000\/svg\">\n<div class=\"visual__image image-initial-width\"><picture><source srcset=\"https:\/\/www.infobae.com\/resizer\/v2\/I3J5FATLPFCSRKDQH36Y247LIQ.jpg?auth=fa317d8a82007ad0e83a8636d82ed81bd66786ebd02066fe181a8285e68c5584&amp;smart=true&amp;width=992&amp;height=560&amp;quality=85\" media=\"(min-width: 1000px)\"\/><source srcset=\"https:\/\/www.infobae.com\/resizer\/v2\/I3J5FATLPFCSRKDQH36Y247LIQ.jpg?auth=fa317d8a82007ad0e83a8636d82ed81bd66786ebd02066fe181a8285e68c5584&amp;smart=true&amp;width=768&amp;height=434&amp;quality=85\" media=\"(min-width: 768px)\"\/><source srcset=\"https:\/\/www.infobae.com\/resizer\/v2\/I3J5FATLPFCSRKDQH36Y247LIQ.jpg?auth=fa317d8a82007ad0e83a8636d82ed81bd66786ebd02066fe181a8285e68c5584&amp;smart=true&amp;width=577&amp;height=326&amp;quality=85\" media=\"(min-width: 580px)\"\/><source srcset=\"https:\/\/www.infobae.com\/resizer\/v2\/I3J5FATLPFCSRKDQH36Y247LIQ.jpg?auth=fa317d8a82007ad0e83a8636d82ed81bd66786ebd02066fe181a8285e68c5584&amp;smart=true&amp;width=420&amp;height=237&amp;quality=85\" media=\"(min-width: 350px)\"\/><source srcset=\"https:\/\/www.infobae.com\/resizer\/v2\/I3J5FATLPFCSRKDQH36Y247LIQ.jpg?auth=fa317d8a82007ad0e83a8636d82ed81bd66786ebd02066fe181a8285e68c5584&amp;smart=true&amp;width=350&amp;height=198&amp;quality=85\" media=\"(min-width: 80px)\"\/><img alt=\"La hermana\u00a0del l\u00edder norcoreano\u00a0Kim\u00a0Jong\u00a0Un,\u00a0Kim\u00a0Yo\u00a0Jong.\" class=\"global-image\" decoding=\"async\" fetchpriority=\"high\" height=\"1084\" loading=\"eager\" src=\"https:\/\/www.infobae.com\/resizer\/v2\/I3J5FATLPFCSRKDQH36Y247LIQ.jpg?auth=fa317d8a82007ad0e83a8636d82ed81bd66786ebd02066fe181a8285e68c5584&amp;smart=true&amp;width=350&amp;height=198&amp;quality=85\" width=\"1920\"\/><\/picture><figcaption class=\"article-figcaption-img\">La hermana\u00a0del l\u00edder norcoreano\u00a0Kim\u00a0Jong\u00a0Un,\u00a0Kim\u00a0Yo\u00a0Jong.<\/figcaption><\/div>\n<p class=\"paragraph\">La influyente hermana del l\u00edder norcoreano Kim Jong Un, <b>Kim Yo Jong<\/b>, exigi\u00f3 este martes un pedido de disculpas por parte de Corea del Sur por la supuesta incursi\u00f3n de un dron a trav\u00e9s de la frontera.<\/p>\n<p class=\"paragraph\">Corea del Norte afirm\u00f3 el fin de semana que derrib\u00f3 un dron cerca de la ciudad de Kaesong a principios de enero despu\u00e9s de que cruzara desde el condado fronterizo surcoreano de Ganghwa.<\/p>\n<p class=\"paragraph\"><b>\u201cLas autoridades de Se\u00fal deben admitir y disculparse por haber violado la soberan\u00eda de la RPDC y tomar medidas para evitar que se repita\u201d<\/b>, advirti\u00f3. <\/p>\n<p class=\"paragraph\">Se\u00fal neg\u00f3 responsabilidad en el incidente, y afirm\u00f3 que el dron mostrado en las fotos difundidas por Pyongyang no es un modelo que opere su ej\u00e9rcito.<\/p>\n<p class=\"paragraph\">El presidente surcoreano Lee Jae Myung orden\u00f3 una investigaci\u00f3n conjunta militar y policial sobre el caso del dron, se\u00f1alando que <b>cualquier implicaci\u00f3n civil ser\u00eda \u201cun delito grave que amenaza la paz en la pen\u00ednsula de Corea\u201d<\/b>.<\/p>\n<div class=\"visual__image\"><picture><source srcset=\"https:\/\/www.infobae.com\/resizer\/v2\/7ROB2YWUOZHZTKX53ITMNHWGE4.jpg?auth=4d5b3ce2ab73ff9f125fb4bf564161dcc123fe7e44c8489eb8b5ccac4a67c488&amp;smart=true&amp;width=992&amp;height=661&amp;quality=85\" media=\"(min-width: 1000px)\"\/><source srcset=\"https:\/\/www.infobae.com\/resizer\/v2\/7ROB2YWUOZHZTKX53ITMNHWGE4.jpg?auth=4d5b3ce2ab73ff9f125fb4bf564161dcc123fe7e44c8489eb8b5ccac4a67c488&amp;smart=true&amp;width=768&amp;height=512&amp;quality=85\" media=\"(min-width: 768px)\"\/><source srcset=\"https:\/\/www.infobae.com\/resizer\/v2\/7ROB2YWUOZHZTKX53ITMNHWGE4.jpg?auth=4d5b3ce2ab73ff9f125fb4bf564161dcc123fe7e44c8489eb8b5ccac4a67c488&amp;smart=true&amp;width=577&amp;height=385&amp;quality=85\" media=\"(min-width: 580px)\"\/><source srcset=\"https:\/\/www.infobae.com\/resizer\/v2\/7ROB2YWUOZHZTKX53ITMNHWGE4.jpg?auth=4d5b3ce2ab73ff9f125fb4bf564161dcc123fe7e44c8489eb8b5ccac4a67c488&amp;smart=true&amp;width=420&amp;height=280&amp;quality=85\" media=\"(min-width: 350px)\"\/><source srcset=\"https:\/\/www.infobae.com\/resizer\/v2\/7ROB2YWUOZHZTKX53ITMNHWGE4.jpg?auth=4d5b3ce2ab73ff9f125fb4bf564161dcc123fe7e44c8489eb8b5ccac4a67c488&amp;smart=true&amp;width=350&amp;height=233&amp;quality=85\" media=\"(min-width: 80px)\"\/><img alt=\"Un puesto de guardia militar\" class=\"global-image\" decoding=\"async\" fetchpriority=\"low\" height=\"2116\" loading=\"lazy\" src=\"https:\/\/www.infobae.com\/resizer\/v2\/7ROB2YWUOZHZTKX53ITMNHWGE4.jpg?auth=4d5b3ce2ab73ff9f125fb4bf564161dcc123fe7e44c8489eb8b5ccac4a67c488&amp;smart=true&amp;width=350&amp;height=233&amp;quality=85\" width=\"3174\"\/><\/picture><figcaption class=\"article-figcaption-img\">Un puesto de guardia militar norcoreano, arriba, y un puesto surcoreano, abajo, se ven desde Paju, Corea del Sur, cerca de la frontera con Corea del Norte. (Foto AP\/Ahn Young-joon, archivo)<\/figcaption><\/div>\n<p class=\"paragraph\">Se\u00fal ha negado cualquier implicaci\u00f3n, pero ha dejado abierta la posibilidad de que civiles hayan volado el dron, una postura reiterada el mi\u00e9rcoles por el asesor de seguridad nacional, Wi Sung-lac.<\/p>\n<p class=\"paragraph\"><b>\u201cHasta ahora tenemos entendido que ni los militares ni el gobierno llevaron a cabo tal operaci\u00f3n\u201d<\/b>, dijo Wi a los periodistas en el marco de una cumbre entre los l\u00edderes de Corea del Sur y Jap\u00f3n en la ciudad japonesa de Nara.<\/p>\n<p class=\"paragraph\">\u201cSi hay algo que merece un castigo, entonces debe haber castigo\u201d. <\/p>\n<p class=\"paragraph\"><b>Corea del Sur y Corea del Norte siguen t\u00e9cnicamente en guerra<\/b>, ya que la Guerra de Corea de 1950-53 termin\u00f3 con un armisticio en lugar de un tratado de paz.<\/p>\n<p class=\"paragraph\">Wi se\u00f1al\u00f3 que a pesar de las cr\u00edticas de Pyongyang y su demanda de disculpas, Corea del Norte tambi\u00e9n ha enviado sus propios drones a Corea del Sur.<\/p>\n<div class=\"visual__image\"><picture><source srcset=\"https:\/\/www.infobae.com\/resizer\/v2\/3NOOWG7K3VEXXPOTF7FC4H2QX4.JPG?auth=33c8dbf57085551bfa4616fbadbf6a75fa4a8acd2dee5e1725707417eb562127&amp;smart=true&amp;width=992&amp;height=661&amp;quality=85\" media=\"(min-width: 1000px)\"\/><source srcset=\"https:\/\/www.infobae.com\/resizer\/v2\/3NOOWG7K3VEXXPOTF7FC4H2QX4.JPG?auth=33c8dbf57085551bfa4616fbadbf6a75fa4a8acd2dee5e1725707417eb562127&amp;smart=true&amp;width=768&amp;height=512&amp;quality=85\" media=\"(min-width: 768px)\"\/><source srcset=\"https:\/\/www.infobae.com\/resizer\/v2\/3NOOWG7K3VEXXPOTF7FC4H2QX4.JPG?auth=33c8dbf57085551bfa4616fbadbf6a75fa4a8acd2dee5e1725707417eb562127&amp;smart=true&amp;width=577&amp;height=385&amp;quality=85\" media=\"(min-width: 580px)\"\/><source srcset=\"https:\/\/www.infobae.com\/resizer\/v2\/3NOOWG7K3VEXXPOTF7FC4H2QX4.JPG?auth=33c8dbf57085551bfa4616fbadbf6a75fa4a8acd2dee5e1725707417eb562127&amp;smart=true&amp;width=420&amp;height=280&amp;quality=85\" media=\"(min-width: 350px)\"\/><source srcset=\"https:\/\/www.infobae.com\/resizer\/v2\/3NOOWG7K3VEXXPOTF7FC4H2QX4.JPG?auth=33c8dbf57085551bfa4616fbadbf6a75fa4a8acd2dee5e1725707417eb562127&amp;smart=true&amp;width=350&amp;height=233&amp;quality=85\" media=\"(min-width: 80px)\"\/><img alt=\"Presidente de Corea del Sur,\" class=\"global-image\" decoding=\"async\" fetchpriority=\"low\" height=\"3242\" loading=\"lazy\" src=\"https:\/\/www.infobae.com\/resizer\/v2\/3NOOWG7K3VEXXPOTF7FC4H2QX4.JPG?auth=33c8dbf57085551bfa4616fbadbf6a75fa4a8acd2dee5e1725707417eb562127&amp;smart=true&amp;width=350&amp;height=233&amp;quality=85\" width=\"4863\"\/><\/picture><figcaption class=\"article-figcaption-img\">Presidente de Corea del Sur, Lee Jae Myung. Eugene Hoshiko\/Pool v\u00eda REUTERS<\/figcaption><\/div>\n<p class=\"paragraph\"><b>\u201cHubo incidentes en los que sus drones cayeron cerca de la Casa Azul y otros que llegaron a Yongsan\u201d<\/b>, dijo, refiri\u00e9ndose a las ubicaciones actuales y anteriores de las oficinas presidenciales.<\/p>\n<p class=\"paragraph\">\u201c\u00c9stas tambi\u00e9n son violaciones del Acuerdo de Armisticio\u201d, dijo.<\/p>\n<p class=\"paragraph\">El presidente de Corea del Sur, Lee Jae Myung, orden\u00f3 una investigaci\u00f3n conjunta militar y policial sobre el caso de los drones.<\/p>\n<p class=\"paragraph\">Los vuelos con drones son una fuente de animosidad entre las dos Coreas, y los rivales se acusan mutuamente de volar drones en sus respectivos territorios en los \u00faltimos a\u00f1os.<\/p>\n<p class=\"paragraph\"><b>Corea del Norte acus\u00f3 a Corea del Sur en octubre de 2024 de sobrevolar su capital<\/b>, Pyongyang, con drones para lanzar panfletos de propaganda en tres ocasiones. El ej\u00e9rcito surcoreano afirm\u00f3 no poder confirmar la veracidad de la afirmaci\u00f3n norcoreana.<\/p>\n<div class=\"visual__image\"><picture><source srcset=\"https:\/\/www.infobae.com\/resizer\/v2\/U2P67RWW3RFB3BUT5KV5EVZEGQ.jpg?auth=c66008db838d02f6c201d117d627d430673e3f42d636b54be8d17a3112f1a3b7&amp;smart=true&amp;width=992&amp;height=558&amp;quality=85\" media=\"(min-width: 1000px)\"\/><source srcset=\"https:\/\/www.infobae.com\/resizer\/v2\/U2P67RWW3RFB3BUT5KV5EVZEGQ.jpg?auth=c66008db838d02f6c201d117d627d430673e3f42d636b54be8d17a3112f1a3b7&amp;smart=true&amp;width=768&amp;height=432&amp;quality=85\" media=\"(min-width: 768px)\"\/><source srcset=\"https:\/\/www.infobae.com\/resizer\/v2\/U2P67RWW3RFB3BUT5KV5EVZEGQ.jpg?auth=c66008db838d02f6c201d117d627d430673e3f42d636b54be8d17a3112f1a3b7&amp;smart=true&amp;width=577&amp;height=325&amp;quality=85\" media=\"(min-width: 580px)\"\/><source srcset=\"https:\/\/www.infobae.com\/resizer\/v2\/U2P67RWW3RFB3BUT5KV5EVZEGQ.jpg?auth=c66008db838d02f6c201d117d627d430673e3f42d636b54be8d17a3112f1a3b7&amp;smart=true&amp;width=420&amp;height=236&amp;quality=85\" media=\"(min-width: 350px)\"\/><source srcset=\"https:\/\/www.infobae.com\/resizer\/v2\/U2P67RWW3RFB3BUT5KV5EVZEGQ.jpg?auth=c66008db838d02f6c201d117d627d430673e3f42d636b54be8d17a3112f1a3b7&amp;smart=true&amp;width=350&amp;height=197&amp;quality=85\" media=\"(min-width: 80px)\"\/><img alt=\"El drone fue encontrado cerca\" class=\"global-image\" decoding=\"async\" fetchpriority=\"low\" height=\"1080\" loading=\"lazy\" src=\"https:\/\/www.infobae.com\/resizer\/v2\/U2P67RWW3RFB3BUT5KV5EVZEGQ.jpg?auth=c66008db838d02f6c201d117d627d430673e3f42d636b54be8d17a3112f1a3b7&amp;smart=true&amp;width=350&amp;height=197&amp;quality=85\" width=\"1920\"\/><\/picture><figcaption class=\"article-figcaption-img\">El drone fue encontrado cerca de la frontera entre las dos Coreas (EFE)<\/figcaption><\/div>\n<p class=\"paragraph\">Las tensiones aumentaron dr\u00e1sticamente en ese momento cuando Corea del Norte amenaz\u00f3 con responder con la fuerza, pero ninguna de las partes tom\u00f3 medidas importantes y las tensiones disminuyeron gradualmente.<\/p>\n<p class=\"paragraph\"><b>Corea del Sur tambi\u00e9n ha acusado a Corea del Norte de sobrevolar ocasionalmente drones.<\/b> En diciembre de 2022, Corea del Sur anunci\u00f3 que realiz\u00f3 disparos de advertencia, despleg\u00f3 aviones de combate y vol\u00f3 drones de vigilancia sobre Corea del Norte en respuesta a lo que denomin\u00f3 los primeros vuelos de drones norcoreanos a trav\u00e9s de la frontera en cinco a\u00f1os.<\/p>\n<p class=\"paragraph\"><i>(con informaci\u00f3n de AFP)<\/i><\/p>\n<\/div>\n<p><script defer=\"\">try{!function(f,b,e,v,n,t,s) {if(f.fbq)return;n=f.fbq=function(){n.callMethod? n.callMethod.apply(n,arguments):n.queue.push(arguments)}; if(!f._fbq)f._fbq=n;n.push=n;n.loaded=!0;n.version='2.0'; n.queue=[];t=b.createElement(e);t.async=!0; t.src=v;s=b.getElementsByTagName(e)[0]; s.parentNode.insertBefore(t,s)}(window, document,'script', ' fbq('init', '336383993555320'); fbq('track', 'PageView'); fbq('track', 'ViewContent');}catch(error){console.log(\"Error al inicializar facebookPixelRawCodeScript:\",error);}<\/script><\/p>\n","protected":false},"excerpt":{"rendered":"<p>La hermana\u00a0del l\u00edder norcoreano\u00a0Kim\u00a0Jong\u00a0Un,\u00a0Kim\u00a0Yo\u00a0Jong. La influyente hermana del l\u00edder norcoreano Kim Jong Un, Kim Yo Jong, exigi\u00f3 este martes un pedido de disculpas por parte de Corea del Sur por la supuesta incursi\u00f3n de un dron a trav\u00e9s de la frontera. Corea del Norte afirm\u00f3 el fin de semana que derrib\u00f3 un dron cerca de [&hellip;]<\/p>\n","protected":false},"author":2,"featured_media":71842,"comment_status":"","ping_status":"","sticky":false,"template":"","format":"standard","meta":{"footnotes":""},"categories":[3],"tags":[],"_links":{"self":[{"href":"https:\/\/maxradio923.com.ar\/index.php\/wp-json\/wp\/v2\/posts\/71841"}],"collection":[{"href":"https:\/\/maxradio923.com.ar\/index.php\/wp-json\/wp\/v2\/posts"}],"about":[{"href":"https:\/\/maxradio923.com.ar\/index.php\/wp-json\/wp\/v2\/types\/post"}],"author":[{"embeddable":true,"href":"https:\/\/maxradio923.com.ar\/index.php\/wp-json\/wp\/v2\/users\/2"}],"replies":[{"embeddable":true,"href":"https:\/\/maxradio923.com.ar\/index.php\/wp-json\/wp\/v2\/comments?post=71841"}],"version-history":[{"count":0,"href":"https:\/\/maxradio923.com.ar\/index.php\/wp-json\/wp\/v2\/posts\/71841\/revisions"}],"wp:featuredmedia":[{"embeddable":true,"href":"https:\/\/maxradio923.com.ar\/index.php\/wp-json\/wp\/v2\/media\/71842"}],"wp:attachment":[{"href":"https:\/\/maxradio923.com.ar\/index.php\/wp-json\/wp\/v2\/media?parent=71841"}],"wp:term":[{"taxonomy":"category","embeddable":true,"href":"https:\/\/maxradio923.com.ar\/index.php\/wp-json\/wp\/v2\/categories?post=71841"},{"taxonomy":"post_tag","embeddable":true,"href":"https:\/\/maxradio923.com.ar\/index.php\/wp-json\/wp\/v2\/tags?post=71841"}],"curies":[{"name":"wp","href":"https:\/\/api.w.org\/{rel}","templated":true}]}}