{"id":71839,"date":"2026-01-14T11:31:04","date_gmt":"2026-01-14T14:31:04","guid":{"rendered":"https:\/\/maxradio923.com.ar\/index.php\/2026\/01\/14\/ignacio-torres-reclamo-mas-penas-por-los-incendios-tienen-que-estar-presos-el-tiempo-que-tarda-en-recuperarse-el-bosque\/"},"modified":"2026-01-14T11:31:04","modified_gmt":"2026-01-14T14:31:04","slug":"ignacio-torres-reclamo-mas-penas-por-los-incendios-tienen-que-estar-presos-el-tiempo-que-tarda-en-recuperarse-el-bosque","status":"publish","type":"post","link":"https:\/\/maxradio923.com.ar\/index.php\/2026\/01\/14\/ignacio-torres-reclamo-mas-penas-por-los-incendios-tienen-que-estar-presos-el-tiempo-que-tarda-en-recuperarse-el-bosque\/","title":{"rendered":"Ignacio Torres reclam\u00f3 m\u00e1s penas por los incendios: \u201cTienen que estar presos el tiempo que tarda en recuperarse el bosque\u201d"},"content":{"rendered":"<p><\/p>\n<h2 class=\"article-subheadline text_align_left\">El gobernador de Chubut insist\u00f3 con un proyecto de ley para calificar de \u201cecocidio\u201d a la quema de bosque nativo. Resalt\u00f3 la coordinaci\u00f3n con la Naci\u00f3n y confirm\u00f3 que habr\u00e1 asistencia para las familias afectadas <\/h2>\n<p><\/p>\n<p class=\"paragraph\">A poco m\u00e1s de una semana del comienzo del incendio en Puerto Patriada y otras zonas de Chubut, el gobernador <b>Ignacio Torres<\/b> reclam\u00f3 endurecer las condenas para los responsables de la quema intencional de los bosques patag\u00f3nicos, mientras siguen activos algunos focos en la <b>Comarca Andina<\/b>. <\/p>\n<p><\/p>\n<p class=\"paragraph\">Frente al m\u00ednimo castigo penal que establece la legislaci\u00f3n, el gobernador reclam\u00f3: \u201c<b>Tienen que estar presos el mismo tiempo que tarda en recuperarse el bosque nativo<\/b>\u201d. \u201cDa bronca e indigna que estos personajes est\u00e9n caminando entre los chubutenses de bien como si nada cuando generan semejantes tragedias\u201d, complet\u00f3. <\/p>\n<p><\/p>\n<p class=\"paragraph\">Torres describi\u00f3 la gravedad de los focos activos en la provincia y remarc\u00f3 que \u201cel fuego tuvo un crecimiento exponencial como nunca vi\u201d, tras una semana de desastre ambiental que ya arras\u00f3 m\u00e1s de <b>13.600 hect\u00e1reas<\/b>. Y confirm\u00f3 la reactivaci\u00f3n de un foco en <b>Epuy\u00e9n<\/b>, aunque llev\u00f3 tranquilidad al asegurar que \u201cse hicieron los cortafuegos durante toda la tarde\u201d y que \u201cno va a tener cercan\u00eda al pueblo\u201d.<\/p>\n<p><\/p>\n<p class=\"paragraph\">Otro de los incendios forestales activos est\u00e1 ubicado en el <b>Parque Nacional Los Alerces<\/b>. Pese a la ayuda de la lluvia, el fuego persiste. \u201cEstamos atravesando la peor sequ\u00eda desde 1965\u201d, dijo, y agreg\u00f3 que por los <b>vientos<\/b> y las <b>altas temperaturas<\/b>, se complica el control r\u00e1pido de las llamas. \u201cNo vi un avance tan r\u00e1pido del incendio\u201d, reconoci\u00f3 \u201cNacho\u201d Torres. <\/p>\n<p><\/p>\n<p class=\"paragraph\">Para el mandatario del PRO, la llegada de m\u00e1s lluvias y el despliegue de todos los medios a\u00e9reos disponibles, junto al apoyo de <b>Chile<\/b> y de las provincias de <b>Santiago del Estero, R\u00edo Negro, Neuqu\u00e9n, Santa Fe y C\u00f3rdoba<\/b>, dio un panorama alentador sobre ese foco. \u201cSoy optimista. Junto al esfuerzo enorme que se est\u00e1 haciendo con todos los recursos disponibles, m\u00e1s un acompa\u00f1amiento del clima, esperamos tener novedades mucho m\u00e1s favorables a \u00faltima hora\u201d, complet\u00f3. <\/p>\n<p><\/p>\n<p class=\"paragraph\">En este marco, el gobernador diferenci\u00f3 los episodios accidentales de aquellas acciones dolosas que provocaron el inicio del fuego. \u201cEn el Parque Nacional Los Alerces, en medio del incendio, fueron detenidos dos turistas haciendo fuego para comer un asado. La intenci\u00f3n no era provocar un desastre, pero est\u00e1 terminantemente prohibido cualquier tipo de fuego en toda la provincia y en los ejidos municipales que adhirieron a la ley de emergencia \u00edgnea\u201d, puntualiz\u00f3. Mientras que en ese sector el origen fue una tormenta el\u00e9ctrica, en <b>Puerto Patriada<\/b> \u201cse encontr\u00f3 combustible, lo que demuestra un dolo de querer generar el mayor da\u00f1o posible\u201d, lament\u00f3.<\/p>\n","protected":false},"excerpt":{"rendered":"<p>El gobernador de Chubut insist\u00f3 con un proyecto de ley para calificar de \u201cecocidio\u201d a la quema de bosque nativo. Resalt\u00f3 la coordinaci\u00f3n con la Naci\u00f3n y confirm\u00f3 que habr\u00e1 asistencia para las familias afectadas A poco m\u00e1s de una semana del comienzo del incendio en Puerto Patriada y otras zonas de Chubut, el gobernador [&hellip;]<\/p>\n","protected":false},"author":2,"featured_media":71840,"comment_status":"","ping_status":"","sticky":false,"template":"","format":"standard","meta":{"footnotes":""},"categories":[12],"tags":[],"_links":{"self":[{"href":"https:\/\/maxradio923.com.ar\/index.php\/wp-json\/wp\/v2\/posts\/71839"}],"collection":[{"href":"https:\/\/maxradio923.com.ar\/index.php\/wp-json\/wp\/v2\/posts"}],"about":[{"href":"https:\/\/maxradio923.com.ar\/index.php\/wp-json\/wp\/v2\/types\/post"}],"author":[{"embeddable":true,"href":"https:\/\/maxradio923.com.ar\/index.php\/wp-json\/wp\/v2\/users\/2"}],"replies":[{"embeddable":true,"href":"https:\/\/maxradio923.com.ar\/index.php\/wp-json\/wp\/v2\/comments?post=71839"}],"version-history":[{"count":0,"href":"https:\/\/maxradio923.com.ar\/index.php\/wp-json\/wp\/v2\/posts\/71839\/revisions"}],"wp:featuredmedia":[{"embeddable":true,"href":"https:\/\/maxradio923.com.ar\/index.php\/wp-json\/wp\/v2\/media\/71840"}],"wp:attachment":[{"href":"https:\/\/maxradio923.com.ar\/index.php\/wp-json\/wp\/v2\/media?parent=71839"}],"wp:term":[{"taxonomy":"category","embeddable":true,"href":"https:\/\/maxradio923.com.ar\/index.php\/wp-json\/wp\/v2\/categories?post=71839"},{"taxonomy":"post_tag","embeddable":true,"href":"https:\/\/maxradio923.com.ar\/index.php\/wp-json\/wp\/v2\/tags?post=71839"}],"curies":[{"name":"wp","href":"https:\/\/api.w.org\/{rel}","templated":true}]}}