{"id":71837,"date":"2026-01-14T11:15:05","date_gmt":"2026-01-14T14:15:05","guid":{"rendered":"https:\/\/maxradio923.com.ar\/index.php\/2026\/01\/14\/asesinaron-a-un-joven-en-la-puerta-de-su-casa-durante-un-robo-en-tucuman-dos-menores-detenidos\/"},"modified":"2026-01-14T11:15:05","modified_gmt":"2026-01-14T14:15:05","slug":"asesinaron-a-un-joven-en-la-puerta-de-su-casa-durante-un-robo-en-tucuman-dos-menores-detenidos","status":"publish","type":"post","link":"https:\/\/maxradio923.com.ar\/index.php\/2026\/01\/14\/asesinaron-a-un-joven-en-la-puerta-de-su-casa-durante-un-robo-en-tucuman-dos-menores-detenidos\/","title":{"rendered":"Asesinaron a un joven en la puerta de su casa durante un robo en Tucum\u00e1n: dos menores detenidos"},"content":{"rendered":"<p><\/p>\n<h2 class=\"article-subheadline text_align_left\">El hecho ocurri\u00f3 el lunes a la noche y qued\u00f3 grabado por las c\u00e1maras de seguridad de la vivienda. Im\u00e1genes sensibles<\/h2>\n<p><\/p>\n<p class=\"paragraph\">Un joven de 21 a\u00f1os fue asesinado en la provincia de <b>Tucum\u00e1n<\/b> tras ser v\u00edctima de un robo en plena v\u00eda p\u00fablica. Por el violento episodio fueron detenidos dos menores de<b> 16 y 17 a\u00f1os<\/b>, quienes fueron identificados a partir de las im\u00e1genes de las c\u00e1maras de seguridad que grabaron el asalto y el posterior homicidio.<\/p>\n<p><\/p>\n<p class=\"paragraph\">En ese contexto, el asaltante exigi\u00f3 a <b>Ibarra<\/b> que le entregue sus pertenencias y el joven solt\u00f3 una bolsa que llevaba en sus manos, que fue tomada r\u00e1pidamente por el atacante. Mientras, el c\u00f3mplice aguardaba en la moto con el motor encendido. <\/p>\n<p><\/p>\n<p class=\"paragraph\">Cuando el ladr\u00f3n parec\u00eda dispuesto a retirarse, regres\u00f3 sobre sus pasos y le dispar\u00f3 al joven a quemarropa. <b>La v\u00edctima recibi\u00f3 un impacto de bala en la cabeza, a la altura de la regi\u00f3n fronto-parietal izquierda.<\/b> Segundos despu\u00e9s, el agresor subi\u00f3 a la moto y ambos escaparon a toda velocidad.<\/p>\n<p><\/p>\n<p class=\"paragraph\"><b>Rodrigo Ibarra<\/b> fue trasladado de urgencia al hospital Padilla, donde falleci\u00f3 alrededor de las 5 de la ma\u00f1ana debido a la gravedad de la herida. Fuentes judiciales informaron a <i>Infobae<\/i> que la causa fue caratulada como <b>homicidio agravado criminis causae<\/b>.<\/p>\n<p><\/p>\n<p class=\"paragraph\">Si bien los delincuentes escaparon del lugar tras el hecho, todo el ataque qued\u00f3 registrado por dos c\u00e1maras de seguridad instaladas en el domicilio donde ocurri\u00f3 el crimen. Las im\u00e1genes capturaron la secuencia desde dos \u00e1ngulos diferentes y resultaron clave para el avance del caso. <\/p>\n<p><\/p>\n<p class=\"paragraph\">Los videos, adjuntos en esta nota, se viralizaron r\u00e1pidamente y permitieron que los sospechosos fueran identificados por la polic\u00eda. As\u00ed, los agentes lograron la aprehensi\u00f3n de los adolescentes pocas horas despu\u00e9s del homicidio.<\/p>\n","protected":false},"excerpt":{"rendered":"<p>El hecho ocurri\u00f3 el lunes a la noche y qued\u00f3 grabado por las c\u00e1maras de seguridad de la vivienda. Im\u00e1genes sensibles Un joven de 21 a\u00f1os fue asesinado en la provincia de Tucum\u00e1n tras ser v\u00edctima de un robo en plena v\u00eda p\u00fablica. Por el violento episodio fueron detenidos dos menores de 16 y 17 [&hellip;]<\/p>\n","protected":false},"author":2,"featured_media":71838,"comment_status":"","ping_status":"","sticky":false,"template":"","format":"standard","meta":{"footnotes":""},"categories":[12],"tags":[],"_links":{"self":[{"href":"https:\/\/maxradio923.com.ar\/index.php\/wp-json\/wp\/v2\/posts\/71837"}],"collection":[{"href":"https:\/\/maxradio923.com.ar\/index.php\/wp-json\/wp\/v2\/posts"}],"about":[{"href":"https:\/\/maxradio923.com.ar\/index.php\/wp-json\/wp\/v2\/types\/post"}],"author":[{"embeddable":true,"href":"https:\/\/maxradio923.com.ar\/index.php\/wp-json\/wp\/v2\/users\/2"}],"replies":[{"embeddable":true,"href":"https:\/\/maxradio923.com.ar\/index.php\/wp-json\/wp\/v2\/comments?post=71837"}],"version-history":[{"count":0,"href":"https:\/\/maxradio923.com.ar\/index.php\/wp-json\/wp\/v2\/posts\/71837\/revisions"}],"wp:featuredmedia":[{"embeddable":true,"href":"https:\/\/maxradio923.com.ar\/index.php\/wp-json\/wp\/v2\/media\/71838"}],"wp:attachment":[{"href":"https:\/\/maxradio923.com.ar\/index.php\/wp-json\/wp\/v2\/media?parent=71837"}],"wp:term":[{"taxonomy":"category","embeddable":true,"href":"https:\/\/maxradio923.com.ar\/index.php\/wp-json\/wp\/v2\/categories?post=71837"},{"taxonomy":"post_tag","embeddable":true,"href":"https:\/\/maxradio923.com.ar\/index.php\/wp-json\/wp\/v2\/tags?post=71837"}],"curies":[{"name":"wp","href":"https:\/\/api.w.org\/{rel}","templated":true}]}}