{"id":71832,"date":"2026-01-14T10:57:05","date_gmt":"2026-01-14T13:57:05","guid":{"rendered":"https:\/\/maxradio923.com.ar\/index.php\/2026\/01\/14\/cami-homs-sorprendio-al-revelar-su-promedio-sexual-con-jose-sosa-en-el-ultimo-trimestre-de-su-embarazo\/"},"modified":"2026-01-14T10:57:05","modified_gmt":"2026-01-14T13:57:05","slug":"cami-homs-sorprendio-al-revelar-su-promedio-sexual-con-jose-sosa-en-el-ultimo-trimestre-de-su-embarazo","status":"publish","type":"post","link":"https:\/\/maxradio923.com.ar\/index.php\/2026\/01\/14\/cami-homs-sorprendio-al-revelar-su-promedio-sexual-con-jose-sosa-en-el-ultimo-trimestre-de-su-embarazo\/","title":{"rendered":"Cami Homs sorprendi\u00f3 al revelar su promedio sexual con Jos\u00e9 Sosa en el \u00faltimo trimestre de su embarazo"},"content":{"rendered":"<p><\/p>\n<h2 class=\"article-subheadline text_align_left\">La modelo, que se prepara para recibir a Aitana junto a su pareja a fines de enero, habl\u00f3 de su intimidad sin prejuicios en la recta final de su gestaci\u00f3n  <\/h2>\n<p><\/p>\n<p class=\"paragraph\"><b>Cami Homs<\/b> vive un per\u00edodo de plenitud en plena recta final de su embarazo. Junto a <b>Jos\u00e9 <\/b><i><b>El Principito<\/b><\/i><b> Sosa<\/b> y sus dos hijos, <b>Francesca<\/b> y <b>Bautista<\/b>, la modelo disfruta de<b> sus \u00faltimos d\u00edas de embarazo<\/b> en las playas de Punta del Este a la espera del <b>nacimiento de Aitana<\/b>, programado para fines de enero.<\/p>\n<p><\/p>\n<p class=\"paragraph\">Pero Cami lo hace con naturalidad. Cuando la conductora le pidi\u00f3 que diera un \u201cpromedio semanal\u201d, ella no esquiv\u00f3 la pregunta, aunque se tom\u00f3 unos segundos para matizar su respuesta. \u201cPar\u00e1, te estaba diciendo realidad, pero <b>yo creo que ya me est\u00e1 costando un poco<\/b>\u201d, admiti\u00f3 con una carcajada sincera. <\/p>\n<p><\/p>\n<p class=\"paragraph\">En ese tono distendido, Cami detall\u00f3 los pormenores que atraviesa con su gestaci\u00f3n. \u201cNo es lo mismo una panza de cinco o seis meses que de siete meses y medio, \u00bfentend\u00e9s? O as\u00ed, llegando casi a los ocho\u201d, dijo. En ese momento, la charla se volvi\u00f3 c\u00e1lida e intimista, y la conductora la invit\u00f3 entonces a ponerle n\u00fameros a la cuesti\u00f3n. <\/p>\n<p><\/p>\n<p class=\"paragraph\">Cami, lejos de incomodarse, lanz\u00f3 su promedio con total honestidad: \u201c<b>Hoy creo que un promedio de dos de siete<\/b>\u201d. La frase qued\u00f3 flotando en el aire y provoc\u00f3 una reacci\u00f3n inmediata de Erica: \u201cBien, bueno, para estar embarazada, eh\u201d. La comunicaci\u00f3n entre ambas fluy\u00f3 sin barreras y la confesi\u00f3n se volvi\u00f3 tema central. <\/p>\n<p><\/p>\n<p class=\"paragraph\">El embarazo, con sus cambios f\u00edsicos y emocionales, suele estar rodeado de silencios en torno al deseo y la intimidad. Cami los rompi\u00f3 de un plumazo: \u201c<b>En este \u00faltimo trimestre, totalmente<\/b>\u201d. As\u00ed, puso en palabras una realidad que muchas mujeres experimentan en esta etapa pero no siempre se animan a compartir.<\/p>\n<p><\/p>\n<p class=\"paragraph\">\u201c\u00bfC\u00f3mo Jos\u00e9 no te va a preparar la ropita de equitaci\u00f3n?\u201d, solt\u00f3 la conductora en tono c\u00f3mplice. Cami respondi\u00f3 entre risas: \u201cMi amor\u201d. <\/p>\n","protected":false},"excerpt":{"rendered":"<p>La modelo, que se prepara para recibir a Aitana junto a su pareja a fines de enero, habl\u00f3 de su intimidad sin prejuicios en la recta final de su gestaci\u00f3n Cami Homs vive un per\u00edodo de plenitud en plena recta final de su embarazo. Junto a Jos\u00e9 El Principito Sosa y sus dos hijos, Francesca [&hellip;]<\/p>\n","protected":false},"author":2,"featured_media":63137,"comment_status":"","ping_status":"","sticky":false,"template":"","format":"standard","meta":{"footnotes":""},"categories":[12],"tags":[],"_links":{"self":[{"href":"https:\/\/maxradio923.com.ar\/index.php\/wp-json\/wp\/v2\/posts\/71832"}],"collection":[{"href":"https:\/\/maxradio923.com.ar\/index.php\/wp-json\/wp\/v2\/posts"}],"about":[{"href":"https:\/\/maxradio923.com.ar\/index.php\/wp-json\/wp\/v2\/types\/post"}],"author":[{"embeddable":true,"href":"https:\/\/maxradio923.com.ar\/index.php\/wp-json\/wp\/v2\/users\/2"}],"replies":[{"embeddable":true,"href":"https:\/\/maxradio923.com.ar\/index.php\/wp-json\/wp\/v2\/comments?post=71832"}],"version-history":[{"count":0,"href":"https:\/\/maxradio923.com.ar\/index.php\/wp-json\/wp\/v2\/posts\/71832\/revisions"}],"wp:featuredmedia":[{"embeddable":true,"href":"https:\/\/maxradio923.com.ar\/index.php\/wp-json\/wp\/v2\/media\/63137"}],"wp:attachment":[{"href":"https:\/\/maxradio923.com.ar\/index.php\/wp-json\/wp\/v2\/media?parent=71832"}],"wp:term":[{"taxonomy":"category","embeddable":true,"href":"https:\/\/maxradio923.com.ar\/index.php\/wp-json\/wp\/v2\/categories?post=71832"},{"taxonomy":"post_tag","embeddable":true,"href":"https:\/\/maxradio923.com.ar\/index.php\/wp-json\/wp\/v2\/tags?post=71832"}],"curies":[{"name":"wp","href":"https:\/\/api.w.org\/{rel}","templated":true}]}}