{"id":71827,"date":"2026-01-14T10:41:05","date_gmt":"2026-01-14T13:41:05","guid":{"rendered":"https:\/\/maxradio923.com.ar\/index.php\/2026\/01\/14\/cual-fue-la-inflacion-de-2025-medida-con-el-nuevo-indice-de-precios-que-el-indec-aplicara-a-partir-de-enero\/"},"modified":"2026-01-14T10:41:05","modified_gmt":"2026-01-14T13:41:05","slug":"cual-fue-la-inflacion-de-2025-medida-con-el-nuevo-indice-de-precios-que-el-indec-aplicara-a-partir-de-enero","status":"publish","type":"post","link":"https:\/\/maxradio923.com.ar\/index.php\/2026\/01\/14\/cual-fue-la-inflacion-de-2025-medida-con-el-nuevo-indice-de-precios-que-el-indec-aplicara-a-partir-de-enero\/","title":{"rendered":"Cu\u00e1l fue la inflaci\u00f3n de 2025 medida con el nuevo \u00edndice de precios que el Indec aplicar\u00e1 a partir de enero"},"content":{"rendered":"<p><\/p>\n<h2 class=\"article-subheadline text_align_left\">Con los ajustes metodol\u00f3gicos que se aplicar\u00e1n este mes se modificar\u00e1 la incidencia de rubros como alimentos, servicios p\u00fablicos y alquileres en la composici\u00f3n del IPC<\/h2>\n<p><\/p>\n<p class=\"paragraph\">La inflaci\u00f3n de diciembre lleg\u00f3 a 2,8% mensual y a 31,5% en 2025, la m\u00e1s baja de los \u00faltimos 8 a\u00f1os y resulta una baja significativa contra 2024, cuando cerr\u00f3 en 117,8%. Sin embargo, el Indec debe actualizar la canasta con la que se elabora el <b>\u00cdndice de Precios al Consumidor (IPC)<\/b> de manera que refleje los consumos actuales de la poblaci\u00f3n. Esto resultar\u00eda en una cifra levemente superior a la informada.<\/p>\n<p><\/p>\n<p class=\"paragraph\">En sentido contrario, algunas categor\u00edas que hist\u00f3ricamente tuvieron mayor incidencia en la medici\u00f3n perder\u00e1n relevancia. <b>Alimentos y bebidas no alcoh\u00f3licas<\/b>, que actualmente explican cerca del 26,9% del \u00edndice, ver\u00e1n su ponderaci\u00f3n caer al 22,7%.<\/p>\n<p><\/p>\n<p class=\"paragraph\">Esto se debe a que el nuevo IPC se elaborar\u00e1 a partir de ponderaciones actualizadas, basadas en la Encuesta de Ingresos y Gastos de los Hogares (ENGHo) 2017-2018, con ajustes que reflejan los cambios en los consumos desde 2004-2005, el par\u00e1metro utilizado hasta ahora.<\/p>\n<p><\/p>\n<p class=\"paragraph\"><b>Gonzalo Carrera<\/b>, economista de Equilibra, se\u00f1al\u00f3 que con los ponderadores de la <b>Encuesta Nacional de Gastos 2017\/18<\/b> \u2014que comenzar\u00e1n a aplicarse en la medici\u00f3n oficial desde enero\u2014, <b>la inflaci\u00f3n de diciembre alcanz\u00f3 2,9%.<\/b><\/p>\n<p><\/p>\n<p class=\"paragraph\">Las diferencias mes a mes con la medici\u00f3n vigente (ENGHo 2004\/05) son m\u00ednimas, pero hacen que la inflaci\u00f3n anual cierre en 32,2%, es decir, 0,7 puntos porcentuales por encima del registro oficial.<\/p>\n<p><\/p>\n<p class=\"paragraph\">Durante 2025, el Indec llev\u00f3 a cabo pruebas internas con la nueva metodolog\u00eda y, como se observa en el gr\u00e1fico, los resultados muestran en la mayor\u00eda de los casos <b>valores muy similares a los del \u00edndice vigente<\/b>, lo que facilit\u00f3 la decisi\u00f3n de avanzar con su implementaci\u00f3n.<\/p>\n","protected":false},"excerpt":{"rendered":"<p>Con los ajustes metodol\u00f3gicos que se aplicar\u00e1n este mes se modificar\u00e1 la incidencia de rubros como alimentos, servicios p\u00fablicos y alquileres en la composici\u00f3n del IPC La inflaci\u00f3n de diciembre lleg\u00f3 a 2,8% mensual y a 31,5% en 2025, la m\u00e1s baja de los \u00faltimos 8 a\u00f1os y resulta una baja significativa contra 2024, cuando [&hellip;]<\/p>\n","protected":false},"author":2,"featured_media":71828,"comment_status":"","ping_status":"","sticky":false,"template":"","format":"standard","meta":{"footnotes":""},"categories":[12],"tags":[],"_links":{"self":[{"href":"https:\/\/maxradio923.com.ar\/index.php\/wp-json\/wp\/v2\/posts\/71827"}],"collection":[{"href":"https:\/\/maxradio923.com.ar\/index.php\/wp-json\/wp\/v2\/posts"}],"about":[{"href":"https:\/\/maxradio923.com.ar\/index.php\/wp-json\/wp\/v2\/types\/post"}],"author":[{"embeddable":true,"href":"https:\/\/maxradio923.com.ar\/index.php\/wp-json\/wp\/v2\/users\/2"}],"replies":[{"embeddable":true,"href":"https:\/\/maxradio923.com.ar\/index.php\/wp-json\/wp\/v2\/comments?post=71827"}],"version-history":[{"count":0,"href":"https:\/\/maxradio923.com.ar\/index.php\/wp-json\/wp\/v2\/posts\/71827\/revisions"}],"wp:featuredmedia":[{"embeddable":true,"href":"https:\/\/maxradio923.com.ar\/index.php\/wp-json\/wp\/v2\/media\/71828"}],"wp:attachment":[{"href":"https:\/\/maxradio923.com.ar\/index.php\/wp-json\/wp\/v2\/media?parent=71827"}],"wp:term":[{"taxonomy":"category","embeddable":true,"href":"https:\/\/maxradio923.com.ar\/index.php\/wp-json\/wp\/v2\/categories?post=71827"},{"taxonomy":"post_tag","embeddable":true,"href":"https:\/\/maxradio923.com.ar\/index.php\/wp-json\/wp\/v2\/tags?post=71827"}],"curies":[{"name":"wp","href":"https:\/\/api.w.org\/{rel}","templated":true}]}}