{"id":71821,"date":"2026-01-14T10:09:04","date_gmt":"2026-01-14T13:09:04","guid":{"rendered":"https:\/\/maxradio923.com.ar\/index.php\/2026\/01\/14\/marcela-tauro-revelo-una-situacion-incomoda-que-vivio-con-julio-iglesias-me-dio-un-pico-y-me-sento-en-su-falda\/"},"modified":"2026-01-14T10:09:04","modified_gmt":"2026-01-14T13:09:04","slug":"marcela-tauro-revelo-una-situacion-incomoda-que-vivio-con-julio-iglesias-me-dio-un-pico-y-me-sento-en-su-falda","status":"publish","type":"post","link":"https:\/\/maxradio923.com.ar\/index.php\/2026\/01\/14\/marcela-tauro-revelo-una-situacion-incomoda-que-vivio-con-julio-iglesias-me-dio-un-pico-y-me-sento-en-su-falda\/","title":{"rendered":"Marcela Tauro revel\u00f3 una situaci\u00f3n inc\u00f3moda que vivi\u00f3 con Julio Iglesias: \u201cMe dio un pico y me sent\u00f3 en su falda\u201d"},"content":{"rendered":"<p><\/p>\n<h2 class=\"article-subheadline text_align_left\">En medio de la ola de denuncias que afronta el cantante espa\u00f1ol, la periodista cont\u00f3 un episodio desafortunado que tuvieron en San Pablo<\/h2>\n<p><\/p>\n<p class=\"paragraph\"><b>Julio Iglesias enfrenta denuncias de abuso sexual<\/b> tras revelarse una <b>investigaci\u00f3n period\u00edstica internacional<\/b> basada en los testimonios de dos <b>exempleadas<\/b> en sus residencias del Caribe. <\/p>\n<p><\/p>\n<p class=\"paragraph\">En paralelo, la periodista <b>Marcela Tauro<\/b> record\u00f3 en <b>Am\u00e9rica TV<\/b> una experiencia inc\u00f3moda con el cantante ocurrida a\u00f1os atr\u00e1s en <b>San Pablo, <\/b>Brasil, tras varias horas de espera luego de realizar una entrevista. \u201cCuando termin\u00f3 la nota, me agarr\u00f3, me dio un pico y me sent\u00f3 en la falda. \u2018La foto es esta\u2019, le dijo al fot\u00f3grafo\u201d, relat\u00f3 la panelista en Intrusos. <b>\u201cEn ese momento yo era joven y te incomoda\u201d<\/b>, agreg\u00f3.<\/p>\n<p><\/p>\n<p class=\"paragraph\">Marcela indic\u00f3 que esa conducta \u201cno fue un caso aislado\u201d, ya que Iglesias habr\u00eda hecho lo mismo con otras periodistas de la revista. <b>Tauro se\u00f1al\u00f3 que, por entonces, en el entorno medi\u00e1tico la situaci\u00f3n fue tomada incluso con cierta trivialidad al exhibirse las fotograf\u00edas, pero advirti\u00f3 que el comportamiento se repet\u00eda como un \u201cpatr\u00f3n\u201d.<\/b><\/p>\n<p><\/p>\n<p class=\"paragraph\">En relaci\u00f3n con la denuncia, la coincidencia entre los testimonios de las exempleadas y la experiencia de la periodista refuerza la imagen de un entorno marcado por la <b>violencia de g\u00e9nero<\/b> y el <b>abuso de poder<\/b> tanto en el hogar como en el \u00e1mbito profesional. Las similitudes en las narraciones permiten identificar un comportamiento reiterado por parte de Iglesias hacia diferentes mujeres.<\/p>\n<p><\/p>\n<p class=\"paragraph\">Para quienes trabajaron en las residencias del artista, la convivencia result\u00f3 una experiencia marcada por el temor y el maltrato, dejando huellas que perduran como recordatorio de la responsabilidad del entorno en el mundo del espect\u00e1culo.<\/p>\n<p><\/p>\n<p class=\"paragraph\"><b>El entorno laboral, seg\u00fan ambas mujeres, estaba marcado por el aislamiento de las empleadas dom\u00e9sticas, reglas restrictivas y una vigilancia constante sobre aspectos personales como la comida, la menstruaci\u00f3n o el uso del tel\u00e9fono m\u00f3vil<\/b>. Las reglas prohib\u00edan tomar fotograf\u00edas; Rebeca explic\u00f3 que ocultaba conversaciones e im\u00e1genes por temor a represalias. En la vivienda de Punta Cana, la plantilla documentada en agosto de 2023 lleg\u00f3 a tener hasta 16 personas.<\/p>\n","protected":false},"excerpt":{"rendered":"<p>En medio de la ola de denuncias que afronta el cantante espa\u00f1ol, la periodista cont\u00f3 un episodio desafortunado que tuvieron en San Pablo Julio Iglesias enfrenta denuncias de abuso sexual tras revelarse una investigaci\u00f3n period\u00edstica internacional basada en los testimonios de dos exempleadas en sus residencias del Caribe. En paralelo, la periodista Marcela Tauro record\u00f3 [&hellip;]<\/p>\n","protected":false},"author":2,"featured_media":71822,"comment_status":"","ping_status":"","sticky":false,"template":"","format":"standard","meta":{"footnotes":""},"categories":[12],"tags":[],"_links":{"self":[{"href":"https:\/\/maxradio923.com.ar\/index.php\/wp-json\/wp\/v2\/posts\/71821"}],"collection":[{"href":"https:\/\/maxradio923.com.ar\/index.php\/wp-json\/wp\/v2\/posts"}],"about":[{"href":"https:\/\/maxradio923.com.ar\/index.php\/wp-json\/wp\/v2\/types\/post"}],"author":[{"embeddable":true,"href":"https:\/\/maxradio923.com.ar\/index.php\/wp-json\/wp\/v2\/users\/2"}],"replies":[{"embeddable":true,"href":"https:\/\/maxradio923.com.ar\/index.php\/wp-json\/wp\/v2\/comments?post=71821"}],"version-history":[{"count":0,"href":"https:\/\/maxradio923.com.ar\/index.php\/wp-json\/wp\/v2\/posts\/71821\/revisions"}],"wp:featuredmedia":[{"embeddable":true,"href":"https:\/\/maxradio923.com.ar\/index.php\/wp-json\/wp\/v2\/media\/71822"}],"wp:attachment":[{"href":"https:\/\/maxradio923.com.ar\/index.php\/wp-json\/wp\/v2\/media?parent=71821"}],"wp:term":[{"taxonomy":"category","embeddable":true,"href":"https:\/\/maxradio923.com.ar\/index.php\/wp-json\/wp\/v2\/categories?post=71821"},{"taxonomy":"post_tag","embeddable":true,"href":"https:\/\/maxradio923.com.ar\/index.php\/wp-json\/wp\/v2\/tags?post=71821"}],"curies":[{"name":"wp","href":"https:\/\/api.w.org\/{rel}","templated":true}]}}