{"id":71819,"date":"2026-01-14T10:05:05","date_gmt":"2026-01-14T13:05:05","guid":{"rendered":"https:\/\/maxradio923.com.ar\/index.php\/2026\/01\/14\/japon-takaichi-busca-capitalizar-su-alta-popularidad-y-convocaria-a-elecciones-anticipadas-en-febrero\/"},"modified":"2026-01-14T10:05:05","modified_gmt":"2026-01-14T13:05:05","slug":"japon-takaichi-busca-capitalizar-su-alta-popularidad-y-convocaria-a-elecciones-anticipadas-en-febrero","status":"publish","type":"post","link":"https:\/\/maxradio923.com.ar\/index.php\/2026\/01\/14\/japon-takaichi-busca-capitalizar-su-alta-popularidad-y-convocaria-a-elecciones-anticipadas-en-febrero\/","title":{"rendered":"Jap\u00f3n: Takaichi busca capitalizar su alta popularidad y convocar\u00eda a elecciones anticipadas en febrero"},"content":{"rendered":"<p><\/p>\n<div xmlns:default=\"http:\/\/www.w3.org\/2000\/svg\">\n<div class=\"visual__image image-initial-width\"><picture><source srcset=\"https:\/\/www.infobae.com\/resizer\/v2\/MTVH6YF4QJFEFIOUEKGIQ4G2XQ.JPG?auth=ba66e83a0fb48d78560e302929dcdcc11462c1eb6adc6c648d24dd459f6ee23a&amp;smart=true&amp;width=992&amp;height=663&amp;quality=85\" media=\"(min-width: 1000px)\"\/><source srcset=\"https:\/\/www.infobae.com\/resizer\/v2\/MTVH6YF4QJFEFIOUEKGIQ4G2XQ.JPG?auth=ba66e83a0fb48d78560e302929dcdcc11462c1eb6adc6c648d24dd459f6ee23a&amp;smart=true&amp;width=768&amp;height=513&amp;quality=85\" media=\"(min-width: 768px)\"\/><source srcset=\"https:\/\/www.infobae.com\/resizer\/v2\/MTVH6YF4QJFEFIOUEKGIQ4G2XQ.JPG?auth=ba66e83a0fb48d78560e302929dcdcc11462c1eb6adc6c648d24dd459f6ee23a&amp;smart=true&amp;width=577&amp;height=386&amp;quality=85\" media=\"(min-width: 580px)\"\/><source srcset=\"https:\/\/www.infobae.com\/resizer\/v2\/MTVH6YF4QJFEFIOUEKGIQ4G2XQ.JPG?auth=ba66e83a0fb48d78560e302929dcdcc11462c1eb6adc6c648d24dd459f6ee23a&amp;smart=true&amp;width=420&amp;height=281&amp;quality=85\" media=\"(min-width: 350px)\"\/><source srcset=\"https:\/\/www.infobae.com\/resizer\/v2\/MTVH6YF4QJFEFIOUEKGIQ4G2XQ.JPG?auth=ba66e83a0fb48d78560e302929dcdcc11462c1eb6adc6c648d24dd459f6ee23a&amp;smart=true&amp;width=350&amp;height=234&amp;quality=85\" media=\"(min-width: 80px)\"\/><img alt=\"El primer ministro japon\u00e9s, Sanae\" class=\"global-image\" decoding=\"async\" fetchpriority=\"high\" height=\"2201\" loading=\"eager\" src=\"https:\/\/www.infobae.com\/resizer\/v2\/MTVH6YF4QJFEFIOUEKGIQ4G2XQ.JPG?auth=ba66e83a0fb48d78560e302929dcdcc11462c1eb6adc6c648d24dd459f6ee23a&amp;smart=true&amp;width=350&amp;height=234&amp;quality=85\" width=\"3294\"\/><\/picture><figcaption class=\"article-figcaption-img\">El primer ministro japon\u00e9s, Sanae Takaichi. REUTERS\/Kim Hong-ji\/Foto de archivo<\/figcaption><\/div>\n<p class=\"paragraph\">La primera ministra japonesa, Sanae Takaichi, informar\u00e1 a las autoridades de su partido que prev\u00e9 convocar elecciones generales para capitalizar el apoyo popular a su gobierno, reportaron el mi\u00e9rcoles medios de prensa.<\/p>\n<p class=\"paragraph\">Takaichi asumi\u00f3 en octubre como la primera mujer jefa de gobierno de Jap\u00f3n, y su <b>gabinete tiene un apoyo de alrededor del 70%<\/b>.<\/p>\n<p class=\"paragraph\">El bloque gobernante dispone de una estrecha mayor\u00eda en la c\u00e1mara baja del Parlamento, lo que le dificulta impulsar su ambiciosa agenda pol\u00edtica.<\/p>\n<p class=\"paragraph\">Takaichi \u201cinformar\u00e1 a altos cargos del Partido Liberal Democr\u00e1tico (PLD) de su intenci\u00f3n de disolver la c\u00e1mara baja\u201d el 23 de enero, inform\u00f3 el diario Nikkei Shimbun, citando fuentes an\u00f3nimas del gobierno y del PLD.<\/p>\n<div class=\"visual__image\"><picture><source srcset=\"https:\/\/www.infobae.com\/resizer\/v2\/CNHANCP4KRETZM67RM5QMTTODM.JPG?auth=10636c3b5dd9047b5471f3532817e0efa8438a34e7484b56ca819da3bdcb2351&amp;smart=true&amp;width=992&amp;height=683&amp;quality=85\" media=\"(min-width: 1000px)\"\/><source srcset=\"https:\/\/www.infobae.com\/resizer\/v2\/CNHANCP4KRETZM67RM5QMTTODM.JPG?auth=10636c3b5dd9047b5471f3532817e0efa8438a34e7484b56ca819da3bdcb2351&amp;smart=true&amp;width=768&amp;height=529&amp;quality=85\" media=\"(min-width: 768px)\"\/><source srcset=\"https:\/\/www.infobae.com\/resizer\/v2\/CNHANCP4KRETZM67RM5QMTTODM.JPG?auth=10636c3b5dd9047b5471f3532817e0efa8438a34e7484b56ca819da3bdcb2351&amp;smart=true&amp;width=577&amp;height=397&amp;quality=85\" media=\"(min-width: 580px)\"\/><source srcset=\"https:\/\/www.infobae.com\/resizer\/v2\/CNHANCP4KRETZM67RM5QMTTODM.JPG?auth=10636c3b5dd9047b5471f3532817e0efa8438a34e7484b56ca819da3bdcb2351&amp;smart=true&amp;width=420&amp;height=289&amp;quality=85\" media=\"(min-width: 350px)\"\/><source srcset=\"https:\/\/www.infobae.com\/resizer\/v2\/CNHANCP4KRETZM67RM5QMTTODM.JPG?auth=10636c3b5dd9047b5471f3532817e0efa8438a34e7484b56ca819da3bdcb2351&amp;smart=true&amp;width=350&amp;height=241&amp;quality=85\" media=\"(min-width: 80px)\"\/><img alt=\"Los votantes miran carteles de\" class=\"global-image\" decoding=\"async\" fetchpriority=\"low\" height=\"551\" loading=\"lazy\" src=\"https:\/\/www.infobae.com\/resizer\/v2\/CNHANCP4KRETZM67RM5QMTTODM.JPG?auth=10636c3b5dd9047b5471f3532817e0efa8438a34e7484b56ca819da3bdcb2351&amp;smart=true&amp;width=350&amp;height=241&amp;quality=85\" width=\"800\"\/><\/picture><figcaption class=\"article-figcaption-img\">Los votantes miran carteles de candidatos para las elecciones a la C\u00e1mara Alta afuera de un colegio electoral en Tokio, Jap\u00f3n, el 20 de julio de 2025. REUTERS\/Manami Yamada<\/figcaption><\/div>\n<p class=\"paragraph\">Con ello abrir\u00eda el camino a unas <b>elecciones anticipadas \u201cdirigidas a aumentar el n\u00famero de esca\u00f1os del partido gobernante\u201d<\/b>, seg\u00fan Nikkei.<\/p>\n<p class=\"paragraph\">La televisi\u00f3n p\u00fablica NHK tambi\u00e9n report\u00f3 que Takaichi \u201cest\u00e1 coordinando\u201d una reuni\u00f3n con altos cargos para explicarles su plan.<\/p>\n<p class=\"paragraph\">La reuni\u00f3n con los jerarcas del PLD y miembros de su socio de coalici\u00f3n, el Partido Innovaci\u00f3n Jap\u00f3n, tendr\u00e1 lugar la noche de este mi\u00e9rcoles, indic\u00f3 la televisi\u00f3n Asahi.<\/p>\n<p class=\"paragraph\">El portavoz gubernamental Minoru Kihara se neg\u00f3 a hacer comentarios al respecto y dijo que se trata de \u201cuna decisi\u00f3n que corresponde a la primera ministra\u201c.<\/p>\n<div class=\"visual__image\"><picture><source srcset=\"https:\/\/www.infobae.com\/resizer\/v2\/25JCNGFKPRCJVL3YIB54K3GUGI.JPG?auth=31176ff8c202c12d792eab01a2e4c25991e9be2c2b897700836484860a738ede&amp;smart=true&amp;width=992&amp;height=734&amp;quality=85\" media=\"(min-width: 1000px)\"\/><source srcset=\"https:\/\/www.infobae.com\/resizer\/v2\/25JCNGFKPRCJVL3YIB54K3GUGI.JPG?auth=31176ff8c202c12d792eab01a2e4c25991e9be2c2b897700836484860a738ede&amp;smart=true&amp;width=768&amp;height=568&amp;quality=85\" media=\"(min-width: 768px)\"\/><source srcset=\"https:\/\/www.infobae.com\/resizer\/v2\/25JCNGFKPRCJVL3YIB54K3GUGI.JPG?auth=31176ff8c202c12d792eab01a2e4c25991e9be2c2b897700836484860a738ede&amp;smart=true&amp;width=577&amp;height=427&amp;quality=85\" media=\"(min-width: 580px)\"\/><source srcset=\"https:\/\/www.infobae.com\/resizer\/v2\/25JCNGFKPRCJVL3YIB54K3GUGI.JPG?auth=31176ff8c202c12d792eab01a2e4c25991e9be2c2b897700836484860a738ede&amp;smart=true&amp;width=420&amp;height=311&amp;quality=85\" media=\"(min-width: 350px)\"\/><source srcset=\"https:\/\/www.infobae.com\/resizer\/v2\/25JCNGFKPRCJVL3YIB54K3GUGI.JPG?auth=31176ff8c202c12d792eab01a2e4c25991e9be2c2b897700836484860a738ede&amp;smart=true&amp;width=350&amp;height=259&amp;quality=85\" media=\"(min-width: 80px)\"\/><img alt=\"Funcionarios electorales cuentan votos en\" class=\"global-image\" decoding=\"async\" fetchpriority=\"low\" height=\"592\" loading=\"lazy\" src=\"https:\/\/www.infobae.com\/resizer\/v2\/25JCNGFKPRCJVL3YIB54K3GUGI.JPG?auth=31176ff8c202c12d792eab01a2e4c25991e9be2c2b897700836484860a738ede&amp;smart=true&amp;width=350&amp;height=259&amp;quality=85\" width=\"800\"\/><\/picture><figcaption class=\"article-figcaption-img\">Funcionarios electorales cuentan votos en un centro de recuento de votos para las elecciones a la C\u00e1mara alta de Jap\u00f3n en Tokio, Jap\u00f3n, el 20 de julio de 2025. REUTERS\/Manami Yamada<\/figcaption><\/div>\n<p class=\"paragraph\">El mi\u00e9rcoles, tambi\u00e9n transmiti\u00f3 su intenci\u00f3n de disolver la c\u00e1mara a<b> Shunichi Suzuki<\/b>, secretario general de su gobernante Partido Liberal Democr\u00e1tico (PLD).<\/p>\n<p class=\"paragraph\">Suzuki dijo a los periodistas en Tokio que las elecciones se centrar\u00edan en parte en buscar un mandato p\u00fablico sobre la actual alianza entre el PDL y el JIP, que se materializ\u00f3 recientemente despu\u00e9s de que el ex socio del partido gobernante abandonara la coalici\u00f3n.<\/p>\n<p class=\"paragraph\">El partido juvenil Komeito puso fin a su relaci\u00f3n de 26 a\u00f1os con el PLD el a\u00f1o pasado, citando el fracaso de este \u00faltimo en endurecer las normas de financiaci\u00f3n del partido tras un perjudicial esc\u00e1ndalo de fondos il\u00edcitos.<\/p>\n<p class=\"paragraph\">Tambi\u00e9n le inquietaron la dura ret\u00f3rica anterior de Takaichi hacia China y sus visitas regulares a un santuario de Tokio que honra a los ca\u00eddos en la guerra de Jap\u00f3n, incluidos criminales de guerra.<\/p>\n<div class=\"visual__image\"><picture><source srcset=\"https:\/\/www.infobae.com\/resizer\/v2\/JNFECDRPKETIHEFWO2GMUJNJB4.jpg?auth=41baa669607c71f1c8ab6471c7aa5cd0815601c26e8608b597146292a0dc199c&amp;smart=true&amp;width=992&amp;height=662&amp;quality=85\" media=\"(min-width: 1000px)\"\/><source srcset=\"https:\/\/www.infobae.com\/resizer\/v2\/JNFECDRPKETIHEFWO2GMUJNJB4.jpg?auth=41baa669607c71f1c8ab6471c7aa5cd0815601c26e8608b597146292a0dc199c&amp;smart=true&amp;width=768&amp;height=513&amp;quality=85\" media=\"(min-width: 768px)\"\/><source srcset=\"https:\/\/www.infobae.com\/resizer\/v2\/JNFECDRPKETIHEFWO2GMUJNJB4.jpg?auth=41baa669607c71f1c8ab6471c7aa5cd0815601c26e8608b597146292a0dc199c&amp;smart=true&amp;width=577&amp;height=385&amp;quality=85\" media=\"(min-width: 580px)\"\/><source srcset=\"https:\/\/www.infobae.com\/resizer\/v2\/JNFECDRPKETIHEFWO2GMUJNJB4.jpg?auth=41baa669607c71f1c8ab6471c7aa5cd0815601c26e8608b597146292a0dc199c&amp;smart=true&amp;width=420&amp;height=280&amp;quality=85\" media=\"(min-width: 350px)\"\/><source srcset=\"https:\/\/www.infobae.com\/resizer\/v2\/JNFECDRPKETIHEFWO2GMUJNJB4.jpg?auth=41baa669607c71f1c8ab6471c7aa5cd0815601c26e8608b597146292a0dc199c&amp;smart=true&amp;width=350&amp;height=234&amp;quality=85\" media=\"(min-width: 80px)\"\/><img alt=\"Shunichi Suzuki, secretario general de\" class=\"global-image\" decoding=\"async\" fetchpriority=\"low\" height=\"534\" loading=\"lazy\" src=\"https:\/\/www.infobae.com\/resizer\/v2\/JNFECDRPKETIHEFWO2GMUJNJB4.jpg?auth=41baa669607c71f1c8ab6471c7aa5cd0815601c26e8608b597146292a0dc199c&amp;smart=true&amp;width=350&amp;height=234&amp;quality=85\" width=\"800\"\/><\/picture><figcaption class=\"article-figcaption-img\">Shunichi Suzuki, secretario general de su gobernante Partido Liberal Democr\u00e1tico (PLD). REUTERS\/Susana Vera\/Archivo<\/figcaption><\/div>\n<p class=\"paragraph\">Si Takaichi disuelve la c\u00e1mara baja el 23 de enero, fecha de inicio de las sesiones legislativas, las elecciones podr\u00edan celebrarse el 8 de febrero, seg\u00fan varios medios.<\/p>\n<p class=\"paragraph\">Al acortar el per\u00edodo entre la disoluci\u00f3n del parlamento y las elecciones generales, Takaichi espera limitar el impacto de las elecciones en el debate parlamentario sobre el proyecto de ley de presupuesto para el pr\u00f3ximo a\u00f1o fiscal, afirm\u00f3 el peri\u00f3dico Yomiuri.<\/p>\n<p class=\"paragraph\">El gabinete de Takaichi aprob\u00f3 un <b>presupuesto r\u00e9cord de 122,3 billones de yenes (768.000 millones de d\u00f3lares)<\/b> para el a\u00f1o fiscal que comienza en abril de 2026, y ella ha prometido obtener la aprobaci\u00f3n parlamentaria lo antes posible para abordar la inflaci\u00f3n y apuntalar la cuarta econom\u00eda m\u00e1s grande del mundo.<\/p>\n<p class=\"paragraph\"><b>Takaichi es la quinta primera ministra japonesa en cinco a\u00f1os, y fue electa inicialmente como jefa de un gobierno de minor\u00eda.<\/b><\/p>\n<div class=\"visual__image\"><picture><source srcset=\"https:\/\/www.infobae.com\/resizer\/v2\/Z76KQFP6VZF6DOH5G3Y2QGWYMI.JPG?auth=1f73a2db1d658d6b8125075520622ae499b6a07054f6ba7f624d7a7ec77b821e&amp;smart=true&amp;width=992&amp;height=661&amp;quality=85\" media=\"(min-width: 1000px)\"\/><source srcset=\"https:\/\/www.infobae.com\/resizer\/v2\/Z76KQFP6VZF6DOH5G3Y2QGWYMI.JPG?auth=1f73a2db1d658d6b8125075520622ae499b6a07054f6ba7f624d7a7ec77b821e&amp;smart=true&amp;width=768&amp;height=512&amp;quality=85\" media=\"(min-width: 768px)\"\/><source srcset=\"https:\/\/www.infobae.com\/resizer\/v2\/Z76KQFP6VZF6DOH5G3Y2QGWYMI.JPG?auth=1f73a2db1d658d6b8125075520622ae499b6a07054f6ba7f624d7a7ec77b821e&amp;smart=true&amp;width=577&amp;height=385&amp;quality=85\" media=\"(min-width: 580px)\"\/><source srcset=\"https:\/\/www.infobae.com\/resizer\/v2\/Z76KQFP6VZF6DOH5G3Y2QGWYMI.JPG?auth=1f73a2db1d658d6b8125075520622ae499b6a07054f6ba7f624d7a7ec77b821e&amp;smart=true&amp;width=420&amp;height=280&amp;quality=85\" media=\"(min-width: 350px)\"\/><source srcset=\"https:\/\/www.infobae.com\/resizer\/v2\/Z76KQFP6VZF6DOH5G3Y2QGWYMI.JPG?auth=1f73a2db1d658d6b8125075520622ae499b6a07054f6ba7f624d7a7ec77b821e&amp;smart=true&amp;width=350&amp;height=233&amp;quality=85\" media=\"(min-width: 80px)\"\/><img alt=\"El primer ministro de Jap\u00f3n,\" class=\"global-image\" decoding=\"async\" fetchpriority=\"low\" height=\"3103\" loading=\"lazy\" src=\"https:\/\/www.infobae.com\/resizer\/v2\/Z76KQFP6VZF6DOH5G3Y2QGWYMI.JPG?auth=1f73a2db1d658d6b8125075520622ae499b6a07054f6ba7f624d7a7ec77b821e&amp;smart=true&amp;width=350&amp;height=233&amp;quality=85\" width=\"4654\"\/><\/picture><figcaption class=\"article-figcaption-img\">El primer ministro de Jap\u00f3n, Sanae Takaichi, y el sacerdote superintendente Shokaku Furuya despiden al presidente de Corea del Sur, Lee Jae Myung, en el templo Horyu-ji en Ikaruga, prefectura de Nara, Jap\u00f3n, el 14 de enero de 2026. YUICHI YAMAZAKI\/Pool v\u00eda REUTERS<\/figcaption><\/div>\n<p class=\"paragraph\">El bloque gobernante alcanz\u00f3 la mayor\u00eda en la c\u00e1mara baja en noviembre, cuando tres legisladores se unieron al partido de Takaichi.<\/p>\n<p class=\"paragraph\"><b>La coalici\u00f3n permanece en minor\u00eda en la c\u00e1mara alta.<\/b><\/p>\n<p class=\"paragraph\"><i>(con informaci\u00f3n de AFP)<\/i><\/p>\n<\/div>\n<p><script defer=\"\">try{!function(f,b,e,v,n,t,s) {if(f.fbq)return;n=f.fbq=function(){n.callMethod? n.callMethod.apply(n,arguments):n.queue.push(arguments)}; if(!f._fbq)f._fbq=n;n.push=n;n.loaded=!0;n.version='2.0'; n.queue=[];t=b.createElement(e);t.async=!0; t.src=v;s=b.getElementsByTagName(e)[0]; s.parentNode.insertBefore(t,s)}(window, document,'script', ' fbq('init', '336383993555320'); fbq('track', 'PageView'); fbq('track', 'ViewContent');}catch(error){console.log(\"Error al inicializar facebookPixelRawCodeScript:\",error);}<\/script><\/p>\n","protected":false},"excerpt":{"rendered":"<p>El primer ministro japon\u00e9s, Sanae Takaichi. REUTERS\/Kim Hong-ji\/Foto de archivo La primera ministra japonesa, Sanae Takaichi, informar\u00e1 a las autoridades de su partido que prev\u00e9 convocar elecciones generales para capitalizar el apoyo popular a su gobierno, reportaron el mi\u00e9rcoles medios de prensa. Takaichi asumi\u00f3 en octubre como la primera mujer jefa de gobierno de Jap\u00f3n, [&hellip;]<\/p>\n","protected":false},"author":2,"featured_media":71820,"comment_status":"","ping_status":"","sticky":false,"template":"","format":"standard","meta":{"footnotes":""},"categories":[3],"tags":[],"_links":{"self":[{"href":"https:\/\/maxradio923.com.ar\/index.php\/wp-json\/wp\/v2\/posts\/71819"}],"collection":[{"href":"https:\/\/maxradio923.com.ar\/index.php\/wp-json\/wp\/v2\/posts"}],"about":[{"href":"https:\/\/maxradio923.com.ar\/index.php\/wp-json\/wp\/v2\/types\/post"}],"author":[{"embeddable":true,"href":"https:\/\/maxradio923.com.ar\/index.php\/wp-json\/wp\/v2\/users\/2"}],"replies":[{"embeddable":true,"href":"https:\/\/maxradio923.com.ar\/index.php\/wp-json\/wp\/v2\/comments?post=71819"}],"version-history":[{"count":0,"href":"https:\/\/maxradio923.com.ar\/index.php\/wp-json\/wp\/v2\/posts\/71819\/revisions"}],"wp:featuredmedia":[{"embeddable":true,"href":"https:\/\/maxradio923.com.ar\/index.php\/wp-json\/wp\/v2\/media\/71820"}],"wp:attachment":[{"href":"https:\/\/maxradio923.com.ar\/index.php\/wp-json\/wp\/v2\/media?parent=71819"}],"wp:term":[{"taxonomy":"category","embeddable":true,"href":"https:\/\/maxradio923.com.ar\/index.php\/wp-json\/wp\/v2\/categories?post=71819"},{"taxonomy":"post_tag","embeddable":true,"href":"https:\/\/maxradio923.com.ar\/index.php\/wp-json\/wp\/v2\/tags?post=71819"}],"curies":[{"name":"wp","href":"https:\/\/api.w.org\/{rel}","templated":true}]}}