{"id":71811,"date":"2026-01-14T09:33:04","date_gmt":"2026-01-14T12:33:04","guid":{"rendered":"https:\/\/maxradio923.com.ar\/index.php\/2026\/01\/14\/dinamarca-reforzara-su-defensa-en-groenlandia-y-francia-abrira-un-consulado-ante-las-presiones-de-trump\/"},"modified":"2026-01-14T09:33:04","modified_gmt":"2026-01-14T12:33:04","slug":"dinamarca-reforzara-su-defensa-en-groenlandia-y-francia-abrira-un-consulado-ante-las-presiones-de-trump","status":"publish","type":"post","link":"https:\/\/maxradio923.com.ar\/index.php\/2026\/01\/14\/dinamarca-reforzara-su-defensa-en-groenlandia-y-francia-abrira-un-consulado-ante-las-presiones-de-trump\/","title":{"rendered":"Dinamarca reforzar\u00e1 su defensa en Groenlandia y Francia abrir\u00e1 un consulado ante las presiones de Trump"},"content":{"rendered":"<p><\/p>\n<div xmlns:default=\"http:\/\/www.w3.org\/2000\/svg\">\n<div class=\"visual__image image-initial-width\"><picture><source srcset=\"https:\/\/www.infobae.com\/resizer\/v2\/O4SA45L5SJANBPZJQGRMKDOKXQ.jpg?auth=2afe219397e3ee674d39949d8ee87d2caa6bd4c89915c6fc55bf87eb8c09ddc9&amp;smart=true&amp;width=992&amp;height=661&amp;quality=85\" media=\"(min-width: 1000px)\"\/><source srcset=\"https:\/\/www.infobae.com\/resizer\/v2\/O4SA45L5SJANBPZJQGRMKDOKXQ.jpg?auth=2afe219397e3ee674d39949d8ee87d2caa6bd4c89915c6fc55bf87eb8c09ddc9&amp;smart=true&amp;width=768&amp;height=512&amp;quality=85\" media=\"(min-width: 768px)\"\/><source srcset=\"https:\/\/www.infobae.com\/resizer\/v2\/O4SA45L5SJANBPZJQGRMKDOKXQ.jpg?auth=2afe219397e3ee674d39949d8ee87d2caa6bd4c89915c6fc55bf87eb8c09ddc9&amp;smart=true&amp;width=577&amp;height=385&amp;quality=85\" media=\"(min-width: 580px)\"\/><source srcset=\"https:\/\/www.infobae.com\/resizer\/v2\/O4SA45L5SJANBPZJQGRMKDOKXQ.jpg?auth=2afe219397e3ee674d39949d8ee87d2caa6bd4c89915c6fc55bf87eb8c09ddc9&amp;smart=true&amp;width=420&amp;height=280&amp;quality=85\" media=\"(min-width: 350px)\"\/><source srcset=\"https:\/\/www.infobae.com\/resizer\/v2\/O4SA45L5SJANBPZJQGRMKDOKXQ.jpg?auth=2afe219397e3ee674d39949d8ee87d2caa6bd4c89915c6fc55bf87eb8c09ddc9&amp;smart=true&amp;width=350&amp;height=233&amp;quality=85\" media=\"(min-width: 80px)\"\/><img alt=\"El presidente del Naalakkersuisut, el\" class=\"global-image\" decoding=\"async\" fetchpriority=\"high\" height=\"5405\" loading=\"eager\" src=\"https:\/\/www.infobae.com\/resizer\/v2\/O4SA45L5SJANBPZJQGRMKDOKXQ.jpg?auth=2afe219397e3ee674d39949d8ee87d2caa6bd4c89915c6fc55bf87eb8c09ddc9&amp;smart=true&amp;width=350&amp;height=233&amp;quality=85\" width=\"8108\"\/><\/picture><figcaption class=\"article-figcaption-img\">El presidente del Naalakkersuisut, el primer ministro de Groenlandia Jens-Frederik Nielsen (L) y la primera ministra de Dinamarca Mette Frederiksen hacen una declaraci\u00f3n sobre la situaci\u00f3n actual en una conferencia de prensa en el Sal\u00f3n de los Espejos en la Oficina del Primer Ministro en Copenhague, Dinamarca, 13 de enero de 2026. (Dinamarca, Groenlandia, Copenhague) EFE\/EPA\/LISELOTTE SABROE DENMARK OUT<br \/>\n<\/figcaption><\/div>\n<p class=\"paragraph\">Criticado por Estados Unidos por haber descuidado la defensa de Groenlandia, el ministro de Defensa de Dinamarca afirm\u00f3 el mi\u00e9rcoles que \u201creforzar\u00e1\u201d su presencia militar en el territorio \u00e1rtico y que est\u00e1 en di\u00e1logo con sus aliados de la OTAN.<\/p>\n<p class=\"paragraph\"><b>\u201cSeguiremos reforzando nuestra presencia militar en Groenlandia, pero tambi\u00e9n tendremos un enfoque a\u00fan mayor dentro de la OTAN en m\u00e1s ejercicios y una mayor presencia de la OTAN en el \u00c1rtico\u201d<\/b>, escribi\u00f3 Troels Lund Poulsen en una declaraci\u00f3n a la <i>AFP<\/i>, horas antes de una reuni\u00f3n entre funcionarios groenlandeses, daneses y estadounidenses en la Casa Blanca sobre el futuro del territorio aut\u00f3nomo dan\u00e9s.<\/p>\n<p class=\"paragraph\">Lund Poulsen a\u00f1adi\u00f3 que <b>Dinamarca \u201cmantiene un di\u00e1logo continuo con sus aliados sobre actividades nuevas y mayores en 2026\u201d<\/b>.<\/p>\n<p class=\"paragraph\">El ministro de Exteriores de Francia, Jean-Noel Barrot, ha informado este mi\u00e9rcoles de que el pa\u00eds abrir\u00e1 un consulado el pr\u00f3ximo mes de febrero en Groenlandia, una medida con la que <b>busca estar \u201cm\u00e1s presente\u201d en el territorio dan\u00e9s<\/b>, especialmente a medida que crecen las amenazas del presidente estadounidense, Donald Trump, que aboga por anexionarse la isla.<\/p>\n<div class=\"visual__image\"><picture><source srcset=\"https:\/\/www.infobae.com\/resizer\/v2\/X6VX4CJPWRF4VDSV65TGIYSDJA.JPG?auth=80bc27ff64e98a7d8c6b9b298733dfae4f3bcfe3756a636fda4264f4277ffd4b&amp;smart=true&amp;width=992&amp;height=1488&amp;quality=85\" media=\"(min-width: 1000px)\"\/><source srcset=\"https:\/\/www.infobae.com\/resizer\/v2\/X6VX4CJPWRF4VDSV65TGIYSDJA.JPG?auth=80bc27ff64e98a7d8c6b9b298733dfae4f3bcfe3756a636fda4264f4277ffd4b&amp;smart=true&amp;width=768&amp;height=1152&amp;quality=85\" media=\"(min-width: 768px)\"\/><source srcset=\"https:\/\/www.infobae.com\/resizer\/v2\/X6VX4CJPWRF4VDSV65TGIYSDJA.JPG?auth=80bc27ff64e98a7d8c6b9b298733dfae4f3bcfe3756a636fda4264f4277ffd4b&amp;smart=true&amp;width=577&amp;height=865&amp;quality=85\" media=\"(min-width: 580px)\"\/><source srcset=\"https:\/\/www.infobae.com\/resizer\/v2\/X6VX4CJPWRF4VDSV65TGIYSDJA.JPG?auth=80bc27ff64e98a7d8c6b9b298733dfae4f3bcfe3756a636fda4264f4277ffd4b&amp;smart=true&amp;width=420&amp;height=630&amp;quality=85\" media=\"(min-width: 350px)\"\/><source srcset=\"https:\/\/www.infobae.com\/resizer\/v2\/X6VX4CJPWRF4VDSV65TGIYSDJA.JPG?auth=80bc27ff64e98a7d8c6b9b298733dfae4f3bcfe3756a636fda4264f4277ffd4b&amp;smart=true&amp;width=350&amp;height=525&amp;quality=85\" media=\"(min-width: 80px)\"\/><img alt=\"El presidente franc\u00e9s, Emmanuel Macron,\" class=\"global-image\" decoding=\"async\" fetchpriority=\"low\" height=\"4000\" loading=\"lazy\" src=\"https:\/\/www.infobae.com\/resizer\/v2\/X6VX4CJPWRF4VDSV65TGIYSDJA.JPG?auth=80bc27ff64e98a7d8c6b9b298733dfae4f3bcfe3756a636fda4264f4277ffd4b&amp;smart=true&amp;width=350&amp;height=525&amp;quality=85\" width=\"2667\"\/><\/picture><figcaption class=\"article-figcaption-img\">El presidente franc\u00e9s, Emmanuel Macron, y su esposa, Brigitte Macron. REUTERS\/Benoit Tessier<\/figcaption><\/div>\n<p class=\"paragraph\">En una entrevista con la emisora de radio francesa RTL, el ministro ha subrayado que <b>esto permitir\u00e1 \u201cdar un mensaje pol\u00edtico\u201d sobre lo que est\u00e1 pasando<\/b>, unas palabras que llegan tan solo horas antes de que los ministros de Dinamarca y Groenlandia se re\u00fanan con el secretario de Estado estadounidense, Marco Rubio, y el vicepresidente del pa\u00eds, JD Vance, en la Casa Blanca.<\/p>\n<p class=\"paragraph\">La decisi\u00f3n de abrir este consulado se adopt\u00f3 el pasado verano, cuando el presidente galo, Emmanuel Macron, visit\u00f3 la zona para mostrar el apoyo de Par\u00eds al territorio. <b>\u201cYo, por mi parte, estuve all\u00ed a finales de agosto para planear la apertura del consulado, que abrir\u00e1 sus puertas el 6 de febrero\u201d<\/b>, ha explicado.<\/p>\n<p class=\"paragraph\">\u201cEsto manda un mensaje que est\u00e1 relacionado con el deseo de estar m\u00e1s presentes, tambi\u00e9n en el campo cient\u00edfico.<b> Groenlandia no quiere ser gobernada ni adquirida, ni tampoco integrada en Estados Unidos<\/b>. <b>Groenlandia ha decidido ser danesa, formar parte de la OTAN y de la UE<\/b>\u201d, ha apuntado.<\/p>\n<p class=\"paragraph\">As\u00ed se ha referido a las palabras vertidas por el propio primer ministro groenland\u00e9s, Jens-Frederik Nielsen, que ha insistido en que la isla prefiere formar parte de Dinamarca antes que pasar a ser estadounidense.<\/p>\n<div class=\"visual__image\"><picture><source srcset=\"https:\/\/www.infobae.com\/resizer\/v2\/ZW7DW5QIIFCINESLLDATBL4W3E.jpg?auth=56e367c74963646e30ab3438e131aade1cbb5521bf1faf7f7d57e1462066e9d9&amp;smart=true&amp;width=992&amp;height=646&amp;quality=85\" media=\"(min-width: 1000px)\"\/><source srcset=\"https:\/\/www.infobae.com\/resizer\/v2\/ZW7DW5QIIFCINESLLDATBL4W3E.jpg?auth=56e367c74963646e30ab3438e131aade1cbb5521bf1faf7f7d57e1462066e9d9&amp;smart=true&amp;width=768&amp;height=500&amp;quality=85\" media=\"(min-width: 768px)\"\/><source srcset=\"https:\/\/www.infobae.com\/resizer\/v2\/ZW7DW5QIIFCINESLLDATBL4W3E.jpg?auth=56e367c74963646e30ab3438e131aade1cbb5521bf1faf7f7d57e1462066e9d9&amp;smart=true&amp;width=577&amp;height=376&amp;quality=85\" media=\"(min-width: 580px)\"\/><source srcset=\"https:\/\/www.infobae.com\/resizer\/v2\/ZW7DW5QIIFCINESLLDATBL4W3E.jpg?auth=56e367c74963646e30ab3438e131aade1cbb5521bf1faf7f7d57e1462066e9d9&amp;smart=true&amp;width=420&amp;height=273&amp;quality=85\" media=\"(min-width: 350px)\"\/><source srcset=\"https:\/\/www.infobae.com\/resizer\/v2\/ZW7DW5QIIFCINESLLDATBL4W3E.jpg?auth=56e367c74963646e30ab3438e131aade1cbb5521bf1faf7f7d57e1462066e9d9&amp;smart=true&amp;width=350&amp;height=228&amp;quality=85\" media=\"(min-width: 80px)\"\/><img alt=\"Casas en Groenlandia.\" class=\"global-image\" decoding=\"async\" fetchpriority=\"low\" height=\"1250\" loading=\"lazy\" src=\"https:\/\/www.infobae.com\/resizer\/v2\/ZW7DW5QIIFCINESLLDATBL4W3E.jpg?auth=56e367c74963646e30ab3438e131aade1cbb5521bf1faf7f7d57e1462066e9d9&amp;smart=true&amp;width=350&amp;height=228&amp;quality=85\" width=\"1920\"\/><\/picture><figcaption class=\"article-figcaption-img\">Casas en Groenlandia.<\/figcaption><\/div>\n<p class=\"paragraph\">Donald Trump, ha rechazado las declaraciones del primer ministro de Groenlandia, despu\u00e9s de que reiterara que la isla quiere seguir bajo soberan\u00eda de Dinamarca, y ha afirmado que esa postura \u201cva a ser un gran problema para \u00e9l\u201d, en medio de las exigencias de Washington para anexionar este territorio.<\/p>\n<p class=\"paragraph\"><b>\u201cNo s\u00e9 qui\u00e9n es ni s\u00e9 nada sobre \u00e9l, pero eso va a ser un gran problema para \u00e9l\u201d<\/b>, ha dicho Trump, quien ha subrayado que <b>\u201cno est\u00e1 de acuerdo\u201d con Nielsen<\/b>, quien el martes asegur\u00f3 que en caso de tener que tomar una decisi\u00f3n sobre el futuro del territorio, prefiere \u201cla Groenlandia de ahora\u201d, que \u201ces danesa y no estadounidense\u201d.<\/p>\n<p class=\"paragraph\">As\u00ed, Nielsen destac\u00f3 en una rueda de prensa con la primera ministra danesa, Mette Frederiksen, que Groenlandia quiere seguir dentro de <b>\u201cDinamarca, la Uni\u00f3n Europea (UE) y la OTAN\u201d<\/b>. \u201cEste no es el momento de divisiones y discusiones, es el momento de permanecer unidos y seguir construyendo en base a la comunidad que ya tenemos\u201d, esgrimi\u00f3.<\/p>\n<div class=\"visual__image\"><picture><source srcset=\"https:\/\/www.infobae.com\/resizer\/v2\/ZY2R4EDIPBBPFHXDDRYVMF5IAI.jpg?auth=87d0b08b9173ac7d0374bc84e67e960ee6476f07040a7cb19bcd293d176e4c98&amp;smart=true&amp;width=992&amp;height=661&amp;quality=85\" media=\"(min-width: 1000px)\"\/><source srcset=\"https:\/\/www.infobae.com\/resizer\/v2\/ZY2R4EDIPBBPFHXDDRYVMF5IAI.jpg?auth=87d0b08b9173ac7d0374bc84e67e960ee6476f07040a7cb19bcd293d176e4c98&amp;smart=true&amp;width=768&amp;height=512&amp;quality=85\" media=\"(min-width: 768px)\"\/><source srcset=\"https:\/\/www.infobae.com\/resizer\/v2\/ZY2R4EDIPBBPFHXDDRYVMF5IAI.jpg?auth=87d0b08b9173ac7d0374bc84e67e960ee6476f07040a7cb19bcd293d176e4c98&amp;smart=true&amp;width=577&amp;height=385&amp;quality=85\" media=\"(min-width: 580px)\"\/><source srcset=\"https:\/\/www.infobae.com\/resizer\/v2\/ZY2R4EDIPBBPFHXDDRYVMF5IAI.jpg?auth=87d0b08b9173ac7d0374bc84e67e960ee6476f07040a7cb19bcd293d176e4c98&amp;smart=true&amp;width=420&amp;height=280&amp;quality=85\" media=\"(min-width: 350px)\"\/><source srcset=\"https:\/\/www.infobae.com\/resizer\/v2\/ZY2R4EDIPBBPFHXDDRYVMF5IAI.jpg?auth=87d0b08b9173ac7d0374bc84e67e960ee6476f07040a7cb19bcd293d176e4c98&amp;smart=true&amp;width=350&amp;height=233&amp;quality=85\" media=\"(min-width: 80px)\"\/><img alt=\"El presidente norteamericano Donald Trump.\" class=\"global-image\" decoding=\"async\" fetchpriority=\"low\" height=\"1280\" loading=\"lazy\" src=\"https:\/\/www.infobae.com\/resizer\/v2\/ZY2R4EDIPBBPFHXDDRYVMF5IAI.jpg?auth=87d0b08b9173ac7d0374bc84e67e960ee6476f07040a7cb19bcd293d176e4c98&amp;smart=true&amp;width=350&amp;height=233&amp;quality=85\" width=\"1920\"\/><\/picture><figcaption class=\"article-figcaption-img\">El presidente norteamericano Donald Trump.<\/figcaption><\/div>\n<p class=\"paragraph\">El primer ministro de Groenlandia lament\u00f3 adem\u00e1s las \u201cinaceptables\u201d amenazas de Trump contra la isla y reconoci\u00f3 que se trata de \u201cuna crisis geopol\u00edtica\u201d.<b> \u201cGroenlandia espera que el di\u00e1logo fluya con respeto y teniendo siempre en cuenta la posici\u00f3n constitucional de Groenlandia, as\u00ed como el Derecho Internacional y el derecho de la poblaci\u00f3n a la autodeterminaci\u00f3n\u201d<\/b>, zanj\u00f3.<\/p>\n<p class=\"paragraph\"><i>(con informaci\u00f3n de AFP y EP)<\/i><\/p>\n<\/div>\n<p><script defer=\"\">try{!function(f,b,e,v,n,t,s) {if(f.fbq)return;n=f.fbq=function(){n.callMethod? n.callMethod.apply(n,arguments):n.queue.push(arguments)}; if(!f._fbq)f._fbq=n;n.push=n;n.loaded=!0;n.version='2.0'; n.queue=[];t=b.createElement(e);t.async=!0; t.src=v;s=b.getElementsByTagName(e)[0]; s.parentNode.insertBefore(t,s)}(window, document,'script', ' fbq('init', '336383993555320'); fbq('track', 'PageView'); fbq('track', 'ViewContent');}catch(error){console.log(\"Error al inicializar facebookPixelRawCodeScript:\",error);}<\/script><\/p>\n","protected":false},"excerpt":{"rendered":"<p>El presidente del Naalakkersuisut, el primer ministro de Groenlandia Jens-Frederik Nielsen (L) y la primera ministra de Dinamarca Mette Frederiksen hacen una declaraci\u00f3n sobre la situaci\u00f3n actual en una conferencia de prensa en el Sal\u00f3n de los Espejos en la Oficina del Primer Ministro en Copenhague, Dinamarca, 13 de enero de 2026. (Dinamarca, Groenlandia, Copenhague) [&hellip;]<\/p>\n","protected":false},"author":2,"featured_media":71812,"comment_status":"","ping_status":"","sticky":false,"template":"","format":"standard","meta":{"footnotes":""},"categories":[3],"tags":[],"_links":{"self":[{"href":"https:\/\/maxradio923.com.ar\/index.php\/wp-json\/wp\/v2\/posts\/71811"}],"collection":[{"href":"https:\/\/maxradio923.com.ar\/index.php\/wp-json\/wp\/v2\/posts"}],"about":[{"href":"https:\/\/maxradio923.com.ar\/index.php\/wp-json\/wp\/v2\/types\/post"}],"author":[{"embeddable":true,"href":"https:\/\/maxradio923.com.ar\/index.php\/wp-json\/wp\/v2\/users\/2"}],"replies":[{"embeddable":true,"href":"https:\/\/maxradio923.com.ar\/index.php\/wp-json\/wp\/v2\/comments?post=71811"}],"version-history":[{"count":0,"href":"https:\/\/maxradio923.com.ar\/index.php\/wp-json\/wp\/v2\/posts\/71811\/revisions"}],"wp:featuredmedia":[{"embeddable":true,"href":"https:\/\/maxradio923.com.ar\/index.php\/wp-json\/wp\/v2\/media\/71812"}],"wp:attachment":[{"href":"https:\/\/maxradio923.com.ar\/index.php\/wp-json\/wp\/v2\/media?parent=71811"}],"wp:term":[{"taxonomy":"category","embeddable":true,"href":"https:\/\/maxradio923.com.ar\/index.php\/wp-json\/wp\/v2\/categories?post=71811"},{"taxonomy":"post_tag","embeddable":true,"href":"https:\/\/maxradio923.com.ar\/index.php\/wp-json\/wp\/v2\/tags?post=71811"}],"curies":[{"name":"wp","href":"https:\/\/api.w.org\/{rel}","templated":true}]}}